{"id":30882487,"date":"2024-05-31T09:56:53","date_gmt":"2024-05-31T07:56:53","guid":{"rendered":"https:\/\/www.upo.es\/diario\/?p=30882487"},"modified":"2024-05-31T13:57:04","modified_gmt":"2024-05-31T11:57:04","slug":"una-nueva-promocion-del-grado-en-nutricion-humana-y-dietetica-se-gradua-en-la-upo","status":"publish","type":"post","link":"https:\/\/www.upo.es\/diario\/comunidad\/2024\/05\/una-nueva-promocion-del-grado-en-nutricion-humana-y-dietetica-se-gradua-en-la-upo\/","title":{"rendered":"Una nueva promoci\u00f3n del Grado en Nutrici\u00f3n Humana y Diet\u00e9tica se grad\u00faa en la UPO"},"content":{"rendered":"<figure id=\"attachment_30882490\" aria-describedby=\"caption-attachment-30882490\" style=\"width: 750px\" class=\"wp-caption aligncenter\"><a href=\"https:\/\/www.upo.es\/diario\/wp-content\/uploads\/2024\/05\/Promocion_NHD-scaled.jpg\"><img loading=\"lazy\" decoding=\"async\" class=\"size-large wp-image-30882490\" src=\"https:\/\/www.upo.es\/diario\/wp-content\/uploads\/2024\/05\/Promocion_NHD-750x469.jpg\" alt=\"\" width=\"750\" height=\"469\" srcset=\"https:\/\/www.upo.es\/diario\/wp-content\/uploads\/2024\/05\/Promocion_NHD-750x469.jpg 750w, https:\/\/www.upo.es\/diario\/wp-content\/uploads\/2024\/05\/Promocion_NHD-420x263.jpg 420w, https:\/\/www.upo.es\/diario\/wp-content\/uploads\/2024\/05\/Promocion_NHD-768x481.jpg 768w, https:\/\/www.upo.es\/diario\/wp-content\/uploads\/2024\/05\/Promocion_NHD-1536x961.jpg 1536w, https:\/\/www.upo.es\/diario\/wp-content\/uploads\/2024\/05\/Promocion_NHD-2048x1282.jpg 2048w, https:\/\/www.upo.es\/diario\/wp-content\/uploads\/2024\/05\/Promocion_NHD-1320x826.jpg 1320w\" sizes=\"auto, (max-width: 750px) 100vw, 750px\" \/><\/a><figcaption id=\"caption-attachment-30882490\" class=\"wp-caption-text\">Promoci\u00f3n 2020\/2024 del Grado en Nutrici\u00f3n Humana y Diet\u00e9tica.<\/figcaption><\/figure>\n<p>La ceremonia de egresados y egresadas de la p<strong>romoci\u00f3n 2020\/2024 del Grado en Nutrici\u00f3n Humana y Diet\u00e9tica<\/strong> se celebr\u00f3 el pasado mi\u00e9rcoles en el Paraninfo de la Universidad Pablo de Olavide. El acto fue presidido por Juan Carlos Rodr\u00edguez Aguilera, decano de la Facultad de Ciencias Experimentales.<\/p>\n<figure id=\"attachment_30882489\" aria-describedby=\"caption-attachment-30882489\" style=\"width: 420px\" class=\"wp-caption alignright\"><a href=\"https:\/\/www.upo.es\/diario\/wp-content\/uploads\/2024\/05\/5e27b38d-753b-41d7-9a2d-e091963bd509-scaled.jpg\"><img loading=\"lazy\" decoding=\"async\" class=\"wp-image-30882489 size-medium\" src=\"https:\/\/www.upo.es\/diario\/wp-content\/uploads\/2024\/05\/5e27b38d-753b-41d7-9a2d-e091963bd509-420x237.jpg\" alt=\"Madrina egresados NHD\" width=\"420\" height=\"237\" srcset=\"https:\/\/www.upo.es\/diario\/wp-content\/uploads\/2024\/05\/5e27b38d-753b-41d7-9a2d-e091963bd509-420x237.jpg 420w, https:\/\/www.upo.es\/diario\/wp-content\/uploads\/2024\/05\/5e27b38d-753b-41d7-9a2d-e091963bd509-750x422.jpg 750w, https:\/\/www.upo.es\/diario\/wp-content\/uploads\/2024\/05\/5e27b38d-753b-41d7-9a2d-e091963bd509-768x432.jpg 768w, https:\/\/www.upo.es\/diario\/wp-content\/uploads\/2024\/05\/5e27b38d-753b-41d7-9a2d-e091963bd509-1536x865.jpg 1536w, https:\/\/www.upo.es\/diario\/wp-content\/uploads\/2024\/05\/5e27b38d-753b-41d7-9a2d-e091963bd509-2048x1153.jpg 2048w, https:\/\/www.upo.es\/diario\/wp-content\/uploads\/2024\/05\/5e27b38d-753b-41d7-9a2d-e091963bd509-1320x743.jpg 1320w\" sizes=\"auto, (max-width: 420px) 100vw, 420px\" \/><\/a><figcaption id=\"caption-attachment-30882489\" class=\"wp-caption-text\">La directora del \u00c1rea de Nutrici\u00f3n de la Cl\u00ednica Pedi\u00e1trica del IHP, Mar\u00eda Rodr\u00edguez, ha sido la madrina de la promoci\u00f3n.<\/figcaption><\/figure>\n<p>La madrina de la promoci\u00f3n ha sido <strong>Mar\u00eda Rodr\u00edguez Lazo, directora del \u00c1rea de Nutrici\u00f3n de la Cl\u00ednica Pedi\u00e1trica del IHP<\/strong>. A la ceremonia tambi\u00e9n asistieron Blanca Escudero L\u00f3pez, profesora del \u00c1rea de Nutrici\u00f3n y Bromatolog\u00eda de la UPO, como invitada de honor; Soledad Fern\u00e1ndez Pach\u00f3n, directora acad\u00e9mica del Grado en Nutrici\u00f3n Humana y Diet\u00e9tica; e Ildefonsa S\u00e1nchez (CODINAN).<\/p>\n<p>En representaci\u00f3n del alumnado egresado, pronunci\u00f3 el discurso G\u00e9nesis Maydeline P\u00e9rez Arreaga. Un total de 48 egresados y egresadas asistieron, junto a sus familiares, a este acto con el que la Universidad Pablo de Olavide recupera una antigua tradici\u00f3n de las universidades europeas.<\/p>\n<p>&nbsp;<\/p>\n<p>&nbsp;<\/p>\n","protected":false},"excerpt":{"rendered":"<p>La ceremonia de egresados y egresadas de la promoci\u00f3n 2020\/2024 del Grado en Nutrici\u00f3n Humana y Diet\u00e9tica se celebr\u00f3 en el Paraninfo de la Universidad Pablo de Olavide. El acto fue presidido por Juan Carlos Rodr\u00edguez Aguilera, decano de la Facultad de Ciencias Experimentales.<\/p>\n","protected":false},"author":4,"featured_media":30882491,"comment_status":"closed","ping_status":"open","sticky":false,"template":"","format":"standard","meta":{"_monsterinsights_skip_tracking":false,"_monsterinsights_sitenote_active":false,"_monsterinsights_sitenote_note":"","_monsterinsights_sitenote_category":0,"footnotes":""},"categories":[5842],"tags":[581,122,1456],"class_list":["post-30882487","post","type-post","status-publish","format-standard","has-post-thumbnail","hentry","category-comunidad","tag-ceremonia-de-egresados","tag-facultad-ciencias-experimentales","tag-grado-en-nutricion-humana-y-dietetica"],"_links":{"self":[{"href":"https:\/\/www.upo.es\/diario\/wp-json\/wp\/v2\/posts\/30882487","targetHints":{"allow":["GET"]}}],"collection":[{"href":"https:\/\/www.upo.es\/diario\/wp-json\/wp\/v2\/posts"}],"about":[{"href":"https:\/\/www.upo.es\/diario\/wp-json\/wp\/v2\/types\/post"}],"author":[{"embeddable":true,"href":"https:\/\/www.upo.es\/diario\/wp-json\/wp\/v2\/users\/4"}],"replies":[{"embeddable":true,"href":"https:\/\/www.upo.es\/diario\/wp-json\/wp\/v2\/comments?post=30882487"}],"version-history":[{"count":1,"href":"https:\/\/www.upo.es\/diario\/wp-json\/wp\/v2\/posts\/30882487\/revisions"}],"predecessor-version":[{"id":30882492,"href":"https:\/\/www.upo.es\/diario\/wp-json\/wp\/v2\/posts\/30882487\/revisions\/30882492"}],"wp:featuredmedia":[{"embeddable":true,"href":"https:\/\/www.upo.es\/diario\/wp-json\/wp\/v2\/media\/30882491"}],"wp:attachment":[{"href":"https:\/\/www.upo.es\/diario\/wp-json\/wp\/v2\/media?parent=30882487"}],"wp:term":[{"taxonomy":"category","embeddable":true,"href":"https:\/\/www.upo.es\/diario\/wp-json\/wp\/v2\/categories?post=30882487"},{"taxonomy":"post_tag","embeddable":true,"href":"https:\/\/www.upo.es\/diario\/wp-json\/wp\/v2\/tags?post=30882487"}],"curies":[{"name":"wp","href":"https:\/\/api.w.org\/{rel}","templated":true}]}}