{"id":30882515,"date":"2024-06-04T08:58:35","date_gmt":"2024-06-04T06:58:35","guid":{"rendered":"https:\/\/www.upo.es\/diario\/?p=30882515"},"modified":"2024-06-04T16:01:25","modified_gmt":"2024-06-04T14:01:25","slug":"comienza-en-la-upo-el-iv-seminario-sobre-derechos-humanos-migraciones-y-genero","status":"publish","type":"post","link":"https:\/\/www.upo.es\/diario\/docencia-formacion\/2024\/06\/comienza-en-la-upo-el-iv-seminario-sobre-derechos-humanos-migraciones-y-genero\/","title":{"rendered":"Comienza en la UPO el IV Seminario sobre Derechos Humanos, Migraciones y G\u00e9nero"},"content":{"rendered":"<figure id=\"attachment_30882517\" aria-describedby=\"caption-attachment-30882517\" style=\"width: 750px\" class=\"wp-caption aligncenter\"><a href=\"https:\/\/www.upo.es\/diario\/wp-content\/uploads\/2024\/06\/Sem-DDHH-Migraciones-9065-scaled.jpg\"><img loading=\"lazy\" decoding=\"async\" class=\"wp-image-30882517 size-large\" src=\"https:\/\/www.upo.es\/diario\/wp-content\/uploads\/2024\/06\/Sem-DDHH-Migraciones-9065-750x338.jpg\" alt=\"Teresa Terr\u00f3n, Juan M. G\u00f3mez Espino y Encarnaci\u00f3n Pedrero en la presentaci\u00f3n del Seminario\" width=\"750\" height=\"338\" srcset=\"https:\/\/www.upo.es\/diario\/wp-content\/uploads\/2024\/06\/Sem-DDHH-Migraciones-9065-750x338.jpg 750w, https:\/\/www.upo.es\/diario\/wp-content\/uploads\/2024\/06\/Sem-DDHH-Migraciones-9065-420x189.jpg 420w, https:\/\/www.upo.es\/diario\/wp-content\/uploads\/2024\/06\/Sem-DDHH-Migraciones-9065-768x346.jpg 768w, https:\/\/www.upo.es\/diario\/wp-content\/uploads\/2024\/06\/Sem-DDHH-Migraciones-9065-1536x691.jpg 1536w, https:\/\/www.upo.es\/diario\/wp-content\/uploads\/2024\/06\/Sem-DDHH-Migraciones-9065-2048x922.jpg 2048w, https:\/\/www.upo.es\/diario\/wp-content\/uploads\/2024\/06\/Sem-DDHH-Migraciones-9065-1320x594.jpg 1320w\" sizes=\"auto, (max-width: 750px) 100vw, 750px\" \/><\/a><figcaption id=\"caption-attachment-30882517\" class=\"wp-caption-text\">Teresa Terr\u00f3n, Juan M. G\u00f3mez Espino y Encarnaci\u00f3n Pedrero en la presentaci\u00f3n del Seminario<\/figcaption><\/figure>\n<p><strong>Teresa Terr\u00f3n<\/strong>, investigadora del Grupo de Investigaci\u00f3n Acci\u00f3n Socioeducativa (GIAS), que desarrolla en la Universidad Pablo de Olavide estudios sobre &#8216;Migraciones, derechos humanos y educaci\u00f3n: procesos migratorios, inclusi\u00f3n, participaci\u00f3n social y gesti\u00f3n de la diversidad cultural&#8217;, ha presentado esta ma\u00f1ana la <a href=\"https:\/\/eventos.upo.es\/116844\/detail\/iv-seminario-internacional-lderechos-humanos-migraciones-y-genero-una-mirada-transnacionalr-.html\">IV edici\u00f3n del Seminario &#8216;Derechos Humanos, Migraciones y G\u00e9nero: una mirada transnacional&#8217;<\/a>. Organizado en torno a ponencias y mesas de debate, las jornadas cuentan con la participaci\u00f3n de entidades y asociaciones, adem\u00e1s de expertas y expertos universitarios\u00a0 en los procesos migratorios desde una perspectiva de g\u00e9nero.<\/p>\n<p><a href=\"https:\/\/www.upo.es\/diario\/wp-content\/uploads\/2024\/06\/Sem-DDHH-Migraciones-9051-scaled.jpg\"><img loading=\"lazy\" decoding=\"async\" class=\"alignleft size-medium wp-image-30882518\" src=\"https:\/\/www.upo.es\/diario\/wp-content\/uploads\/2024\/06\/Sem-DDHH-Migraciones-9051-420x236.jpg\" alt=\"\" width=\"420\" height=\"236\" srcset=\"https:\/\/www.upo.es\/diario\/wp-content\/uploads\/2024\/06\/Sem-DDHH-Migraciones-9051-420x236.jpg 420w, https:\/\/www.upo.es\/diario\/wp-content\/uploads\/2024\/06\/Sem-DDHH-Migraciones-9051-750x422.jpg 750w, https:\/\/www.upo.es\/diario\/wp-content\/uploads\/2024\/06\/Sem-DDHH-Migraciones-9051-768x432.jpg 768w, https:\/\/www.upo.es\/diario\/wp-content\/uploads\/2024\/06\/Sem-DDHH-Migraciones-9051-1536x864.jpg 1536w, https:\/\/www.upo.es\/diario\/wp-content\/uploads\/2024\/06\/Sem-DDHH-Migraciones-9051-2048x1152.jpg 2048w, https:\/\/www.upo.es\/diario\/wp-content\/uploads\/2024\/06\/Sem-DDHH-Migraciones-9051-1320x743.jpg 1320w\" sizes=\"auto, (max-width: 420px) 100vw, 420px\" \/><\/a>El decano de la Facultad de Ciencias Sociales, <strong>Juan Miguel G\u00f3mez Espino<\/strong>, que ha asistido tambi\u00e9n a la presentaci\u00f3n del Seminario junto a <strong>Encarnaci\u00f3n Pedrero<\/strong>, directora del Departamento de Educaci\u00f3n y Psicolog\u00eda Social de la UPO, ha reivindicado la perspectiva de g\u00e9nero como una parte integral de los derechos sociales y la metodolog\u00eda investigadora de GIAS, que aborda la problem\u00e1tica no solo visibiliz\u00e1ndola sino \u00abaportando las claves del \u00e9xito y de la resiliencia en contextos especialmente dif\u00edciles para las mujeres como son las migraciones\u00bb.<\/p>\n<p>Este Seminario trata de favorecer el avance cient\u00edfico desde el debate y la reflexi\u00f3n, y da continuidad a proyectos europeos desarrollados en la Olavide como &#8216;<a href=\"https:\/\/www.upo.es\/diario\/docencia-formacion\/2022\/09\/proyecto-voices-inmigrant-women-presenta-recomendaciones-integracion-mujeres-migrantes\/\">Voices of Inmigrant Women<\/a>&#8216;, &#8216;<a href=\"https:\/\/www.upo.es\/diario\/ciencia\/2013\/03\/la-upo-crea-gendercit-red-cientifica-internacional-para-impulsar-estudios-en-torno-a-la-mujer\/\">Gendercit: Gender and Citizenship<\/a>&#8216;, &#8216;Procesos migratorios femeninos internacionales en Andaluc\u00eda. Desaf\u00edos y aportaciones para una gobernanza democr\u00e1tica&#8217;, un proyecto financiado con fondos FEDER y por la Junta de Andaluc\u00eda. Adem\u00e1s, el programa, que contin\u00faa ma\u00f1ana mi\u00e9rcoles, trata de crear un punto de encuentro entre el Tercer Sector y la academia y fortalecer una red de investigadores e investigadoras sobre Derechos Humanos, migraciones, atenci\u00f3n a la diversidad cultural y g\u00e9nero.<\/p>\n","protected":false},"excerpt":{"rendered":"<p>Teresa Terr\u00f3n, investigadora del Grupo de Investigaci\u00f3n Acci\u00f3n Socioeducativa (GIAS), que desarrolla en la Universidad Pablo de Olavide estudios sobre &#8216;Migraciones, derechos humanos y educaci\u00f3n: procesos migratorios, inclusi\u00f3n, participaci\u00f3n social y gesti\u00f3n de la diversidad cultural&#8217;, ha presentado esta ma\u00f1ana la IV edici\u00f3n del Seminario &#8216;Derechos Humanos, Migraciones y G\u00e9nero: una mirada transnacional&#8217;.<\/p>\n","protected":false},"author":6,"featured_media":30882518,"comment_status":"closed","ping_status":"open","sticky":false,"template":"","format":"standard","meta":{"_monsterinsights_skip_tracking":false,"_monsterinsights_sitenote_active":false,"_monsterinsights_sitenote_note":"","_monsterinsights_sitenote_category":0,"footnotes":""},"categories":[2779],"tags":[92,628,2706,2492,6216,6022,146,6975],"class_list":["post-30882515","post","type-post","status-publish","format-standard","has-post-thumbnail","hentry","category-docencia-formacion","tag-derechos-humanos","tag-educacion-social","tag-estudios-de-genero","tag-exclusion","tag-migraciones","tag-migrantes","tag-sociedad","tag-voices-of-immigrant-women"],"_links":{"self":[{"href":"https:\/\/www.upo.es\/diario\/wp-json\/wp\/v2\/posts\/30882515","targetHints":{"allow":["GET"]}}],"collection":[{"href":"https:\/\/www.upo.es\/diario\/wp-json\/wp\/v2\/posts"}],"about":[{"href":"https:\/\/www.upo.es\/diario\/wp-json\/wp\/v2\/types\/post"}],"author":[{"embeddable":true,"href":"https:\/\/www.upo.es\/diario\/wp-json\/wp\/v2\/users\/6"}],"replies":[{"embeddable":true,"href":"https:\/\/www.upo.es\/diario\/wp-json\/wp\/v2\/comments?post=30882515"}],"version-history":[{"count":3,"href":"https:\/\/www.upo.es\/diario\/wp-json\/wp\/v2\/posts\/30882515\/revisions"}],"predecessor-version":[{"id":30882520,"href":"https:\/\/www.upo.es\/diario\/wp-json\/wp\/v2\/posts\/30882515\/revisions\/30882520"}],"wp:featuredmedia":[{"embeddable":true,"href":"https:\/\/www.upo.es\/diario\/wp-json\/wp\/v2\/media\/30882518"}],"wp:attachment":[{"href":"https:\/\/www.upo.es\/diario\/wp-json\/wp\/v2\/media?parent=30882515"}],"wp:term":[{"taxonomy":"category","embeddable":true,"href":"https:\/\/www.upo.es\/diario\/wp-json\/wp\/v2\/categories?post=30882515"},{"taxonomy":"post_tag","embeddable":true,"href":"https:\/\/www.upo.es\/diario\/wp-json\/wp\/v2\/tags?post=30882515"}],"curies":[{"name":"wp","href":"https:\/\/api.w.org\/{rel}","templated":true}]}}