{"id":30882530,"date":"2024-06-05T00:54:35","date_gmt":"2024-06-04T22:54:35","guid":{"rendered":"https:\/\/www.upo.es\/diario\/?p=30882530"},"modified":"2024-06-06T14:02:04","modified_gmt":"2024-06-06T12:02:04","slug":"trinity-college-dublin-y-la-pablo-de-olavide-organizan-dos-seminarios-sobre-entornos-emprendedores","status":"publish","type":"post","link":"https:\/\/www.upo.es\/diario\/docencia-formacion\/2024\/06\/trinity-college-dublin-y-la-pablo-de-olavide-organizan-dos-seminarios-sobre-entornos-emprendedores\/","title":{"rendered":"Trinity College Dublin y la Universidad Pablo de Olavide organizan dos seminarios sobre entornos emprendedores"},"content":{"rendered":"<p><a href=\"https:\/\/www.upo.es\/diario\/wp-content\/uploads\/2024\/06\/UPO-TCD_workshop.jpeg\"><img loading=\"lazy\" decoding=\"async\" class=\"aligncenter wp-image-30882542 size-large\" src=\"https:\/\/www.upo.es\/diario\/wp-content\/uploads\/2024\/06\/UPO-TCD_workshop-e1717588702610-733x525.jpeg\" alt=\"\" width=\"733\" height=\"525\" srcset=\"https:\/\/www.upo.es\/diario\/wp-content\/uploads\/2024\/06\/UPO-TCD_workshop-e1717588702610-733x525.jpeg 733w, https:\/\/www.upo.es\/diario\/wp-content\/uploads\/2024\/06\/UPO-TCD_workshop-e1717588702610-420x301.jpeg 420w, https:\/\/www.upo.es\/diario\/wp-content\/uploads\/2024\/06\/UPO-TCD_workshop-e1717588702610-768x550.jpeg 768w, https:\/\/www.upo.es\/diario\/wp-content\/uploads\/2024\/06\/UPO-TCD_workshop-e1717588702610-1536x1100.jpeg 1536w, https:\/\/www.upo.es\/diario\/wp-content\/uploads\/2024\/06\/UPO-TCD_workshop-e1717588702610-1320x946.jpeg 1320w, https:\/\/www.upo.es\/diario\/wp-content\/uploads\/2024\/06\/UPO-TCD_workshop-e1717588702610.jpeg 1985w\" sizes=\"auto, (max-width: 733px) 100vw, 733px\" \/><\/a>Profesorado de la Universidad Pablo de Olavide y de la Trinity Business School (Trinity College Dublin) han organizado los seminarios &#8216;<strong><em>The New Generation of Entrepreneurship: Accelerators, New Business Models, and Entrepreneurial Ecosystems<\/em><\/strong>&#8216; y &#8216;<strong><em>New Perspectives on Entrepreneurial Diversity and Well-being: Implications for Theory and Practice<\/em><\/strong>&#8216;, celebrados en Dubl\u00edn y coordinados por la catedr\u00e1tica de Organizaci\u00f3n de Empresas de la UPO Ana P\u00e9rez-Lu\u00f1o.<\/p>\n<p>El comit\u00e9 cient\u00edfico del primer <em>workshop, <\/em>centrado en ecosistemas emprendedores, ha estado liderado por <strong>Carmen Cabello<\/strong>, junto con otros profesores del Departamento de Organizaci\u00f3n de Empresas y Marketing de la Olavide, como Antonio Carmona, Mar\u00eda Fuentes y Elena Jim\u00e9nez, y por Vesna Savic, alumni de la UPO y profesora del Departamento de Empresa de la Universidad de Barcelona . Este seminario ha contado con la presencia de <strong>Bart Clarysse<\/strong>, ETH Zurich, y <strong>Nicola del Sarto<\/strong>, Universidad de Florencia, como principales profesores invitados.<\/p>\n<p><a href=\"https:\/\/www.upo.es\/diario\/wp-content\/uploads\/2024\/06\/IMG_0758-e1717589022247.jpg\"><img loading=\"lazy\" decoding=\"async\" class=\"alignright size-medium wp-image-30882543\" src=\"https:\/\/www.upo.es\/diario\/wp-content\/uploads\/2024\/06\/IMG_0758-e1717589022247-420x263.jpg\" alt=\"\" width=\"420\" height=\"263\" srcset=\"https:\/\/www.upo.es\/diario\/wp-content\/uploads\/2024\/06\/IMG_0758-e1717589022247-420x263.jpg 420w, https:\/\/www.upo.es\/diario\/wp-content\/uploads\/2024\/06\/IMG_0758-e1717589022247.jpg 640w\" sizes=\"auto, (max-width: 420px) 100vw, 420px\" \/><\/a>Por otra parte, el <em>workshop<\/em> sobre bienestar y diversidad en emprendimiento ha sido dirigido por <strong>Ana P\u00e9rez-Lu\u00f1o<\/strong>, Johan Wiklund y Ute Stephan, integrantes del <a href=\"https:\/\/www.upo.es\/inn-lab\">INN-LAB<\/a>, centro propio de la UPO que investiga sobre innovaci\u00f3n y empresa familiar, y de <a href=\"https:\/\/www.upo.es\/investiga\/ecreabien\/\">ECREABIEN<\/a>, proyecto internacional sobre &#8216;Emprendimiento, creatividad y bienestar psicosocial con un enfoque de g\u00e9nero&#8217;. El programa de este seminario ha contado con la participaci\u00f3n del decano y el director de postgrado de la Trinity Business School, <strong>Laurent Muzellec<\/strong>, y de David Collings, responsable de la c\u00e1tedra de Empresa Sostenible en este centro.<\/p>\n<p>Ambos <em>workshops<\/em> han permitido crear un foro de debate y reflexi\u00f3n sobre las aceleradoras de empresas, el bienestar emprendedor y la diversidad de estos entornos. Nuevas ideas sobre la salud mental y el bienestar emprendedor; nuevas percepciones sobre la neuro-diversidad y el bienestar emprendedor; la naturaleza como\u00a0 recurso y estrategia de recuperaci\u00f3n para mejorar el bienestar emprendedor; el papel de las aspiraciones de identidad emprendedora para el florecimiento organizacional; o c\u00f3mo la IA puede ser \u00fatil para los emprendedores; la influencia del origen social en el bienestar de los emprendedores; o c\u00f3mo dise\u00f1ar capacitaci\u00f3n profesional para emprendedores <em>neurodiversos<\/em>, han sido algunos de los temas tratados junto a otras reflexiones sobre las diferencias en c\u00f3mo las ciencias m\u00e9dicas y del emprendimiento abordan este \u00e1mbito de investigaci\u00f3n.<\/p>\n","protected":false},"excerpt":{"rendered":"<p>Profesorado de la Universidad Pablo de Olavide y de la Trinity Business School (Trinity College Dublin) han organizado los seminarios &#8216;The New Generation of Entrepreneurship: Accelerators, New Business Models, and Entrepreneurial Ecosystems&#8217; y &#8216;New Perspectives on Entrepreneurial Diversity and Well-being: Implications for Theory and Practice&#8217;, celebrados en Dubl\u00edn.<\/p>\n","protected":false},"author":6,"featured_media":30882543,"comment_status":"closed","ping_status":"open","sticky":false,"template":"","format":"standard","meta":{"_monsterinsights_skip_tracking":false,"_monsterinsights_sitenote_active":false,"_monsterinsights_sitenote_note":"","_monsterinsights_sitenote_category":0,"footnotes":""},"categories":[2779],"tags":[],"class_list":["post-30882530","post","type-post","status-publish","format-standard","has-post-thumbnail","hentry","category-docencia-formacion"],"_links":{"self":[{"href":"https:\/\/www.upo.es\/diario\/wp-json\/wp\/v2\/posts\/30882530","targetHints":{"allow":["GET"]}}],"collection":[{"href":"https:\/\/www.upo.es\/diario\/wp-json\/wp\/v2\/posts"}],"about":[{"href":"https:\/\/www.upo.es\/diario\/wp-json\/wp\/v2\/types\/post"}],"author":[{"embeddable":true,"href":"https:\/\/www.upo.es\/diario\/wp-json\/wp\/v2\/users\/6"}],"replies":[{"embeddable":true,"href":"https:\/\/www.upo.es\/diario\/wp-json\/wp\/v2\/comments?post=30882530"}],"version-history":[{"count":7,"href":"https:\/\/www.upo.es\/diario\/wp-json\/wp\/v2\/posts\/30882530\/revisions"}],"predecessor-version":[{"id":30882565,"href":"https:\/\/www.upo.es\/diario\/wp-json\/wp\/v2\/posts\/30882530\/revisions\/30882565"}],"wp:featuredmedia":[{"embeddable":true,"href":"https:\/\/www.upo.es\/diario\/wp-json\/wp\/v2\/media\/30882543"}],"wp:attachment":[{"href":"https:\/\/www.upo.es\/diario\/wp-json\/wp\/v2\/media?parent=30882530"}],"wp:term":[{"taxonomy":"category","embeddable":true,"href":"https:\/\/www.upo.es\/diario\/wp-json\/wp\/v2\/categories?post=30882530"},{"taxonomy":"post_tag","embeddable":true,"href":"https:\/\/www.upo.es\/diario\/wp-json\/wp\/v2\/tags?post=30882530"}],"curies":[{"name":"wp","href":"https:\/\/api.w.org\/{rel}","templated":true}]}}