{"id":30882546,"date":"2024-06-06T07:00:33","date_gmt":"2024-06-06T05:00:33","guid":{"rendered":"https:\/\/www.upo.es\/diario\/?p=30882546"},"modified":"2024-06-05T15:33:26","modified_gmt":"2024-06-05T13:33:26","slug":"la-escalera-teatro-presenta-este-viernes-en-la-fundicion-si-solo-me-entendieras","status":"publish","type":"post","link":"https:\/\/www.upo.es\/diario\/cultura-social\/2024\/06\/la-escalera-teatro-presenta-este-viernes-en-la-fundicion-si-solo-me-entendieras\/","title":{"rendered":"La Escalera Teatro presenta este viernes en La Fundici\u00f3n &#8216;Si solo me entendieras&#8217;"},"content":{"rendered":"<p><strong><a href=\"https:\/\/www.upo.es\/diario\/wp-content\/uploads\/2024\/06\/sisolomeentendieras_LAEscaleraTeatro-2024.jpg\"><img loading=\"lazy\" decoding=\"async\" class=\"alignright wp-image-30882529 size-large\" src=\"https:\/\/www.upo.es\/diario\/wp-content\/uploads\/2024\/06\/sisolomeentendieras_LAEscaleraTeatro-2024-371x525.jpg\" alt=\"'Si solo me entendieras' de La Escalera Teatro. 7 de junio, La Fundici\u00f3n, Sevilla\" width=\"371\" height=\"525\" srcset=\"https:\/\/www.upo.es\/diario\/wp-content\/uploads\/2024\/06\/sisolomeentendieras_LAEscaleraTeatro-2024-371x525.jpg 371w, https:\/\/www.upo.es\/diario\/wp-content\/uploads\/2024\/06\/sisolomeentendieras_LAEscaleraTeatro-2024-297x420.jpg 297w, https:\/\/www.upo.es\/diario\/wp-content\/uploads\/2024\/06\/sisolomeentendieras_LAEscaleraTeatro-2024-768x1086.jpg 768w, https:\/\/www.upo.es\/diario\/wp-content\/uploads\/2024\/06\/sisolomeentendieras_LAEscaleraTeatro-2024-1086x1536.jpg 1086w, https:\/\/www.upo.es\/diario\/wp-content\/uploads\/2024\/06\/sisolomeentendieras_LAEscaleraTeatro-2024.jpg 1131w\" sizes=\"auto, (max-width: 371px) 100vw, 371px\" \/><\/a>&#8216;Si solo me entendieras&#8217;<\/strong>, la nueva obra de La Escalera Teatro, <strong>se estrena este viernes a las 20:30 horas en La Fundici\u00f3n Teatro<\/strong> (C\/ Habana, 18), en el marco de la II Muestra Fin de Curso de Escuelas de Teatro. Dirigida por <strong>Piermario Salerno<\/strong>, profesor y director art\u00edstico del Aula de Artes Esc\u00e9nicas de la Universidad Pablo de Olavide, el texto de la obra es una creaci\u00f3n colectiva de La Escalera Teatro.<\/p>\n<p><strong>Maria Jos\u00e9 Olivares, Paulino Ramos, Ra\u00fal Collantes y Eleonore De Diego<\/strong> son los int\u00e9rpretes de la producci\u00f3n de La Escalera Teatro en el curso en el que el Aula de Teatro de la UPO cumple sus <strong>25 a\u00f1os de compromiso con la promoci\u00f3n y la formaci\u00f3n teatral en el \u00e1mbito universitario<\/strong>. Para celebrarlo el Servicio de Extensi\u00f3n Cultural de la Universidad ha programado durante el curso 2023\/2024 cuatro propuestas art\u00edsticas lideradas por antiguas alumnas y alumnos de La Escalera Teatro, que hoy forman parte del tejido profesional de las artes esc\u00e9nicas en Espa\u00f1a.<\/p>\n<p><em>Un matrimonio espera la visita de su hija, que falta en casa desde hace varios meses y, por sorpresa, se presenta con su novio. En esta familia nadie habla claro, todos los personajes guardan un secreto y no quieren que los dem\u00e1s sepan la verdad<\/em>. Sinopsis de una comedia, creaci\u00f3n propia de La Escalera Teatro, cuyos personajes, en palabras de Piermario Salerno \u00aben lugar de sentarse y tratar de explicarse, prefieren m\u00e1s bien enfadarse, manipular, esconder, pedir cosas absurdas, jugar sucio, aliarse con el enemigo. Lo que nos pasa a todos\u00bb.<\/p>\n<p>M\u00e1s informaci\u00f3n y entradas en: <a href=\"https:\/\/fundiciondesevilla.es\/si-solo-me-entendieras\/\">fundiciondesevilla.es\/si-solo-me-entendieras<\/a><\/p>\n","protected":false},"excerpt":{"rendered":"<p>&#8216;Si solo me entendieras&#8217;, la nueva obra de La Escalera Teatro, se estrena este viernes a las 20:30 horas en La Fundici\u00f3n Teatro (C\/ Habana, 18), en el marco de la II Muestra Fin de Curso de Escuelas de Teatro.<\/p>\n","protected":false},"author":6,"featured_media":30882529,"comment_status":"closed","ping_status":"open","sticky":false,"template":"","format":"standard","meta":{"_monsterinsights_skip_tracking":false,"_monsterinsights_sitenote_active":false,"_monsterinsights_sitenote_note":"","_monsterinsights_sitenote_category":0,"footnotes":""},"categories":[5843],"tags":[8016,4118,1386,73,4117,3746],"class_list":["post-30882546","post","type-post","status-publish","format-standard","has-post-thumbnail","hentry","category-cultura-social","tag-25-aniversario","tag-aula-de-artes-escenicas","tag-aula-de-teatro","tag-la-escalera-teatro","tag-sala-la-fundicion","tag-servicio-de-extension-cultural"],"_links":{"self":[{"href":"https:\/\/www.upo.es\/diario\/wp-json\/wp\/v2\/posts\/30882546","targetHints":{"allow":["GET"]}}],"collection":[{"href":"https:\/\/www.upo.es\/diario\/wp-json\/wp\/v2\/posts"}],"about":[{"href":"https:\/\/www.upo.es\/diario\/wp-json\/wp\/v2\/types\/post"}],"author":[{"embeddable":true,"href":"https:\/\/www.upo.es\/diario\/wp-json\/wp\/v2\/users\/6"}],"replies":[{"embeddable":true,"href":"https:\/\/www.upo.es\/diario\/wp-json\/wp\/v2\/comments?post=30882546"}],"version-history":[{"count":2,"href":"https:\/\/www.upo.es\/diario\/wp-json\/wp\/v2\/posts\/30882546\/revisions"}],"predecessor-version":[{"id":30882548,"href":"https:\/\/www.upo.es\/diario\/wp-json\/wp\/v2\/posts\/30882546\/revisions\/30882548"}],"wp:featuredmedia":[{"embeddable":true,"href":"https:\/\/www.upo.es\/diario\/wp-json\/wp\/v2\/media\/30882529"}],"wp:attachment":[{"href":"https:\/\/www.upo.es\/diario\/wp-json\/wp\/v2\/media?parent=30882546"}],"wp:term":[{"taxonomy":"category","embeddable":true,"href":"https:\/\/www.upo.es\/diario\/wp-json\/wp\/v2\/categories?post=30882546"},{"taxonomy":"post_tag","embeddable":true,"href":"https:\/\/www.upo.es\/diario\/wp-json\/wp\/v2\/tags?post=30882546"}],"curies":[{"name":"wp","href":"https:\/\/api.w.org\/{rel}","templated":true}]}}