{"id":30882550,"date":"2024-06-10T08:46:30","date_gmt":"2024-06-10T06:46:30","guid":{"rendered":"https:\/\/www.upo.es\/diario\/?p=30882550"},"modified":"2024-06-14T15:56:43","modified_gmt":"2024-06-14T13:56:43","slug":"76-sesion-cientifica-de-la-sociedad-geologica-de-espana","status":"publish","type":"post","link":"https:\/\/www.upo.es\/diario\/docencia-formacion\/2024\/06\/76-sesion-cientifica-de-la-sociedad-geologica-de-espana\/","title":{"rendered":"76 Sesi\u00f3n Cient\u00edfica de la Sociedad Geol\u00f3gica de Espa\u00f1a"},"content":{"rendered":"<figure id=\"attachment_30882622\" aria-describedby=\"caption-attachment-30882622\" style=\"width: 700px\" class=\"wp-caption aligncenter\"><a href=\"https:\/\/www.upo.es\/diario\/wp-content\/uploads\/2024\/06\/01Acto-inauguracion.jpg\"><img loading=\"lazy\" decoding=\"async\" class=\"size-large wp-image-30882622\" src=\"https:\/\/www.upo.es\/diario\/wp-content\/uploads\/2024\/06\/01Acto-inauguracion-700x525.jpg\" alt=\"\" width=\"700\" height=\"525\" srcset=\"https:\/\/www.upo.es\/diario\/wp-content\/uploads\/2024\/06\/01Acto-inauguracion-700x525.jpg 700w, https:\/\/www.upo.es\/diario\/wp-content\/uploads\/2024\/06\/01Acto-inauguracion-420x315.jpg 420w, https:\/\/www.upo.es\/diario\/wp-content\/uploads\/2024\/06\/01Acto-inauguracion-768x576.jpg 768w, https:\/\/www.upo.es\/diario\/wp-content\/uploads\/2024\/06\/01Acto-inauguracion-1536x1152.jpg 1536w, https:\/\/www.upo.es\/diario\/wp-content\/uploads\/2024\/06\/01Acto-inauguracion-1320x990.jpg 1320w, https:\/\/www.upo.es\/diario\/wp-content\/uploads\/2024\/06\/01Acto-inauguracion.jpg 2048w\" sizes=\"auto, (max-width: 700px) 100vw, 700px\" \/><\/a><figcaption id=\"caption-attachment-30882622\" class=\"wp-caption-text\">De izquierda a derecha, Juan Antonio Morales Gonz\u00e1lez, presidente de la Sociedad Geol\u00f3gica de Espa\u00f1a; Juan Carlos Balany\u00e1 Roure (UPO); Jos\u00e9 Manuel Mart\u00ednez Robles, alcalde de Segura de la Sierra; Alberto del Real Alcal\u00e1, vicerrector de Comunicaci\u00f3n y Desarrollo Territorial de la Universidad de Ja\u00e9n; y Jes\u00fas Quesada Molina, director-conservador del Parque Natural de las Sierras de Cazorla, Segura y Las Villas.<\/figcaption><\/figure>\n<p>El municipio jiennense de Segura de la Sierra acogi\u00f3 <u>el 7 y el 8 de junio<\/u> la celebraci\u00f3n de la <strong><a href=\"https:\/\/sociedadgeologica.org\/sesiones-cientificas\/76-sesion-cientifica-2\/\">76 Sesi\u00f3n Cient\u00edfica de la Sociedad Geol\u00f3gica de Espa\u00f1a (SGE)<\/a><\/strong>, un evento en el que expertos y expertas presentan las \u00faltimas aportaciones y avances cient\u00edficos relacionados con las Ciencias de la Tierra.<\/p>\n<figure id=\"attachment_30882623\" aria-describedby=\"caption-attachment-30882623\" style=\"width: 420px\" class=\"wp-caption alignright\"><a href=\"https:\/\/www.upo.es\/diario\/wp-content\/uploads\/2024\/06\/04Excursion1_panoramica.jpg\"><img loading=\"lazy\" decoding=\"async\" class=\"size-medium wp-image-30882623\" src=\"https:\/\/www.upo.es\/diario\/wp-content\/uploads\/2024\/06\/04Excursion1_panoramica-420x315.jpg\" alt=\"Excursi\u00f3n geol\u00f3gica a la Sierra de Segura.\" width=\"420\" height=\"315\" srcset=\"https:\/\/www.upo.es\/diario\/wp-content\/uploads\/2024\/06\/04Excursion1_panoramica-420x315.jpg 420w, https:\/\/www.upo.es\/diario\/wp-content\/uploads\/2024\/06\/04Excursion1_panoramica-700x525.jpg 700w, https:\/\/www.upo.es\/diario\/wp-content\/uploads\/2024\/06\/04Excursion1_panoramica-768x576.jpg 768w, https:\/\/www.upo.es\/diario\/wp-content\/uploads\/2024\/06\/04Excursion1_panoramica-1536x1152.jpg 1536w, https:\/\/www.upo.es\/diario\/wp-content\/uploads\/2024\/06\/04Excursion1_panoramica-1320x990.jpg 1320w, https:\/\/www.upo.es\/diario\/wp-content\/uploads\/2024\/06\/04Excursion1_panoramica.jpg 2048w\" sizes=\"auto, (max-width: 420px) 100vw, 420px\" \/><\/a><figcaption id=\"caption-attachment-30882623\" class=\"wp-caption-text\">Excursi\u00f3n geol\u00f3gica a la Sierra de Segura.<\/figcaption><\/figure>\n<p>La actual edici\u00f3n de este encuentro ha sido organizada por <strong>Francisco Moral<\/strong>, <strong>Juan Carlos Balany\u00e1<\/strong>, <strong>Miguel Rodr\u00edguez<\/strong>, <strong>Manuel D\u00edaz<\/strong>, <strong>Inmaculada Exp\u00f3sito<\/strong>, <strong>Alejandro Jim\u00e9nez<\/strong> y <strong>Jos\u00e9 Luis Yanes<\/strong>, de las \u00e1reas de Geodin\u00e1mica Externa y Geodin\u00e1mica Interna de la Universidad Pablo de Olavide; <strong>Rosario Jim\u00e9nez<\/strong> y <strong>Antonio Lope Morales<\/strong>, del \u00c1rea de Geodin\u00e1mica Externa de la Universidad de Ja\u00e9n, y <strong>Antonio Gonz\u00e1lez<\/strong>, de la Unidad de Granada del Servicio Geol\u00f3gico Nacional del Instituto Geol\u00f3gico y Minero de Espa\u00f1a (IGME-CSIC).<\/p>\n<p>La Iglesia de los Jesuitas y en el Sal\u00f3n de Plenos del Ayuntamiento de Segura de la Sierra han sido las sedes de la jornada que se desarroll\u00f3 <u>el viernes d\u00eda 7<\/u>, donde se presentaron 21 trabajos cient\u00edficos, a publicar en la revista Geogaceta, as\u00ed como otras actividades como un coloquio sobre el patrimonio geol\u00f3gico de la provincia de Ja\u00e9n, la conferencia plenaria \u2018El nuevo mapa tect\u00f3nico de Iberia y sus cordilleras adyacentes. Dominios Alpinos\u2019 a cargo de <strong>Antonio Pedrera Parias<\/strong> (IGME), una asamblea general de la SGE y una visita al castillo de Segura de la Sierra durante la inauguraci\u00f3n del Festival Internacional del Aire (FIA El Yelmo).<\/p>\n<figure id=\"attachment_30882624\" aria-describedby=\"caption-attachment-30882624\" style=\"width: 420px\" class=\"wp-caption alignleft\"><a href=\"https:\/\/www.upo.es\/diario\/wp-content\/uploads\/2024\/06\/05Excursion2_cueva-del-agua.jpg\"><img loading=\"lazy\" decoding=\"async\" class=\"size-medium wp-image-30882624\" src=\"https:\/\/www.upo.es\/diario\/wp-content\/uploads\/2024\/06\/05Excursion2_cueva-del-agua-420x315.jpg\" alt=\"Cueva del Agua.\" width=\"420\" height=\"315\" srcset=\"https:\/\/www.upo.es\/diario\/wp-content\/uploads\/2024\/06\/05Excursion2_cueva-del-agua-420x315.jpg 420w, https:\/\/www.upo.es\/diario\/wp-content\/uploads\/2024\/06\/05Excursion2_cueva-del-agua-700x525.jpg 700w, https:\/\/www.upo.es\/diario\/wp-content\/uploads\/2024\/06\/05Excursion2_cueva-del-agua-768x576.jpg 768w, https:\/\/www.upo.es\/diario\/wp-content\/uploads\/2024\/06\/05Excursion2_cueva-del-agua-1536x1152.jpg 1536w, https:\/\/www.upo.es\/diario\/wp-content\/uploads\/2024\/06\/05Excursion2_cueva-del-agua-1320x990.jpg 1320w, https:\/\/www.upo.es\/diario\/wp-content\/uploads\/2024\/06\/05Excursion2_cueva-del-agua.jpg 2048w\" sizes=\"auto, (max-width: 420px) 100vw, 420px\" \/><\/a><figcaption id=\"caption-attachment-30882624\" class=\"wp-caption-text\">Cueva del Agua.<\/figcaption><\/figure>\n<p>La inauguraci\u00f3n se celebr\u00f3 <u>el viernes 7 de junio, a las 11:15 horas en el Sal\u00f3n de Plenos del Ayuntamiento de Segura de la Sierra<\/u>, a cargo de <strong>Jos\u00e9 Manuel Mart\u00ednez Robles<\/strong>, alcalde-presidente de Segura de la Sierra; <strong>Alberto del Real Alcal\u00e1<\/strong>, vicerrector de Comunicaci\u00f3n y Desarrollo Territorial de la Universidad de Ja\u00e9n; <strong>Juan Carlos Balany\u00e1 Roure<\/strong>, profesor titular del \u00c1rea de Geodin\u00e1mica Interna de la Universidad Pablo de Olavide; <strong>Jes\u00fas Quesada Molina<\/strong>, director-conservador del Parque Natural de las Sierras de Cazorla, Segura y las Villas, y <strong>Juan Antonio Morales Gonz\u00e1lez<\/strong>, presidente de la Sociedad Geol\u00f3gica de Espa\u00f1a.<\/p>\n<p>El <u>s\u00e1bado 8 de junio<\/u> se realiz\u00f3 una excursi\u00f3n geol\u00f3gica a la Sierra de Segura, en la que se observaron y comentaron diversos aspectos de la geomorfolog\u00eda e hidrogeolog\u00eda de estas sierras. La excursi\u00f3n consta de dos trayectos a pie: por la ma\u00f1ana, se recorri\u00f3 el itinerario Poyotello-Cueva del Agua-Huelga Utrera, por el valle alto del r\u00edo Segura, y, por la tarde, se ascendi\u00f3 al monte Navalperal, uno de los calares segure\u00f1os m\u00e1s emblem\u00e1ticos.<\/p>\n<p>La <strong><a href=\"https:\/\/sociedadgeologica.org\/\">Sociedad Geol\u00f3gica de Espa\u00f1a<\/a><\/strong> se fund\u00f3 en 1985 con el objetivo principal de fortalecer y dinamizar la presencia de las Ciencias Geol\u00f3gicas en todos los \u00e1mbitos de la sociedad. Entre las actividades que organiza dirigidas a sus cerca de mil socios destacan las Sesiones Cient\u00edficas, reuniones semestrales que se celebran en distintas localidades de Espa\u00f1a. La Universidad Pablo de Olavide fue sede de la 48 Sesi\u00f3n Cient\u00edfica en mayo de 2020.<\/p>\n<h3><strong>M\u00e1s informaci\u00f3n y programa:<\/strong><\/h3>\n<p><a href=\"https:\/\/sociedadgeologica.org\/sesiones-cientificas\/76-sesion-cientifica-2\/\">76 Sesi\u00f3n Cient\u00edfica de la Sociedad Geol\u00f3gica de Espa\u00f1a<\/a><\/p>\n","protected":false},"excerpt":{"rendered":"<p>El municipio jiennense de Segura de la Sierra acoge el 7 y el 8 de junio la celebraci\u00f3n de la 76 Sesi\u00f3n Cient\u00edfica de la Sociedad Geol\u00f3gica de Espa\u00f1a (SGE), un evento en el que expertos y expertas presentan las \u00faltimas aportaciones y avances cient\u00edficos relacionados con las Ciencias de la Tierra.<\/p>\n","protected":false},"author":2,"featured_media":30882622,"comment_status":"closed","ping_status":"open","sticky":false,"template":"","format":"standard","meta":{"_monsterinsights_skip_tracking":false,"_monsterinsights_sitenote_active":false,"_monsterinsights_sitenote_note":"","_monsterinsights_sitenote_category":0,"footnotes":""},"categories":[2779],"tags":[4790,8166,557,8842,8390],"class_list":["post-30882550","post","type-post","status-publish","format-standard","has-post-thumbnail","hentry","category-docencia-formacion","tag-area-de-geodinamica-externa","tag-area-de-geodinamica-interna","tag-geologia","tag-sesion-cientifica-de-la-sociedad-geologica-de-espana","tag-sociedad-geologica-de-espana"],"_links":{"self":[{"href":"https:\/\/www.upo.es\/diario\/wp-json\/wp\/v2\/posts\/30882550","targetHints":{"allow":["GET"]}}],"collection":[{"href":"https:\/\/www.upo.es\/diario\/wp-json\/wp\/v2\/posts"}],"about":[{"href":"https:\/\/www.upo.es\/diario\/wp-json\/wp\/v2\/types\/post"}],"author":[{"embeddable":true,"href":"https:\/\/www.upo.es\/diario\/wp-json\/wp\/v2\/users\/2"}],"replies":[{"embeddable":true,"href":"https:\/\/www.upo.es\/diario\/wp-json\/wp\/v2\/comments?post=30882550"}],"version-history":[{"count":4,"href":"https:\/\/www.upo.es\/diario\/wp-json\/wp\/v2\/posts\/30882550\/revisions"}],"predecessor-version":[{"id":30882625,"href":"https:\/\/www.upo.es\/diario\/wp-json\/wp\/v2\/posts\/30882550\/revisions\/30882625"}],"wp:featuredmedia":[{"embeddable":true,"href":"https:\/\/www.upo.es\/diario\/wp-json\/wp\/v2\/media\/30882622"}],"wp:attachment":[{"href":"https:\/\/www.upo.es\/diario\/wp-json\/wp\/v2\/media?parent=30882550"}],"wp:term":[{"taxonomy":"category","embeddable":true,"href":"https:\/\/www.upo.es\/diario\/wp-json\/wp\/v2\/categories?post=30882550"},{"taxonomy":"post_tag","embeddable":true,"href":"https:\/\/www.upo.es\/diario\/wp-json\/wp\/v2\/tags?post=30882550"}],"curies":[{"name":"wp","href":"https:\/\/api.w.org\/{rel}","templated":true}]}}