{"id":30882593,"date":"2024-06-10T18:44:54","date_gmt":"2024-06-10T16:44:54","guid":{"rendered":"https:\/\/www.upo.es\/diario\/?p=30882593"},"modified":"2024-06-10T18:46:43","modified_gmt":"2024-06-10T16:46:43","slug":"estudiantes-ies-tierno-galvan-onda-ganadores-olimpo","status":"publish","type":"post","link":"https:\/\/www.upo.es\/diario\/comunidad\/2024\/06\/estudiantes-ies-tierno-galvan-onda-ganadores-olimpo\/","title":{"rendered":"Estudiantes del IES Profesor Tierno Galv\u00e1n, ganadores del concurso radiof\u00f3nico &#8216;Onda Olimpo&#8217;"},"content":{"rendered":"<figure id=\"attachment_30882608\" aria-describedby=\"caption-attachment-30882608\" style=\"width: 750px\" class=\"wp-caption aligncenter\"><a href=\"https:\/\/www.upo.es\/diario\/wp-content\/uploads\/2024\/06\/Onda-olimpo_IVed_20240610-9874-scaled.jpg\"><img loading=\"lazy\" decoding=\"async\" class=\"size-large wp-image-30882608\" src=\"https:\/\/www.upo.es\/diario\/wp-content\/uploads\/2024\/06\/Onda-olimpo_IVed_20240610-9874-750x422.jpg\" alt=\"'Latin lovers', grupo del IES Profesor Tierno Galv\u00e1n\" width=\"750\" height=\"422\" srcset=\"https:\/\/www.upo.es\/diario\/wp-content\/uploads\/2024\/06\/Onda-olimpo_IVed_20240610-9874-750x422.jpg 750w, https:\/\/www.upo.es\/diario\/wp-content\/uploads\/2024\/06\/Onda-olimpo_IVed_20240610-9874-420x236.jpg 420w, https:\/\/www.upo.es\/diario\/wp-content\/uploads\/2024\/06\/Onda-olimpo_IVed_20240610-9874-768x432.jpg 768w, https:\/\/www.upo.es\/diario\/wp-content\/uploads\/2024\/06\/Onda-olimpo_IVed_20240610-9874-1536x864.jpg 1536w, https:\/\/www.upo.es\/diario\/wp-content\/uploads\/2024\/06\/Onda-olimpo_IVed_20240610-9874-2048x1152.jpg 2048w, https:\/\/www.upo.es\/diario\/wp-content\/uploads\/2024\/06\/Onda-olimpo_IVed_20240610-9874-1320x743.jpg 1320w\" sizes=\"auto, (max-width: 750px) 100vw, 750px\" \/><\/a><figcaption id=\"caption-attachment-30882608\" class=\"wp-caption-text\">A la izquierda, Mar\u00eda Losada, decana de Humanidades, con el grupo &#8216;Latin lovers&#8217;, ganador de &#8216;Onda Olimpo&#8217;<\/figcaption><\/figure>\n<p>El grupo <strong><em>Latin lovers<\/em>, del IES Profesor Tierno Galv\u00e1n<\/strong> de Alcal\u00e1 de Guadaira, ha resultado ganador del<strong> IV Concurso de microteatro radiof\u00f3nico grecolatino &#8216;Onda Olimpo&#8217;<\/strong>, organizado por la Facultad de Humanidades de la Universidad Pablo de Olavide, con la obra <strong>&#8216;Las ben\u00e9volas&#8217;<\/strong>.<\/p>\n<p>De este modo, <strong>Leyna Camp\u00f3n, Olivia Mac\u00edas, Thal\u00eda Brenes, Daniel Cuder y Jos\u00e9 Fern\u00e1ndez<\/strong>, estudiantes de primero de Bachillerato, acompa\u00f1ados por <strong>Marta Garc\u00eda<\/strong>, profesora del centro, han recogido este lunes en el Paraninfo del campus los diplomas del concurso &#8216;Onda Olimpo&#8217;, de manos de la decana de Humanidades, <strong>Mar\u00eda Losada Friend<\/strong>. El jurado de esta IV edici\u00f3n ha destacado la originalidad, la calidad interpretativa y la ejecuci\u00f3n t\u00e9cnica de la obra, que versa sobre las Erinias, las furias vengadoras, y algunos de los personajes que sufren castigos eternos en el T\u00e1rtaro.<\/p>\n<p>En total han optado al concurso 18 p\u00f3dcast, de los que han sido reconocidos otros tres como finalistas: el grupo <strong><em>Aracne<\/em><\/strong>, del Colegio Inmaculado Coraz\u00f3n de Mar\u00eda de Sevilla, por su obra <strong><em>La colecci\u00f3n de Aracne<\/em><\/strong>; el grupo <em><strong>Nihil nimis<\/strong><\/em>, del Colegio Salesiano Sant\u00edsima Trinidad de Sevilla, por el p\u00f3dcast <strong><em>Visi\u00f3n de Guerra<\/em><\/strong>; y el grupo <strong><em>Los <\/em><\/strong><br \/>\n<strong><em>Ol\u00edmpicos<\/em><\/strong>, tambi\u00e9n del IES Profesor Tierno Galv\u00e1n, por la obra radiof\u00f3nica <strong><em>Salseo en el Olimpo<\/em><\/strong>.<\/p>\n<figure id=\"attachment_30882609\" aria-describedby=\"caption-attachment-30882609\" style=\"width: 420px\" class=\"wp-caption alignright\"><a href=\"https:\/\/www.upo.es\/diario\/wp-content\/uploads\/2024\/06\/Onda-olimpo_IVed_20240610-9797-scaled.jpg\"><img loading=\"lazy\" decoding=\"async\" class=\"wp-image-30882609 size-medium\" src=\"https:\/\/www.upo.es\/diario\/wp-content\/uploads\/2024\/06\/Onda-olimpo_IVed_20240610-9797-420x280.jpg\" alt=\"Javier Almod\u00f3var y Pablo Respaldo\" width=\"420\" height=\"280\" srcset=\"https:\/\/www.upo.es\/diario\/wp-content\/uploads\/2024\/06\/Onda-olimpo_IVed_20240610-9797-420x280.jpg 420w, https:\/\/www.upo.es\/diario\/wp-content\/uploads\/2024\/06\/Onda-olimpo_IVed_20240610-9797-750x500.jpg 750w, https:\/\/www.upo.es\/diario\/wp-content\/uploads\/2024\/06\/Onda-olimpo_IVed_20240610-9797-768x512.jpg 768w, https:\/\/www.upo.es\/diario\/wp-content\/uploads\/2024\/06\/Onda-olimpo_IVed_20240610-9797-1536x1024.jpg 1536w, https:\/\/www.upo.es\/diario\/wp-content\/uploads\/2024\/06\/Onda-olimpo_IVed_20240610-9797-2048x1365.jpg 2048w, https:\/\/www.upo.es\/diario\/wp-content\/uploads\/2024\/06\/Onda-olimpo_IVed_20240610-9797-165x109.jpg 165w, https:\/\/www.upo.es\/diario\/wp-content\/uploads\/2024\/06\/Onda-olimpo_IVed_20240610-9797-1320x880.jpg 1320w\" sizes=\"auto, (max-width: 420px) 100vw, 420px\" \/><\/a><figcaption id=\"caption-attachment-30882609\" class=\"wp-caption-text\">Javier Almod\u00f3var y Pablo Respaldo<\/figcaption><\/figure>\n<p>El acto de entrega de diplomas ha contado con la presencia de la directora general de Estudiantes de la Universidad Pablo de Olavide, <strong>Pilar Moreno<\/strong>; y del presidente de la secci\u00f3n de Sevilla y Huelva de la Sociedad Espa\u00f1ola de Estudios Cl\u00e1sicos, <strong>Javier Almod\u00f3var<\/strong>, que ha hecho entrega a <strong>Pablo Respaldo<\/strong>, estudiante del IES Miguel Servet, de los diplomas que lo acreditan como ganador de los cert\u00e1menes <strong>Parnaso<\/strong> \u2013prueba nacional sobre lengua y cultura de la antigua Grecia\u2013 y <strong>Ciceronianum<\/strong>, sobre textos latinos de Cicer\u00f3n.<\/p>\n<p>\u00abAunque no os dediqu\u00e9is a ellas en el futuro profesional que os aguarda, llevar\u00e9is siempre en el coraz\u00f3n el amor por las Humanidades, y en las vicisitudes que afront\u00e9is en la vida, el saber greco-latino os acompa\u00f1ar\u00e1 siempre como elemento inspirador\u00bb, ha se\u00f1alado Javier Almod\u00f3var durante la entrega de diplomas. Por su parte, Pilar Moreno ha resaltado la \u00abimpagable labor\u00bb que llevan a cabo las profesoras y profesores de Secundaria para divulgar los cl\u00e1sicos, y ha exhortado a los futuros y las futuras universitarias a que elijan sus estudios teniendo en cuenta su motivaci\u00f3n personal.<\/p>\n<p>Convocado por la\u00a0<strong>Facultad de Humanidades<\/strong>\u00a0de la Universidad Pablo de Olavide en colaboraci\u00f3n con\u00a0<strong><em>Furor Bacchicus Teatro<\/em><\/strong>\u00a0y con la financiaci\u00f3n del\u00a0<strong>Vicerrectorado de Estudiantes<\/strong>, el concurso &#8216;Onda Olimpo&#8217; pretende potenciar la creatividad en el \u00e1mbito de la Ense\u00f1anza Secundaria vinculada a las humanidades y a los estudios cl\u00e1sicos, as\u00ed como estrechar los lazos entre la Universidad y los centros de Secundaria de la provincia de Sevilla.<\/p>\n<figure id=\"attachment_30882610\" aria-describedby=\"caption-attachment-30882610\" style=\"width: 750px\" class=\"wp-caption aligncenter\"><a href=\"https:\/\/www.upo.es\/diario\/wp-content\/uploads\/2024\/06\/Onda-olimpo_IVed_20240610-9922-scaled.jpg\"><img loading=\"lazy\" decoding=\"async\" class=\"size-large wp-image-30882610\" src=\"https:\/\/www.upo.es\/diario\/wp-content\/uploads\/2024\/06\/Onda-olimpo_IVed_20240610-9922-750x338.jpg\" alt=\"Foto de familia de finalistas y premiados en la IV edici\u00f3n de Onda Olimpo\" width=\"750\" height=\"338\" srcset=\"https:\/\/www.upo.es\/diario\/wp-content\/uploads\/2024\/06\/Onda-olimpo_IVed_20240610-9922-750x338.jpg 750w, https:\/\/www.upo.es\/diario\/wp-content\/uploads\/2024\/06\/Onda-olimpo_IVed_20240610-9922-420x189.jpg 420w, https:\/\/www.upo.es\/diario\/wp-content\/uploads\/2024\/06\/Onda-olimpo_IVed_20240610-9922-768x346.jpg 768w, https:\/\/www.upo.es\/diario\/wp-content\/uploads\/2024\/06\/Onda-olimpo_IVed_20240610-9922-1536x691.jpg 1536w, https:\/\/www.upo.es\/diario\/wp-content\/uploads\/2024\/06\/Onda-olimpo_IVed_20240610-9922-2048x922.jpg 2048w, https:\/\/www.upo.es\/diario\/wp-content\/uploads\/2024\/06\/Onda-olimpo_IVed_20240610-9922-1320x594.jpg 1320w\" sizes=\"auto, (max-width: 750px) 100vw, 750px\" \/><\/a><figcaption id=\"caption-attachment-30882610\" class=\"wp-caption-text\">Foto de familia de finalistas y premiados en la IV edici\u00f3n de &#8216;Onda Olimpo&#8217;<\/figcaption><\/figure>\n","protected":false},"excerpt":{"rendered":"<p>La Facultad de Humanidades premia a Leyna Camp\u00f3n, Olivia Mac\u00edas, Thal\u00eda Brenes, Daniel Cuder y Jos\u00e9 Fern\u00e1ndez por su podcast &#8216;Las ben\u00e9volas&#8217;.<\/p>\n","protected":false},"author":6,"featured_media":30882608,"comment_status":"closed","ping_status":"open","sticky":false,"template":"","format":"standard","meta":{"_monsterinsights_skip_tracking":false,"_monsterinsights_sitenote_active":false,"_monsterinsights_sitenote_note":"","_monsterinsights_sitenote_category":0,"footnotes":""},"categories":[5842],"tags":[460,2055,644,7466,2051,21,96,1510,6950],"class_list":["post-30882593","post","type-post","status-publish","format-standard","has-post-thumbnail","hentry","category-comunidad","tag-antigua-roma","tag-area-de-filologia-latina","tag-bachillerato","tag-concurso-de-microteatro-radiofonico-grecolatino-onda-olimpo","tag-educacion-secundaria","tag-estudiantes","tag-facultad-de-humanidades","tag-furor-bacchicus-teatro","tag-podcast"],"_links":{"self":[{"href":"https:\/\/www.upo.es\/diario\/wp-json\/wp\/v2\/posts\/30882593","targetHints":{"allow":["GET"]}}],"collection":[{"href":"https:\/\/www.upo.es\/diario\/wp-json\/wp\/v2\/posts"}],"about":[{"href":"https:\/\/www.upo.es\/diario\/wp-json\/wp\/v2\/types\/post"}],"author":[{"embeddable":true,"href":"https:\/\/www.upo.es\/diario\/wp-json\/wp\/v2\/users\/6"}],"replies":[{"embeddable":true,"href":"https:\/\/www.upo.es\/diario\/wp-json\/wp\/v2\/comments?post=30882593"}],"version-history":[{"count":8,"href":"https:\/\/www.upo.es\/diario\/wp-json\/wp\/v2\/posts\/30882593\/revisions"}],"predecessor-version":[{"id":30882614,"href":"https:\/\/www.upo.es\/diario\/wp-json\/wp\/v2\/posts\/30882593\/revisions\/30882614"}],"wp:featuredmedia":[{"embeddable":true,"href":"https:\/\/www.upo.es\/diario\/wp-json\/wp\/v2\/media\/30882608"}],"wp:attachment":[{"href":"https:\/\/www.upo.es\/diario\/wp-json\/wp\/v2\/media?parent=30882593"}],"wp:term":[{"taxonomy":"category","embeddable":true,"href":"https:\/\/www.upo.es\/diario\/wp-json\/wp\/v2\/categories?post=30882593"},{"taxonomy":"post_tag","embeddable":true,"href":"https:\/\/www.upo.es\/diario\/wp-json\/wp\/v2\/tags?post=30882593"}],"curies":[{"name":"wp","href":"https:\/\/api.w.org\/{rel}","templated":true}]}}