{"id":30882599,"date":"2024-06-10T08:51:12","date_gmt":"2024-06-10T06:51:12","guid":{"rendered":"https:\/\/www.upo.es\/diario\/?p=30882599"},"modified":"2024-06-11T09:12:08","modified_gmt":"2024-06-11T07:12:08","slug":"mas-de-100-estudiantes-finalizan-sus-estudios-en-ciencias-de-la-actividad-fisica-y-del-deporte-en-la-upo","status":"publish","type":"post","link":"https:\/\/www.upo.es\/diario\/comunidad\/2024\/06\/mas-de-100-estudiantes-finalizan-sus-estudios-en-ciencias-de-la-actividad-fisica-y-del-deporte-en-la-upo\/","title":{"rendered":"M\u00e1s de 100 estudiantes finalizan sus estudios en Ciencias de la Actividad F\u00edsica y del Deporte en la UPO"},"content":{"rendered":"<figure id=\"attachment_30882601\" aria-describedby=\"caption-attachment-30882601\" style=\"width: 750px\" class=\"wp-caption aligncenter\"><a href=\"https:\/\/www.upo.es\/diario\/wp-content\/uploads\/2024\/06\/WhatsApp-Image-2024-06-10-at-13.57.13-scaled.jpeg\"><img loading=\"lazy\" decoding=\"async\" class=\"size-large wp-image-30882601\" src=\"https:\/\/www.upo.es\/diario\/wp-content\/uploads\/2024\/06\/WhatsApp-Image-2024-06-10-at-13.57.13-750x422.jpeg\" alt=\"egresados Deporte 1\" width=\"750\" height=\"422\" srcset=\"https:\/\/www.upo.es\/diario\/wp-content\/uploads\/2024\/06\/WhatsApp-Image-2024-06-10-at-13.57.13-750x422.jpeg 750w, https:\/\/www.upo.es\/diario\/wp-content\/uploads\/2024\/06\/WhatsApp-Image-2024-06-10-at-13.57.13-420x237.jpeg 420w, https:\/\/www.upo.es\/diario\/wp-content\/uploads\/2024\/06\/WhatsApp-Image-2024-06-10-at-13.57.13-768x432.jpeg 768w, https:\/\/www.upo.es\/diario\/wp-content\/uploads\/2024\/06\/WhatsApp-Image-2024-06-10-at-13.57.13-1536x865.jpeg 1536w, https:\/\/www.upo.es\/diario\/wp-content\/uploads\/2024\/06\/WhatsApp-Image-2024-06-10-at-13.57.13-2048x1153.jpeg 2048w, https:\/\/www.upo.es\/diario\/wp-content\/uploads\/2024\/06\/WhatsApp-Image-2024-06-10-at-13.57.13-1320x743.jpeg 1320w\" sizes=\"auto, (max-width: 750px) 100vw, 750px\" \/><\/a><figcaption id=\"caption-attachment-30882601\" class=\"wp-caption-text\">Promoci\u00f3n 2020\/2024 del Grado en Ciencias de la Actividad F\u00edsica y del Deporte (L\u00ednea 1)<\/figcaption><\/figure>\n<p>La ceremonia de Fin de Grado de la promoci\u00f3n 2020\/2024 de Ciencias de la Actividad F\u00edsica y del Deporte \u2013 L\u00edneas 1 y 2 &#8211; se celebr\u00f3 el pasado viernes en el Paraninfo de la Universidad Pablo de Olavide. El acto fue presidido por el vicerrector de Campus Saludable y Deporte de la UPO, Antonio Fern\u00e1ndez Mart\u00ednez, y el decano de la Facultad de Ciencias del Deporte, Jos\u00e9 Antonio Gonz\u00e1lez Jurado.<\/p>\n<p>La madrina de la promoci\u00f3n ha sido <strong>Mar\u00eda del Mar Fern\u00e1ndez Montero, coordinadora de la secci\u00f3n femenina del Real Betis Balompi\u00e9.<\/strong> A la ceremonia tambi\u00e9n han asistido la directora general de Deportes de la Universidad Pablo de Olavide, \u00c1frica Calvo Lluch; la vicedecana de Ordenaci\u00f3n Acad\u00e9mica de la Facultad de Ciencias del Deporte de la UPO, Elisabet Rodr\u00edguez Bies, y Jos\u00e9 Carlos G\u00f3mez Teba, presidente del Colegio Oficial de Licenciados en Educaci\u00f3n F\u00edsica y en Ciencias de la Actividad F\u00edsica y del Deporte de Andaluc\u00eda (COLEF Andaluc\u00eda).<\/p>\n<p>En representaci\u00f3n del alumnado egresado, pronunciaron los discursos Sof\u00eda Atienza Fern\u00e1ndez, Adri\u00e1n Clemente Navarro, Miguel \u00c1ngel Reina Granados y Yhazmina Anaya Borrego. Un total de 113 egresados y egresadas asistieron, junto a sus familiares, a este acto con el que la Universidad Pablo de Olavide recupera una antigua tradici\u00f3n de las universidades europeas.<\/p>\n<figure id=\"attachment_30882600\" aria-describedby=\"caption-attachment-30882600\" style=\"width: 750px\" class=\"wp-caption aligncenter\"><a href=\"https:\/\/www.upo.es\/diario\/wp-content\/uploads\/2024\/06\/WhatsApp-Image-2024-06-10-at-13.55.22-scaled.jpeg\"><img loading=\"lazy\" decoding=\"async\" class=\"size-large wp-image-30882600\" src=\"https:\/\/www.upo.es\/diario\/wp-content\/uploads\/2024\/06\/WhatsApp-Image-2024-06-10-at-13.55.22-750x422.jpeg\" alt=\"Egresados Deporte 2\" width=\"750\" height=\"422\" srcset=\"https:\/\/www.upo.es\/diario\/wp-content\/uploads\/2024\/06\/WhatsApp-Image-2024-06-10-at-13.55.22-750x422.jpeg 750w, https:\/\/www.upo.es\/diario\/wp-content\/uploads\/2024\/06\/WhatsApp-Image-2024-06-10-at-13.55.22-420x237.jpeg 420w, https:\/\/www.upo.es\/diario\/wp-content\/uploads\/2024\/06\/WhatsApp-Image-2024-06-10-at-13.55.22-768x432.jpeg 768w, https:\/\/www.upo.es\/diario\/wp-content\/uploads\/2024\/06\/WhatsApp-Image-2024-06-10-at-13.55.22-1536x865.jpeg 1536w, https:\/\/www.upo.es\/diario\/wp-content\/uploads\/2024\/06\/WhatsApp-Image-2024-06-10-at-13.55.22-2048x1153.jpeg 2048w, https:\/\/www.upo.es\/diario\/wp-content\/uploads\/2024\/06\/WhatsApp-Image-2024-06-10-at-13.55.22-1320x743.jpeg 1320w\" sizes=\"auto, (max-width: 750px) 100vw, 750px\" \/><\/a><figcaption id=\"caption-attachment-30882600\" class=\"wp-caption-text\">Promoci\u00f3n 2020\/2024 del Grado en Ciencias de la Actividad F\u00edsica y del Deporte (L\u00ednea 2)<\/figcaption><\/figure>\n","protected":false},"excerpt":{"rendered":"<p>La ceremonia de Fin de Grado de la promoci\u00f3n 2020\/2024 de Ciencias de la Actividad F\u00edsica y del Deporte \u2013 L\u00edneas 1 y 2 &#8211; se celebr\u00f3 en el Paraninfo de la Universidad Pablo de Olavide. El acto fue presidido por el vicerrector de Campus Saludable y Deporte de la UPO, Antonio Fern\u00e1ndez Mart\u00ednez, y el decano de la Facultad de Ciencias del Deporte, Jos\u00e9 Antonio Gonz\u00e1lez Jurado.<\/p>\n","protected":false},"author":4,"featured_media":30882600,"comment_status":"closed","ping_status":"open","sticky":false,"template":"","format":"standard","meta":{"_acf_changed":false,"_monsterinsights_skip_tracking":false,"footnotes":""},"categories":[5842],"tags":[581,3342,1331],"class_list":["post-30882599","post","type-post","status-publish","format-standard","has-post-thumbnail","hentry","category-comunidad","tag-ceremonia-de-egresados","tag-facultad-de-ciencias-del-deporte","tag-grado-en-ciencias-de-la-actividad-fisica-y-del-deporte"],"acf":[],"_links":{"self":[{"href":"https:\/\/www.upo.es\/diario\/wp-json\/wp\/v2\/posts\/30882599","targetHints":{"allow":["GET"]}}],"collection":[{"href":"https:\/\/www.upo.es\/diario\/wp-json\/wp\/v2\/posts"}],"about":[{"href":"https:\/\/www.upo.es\/diario\/wp-json\/wp\/v2\/types\/post"}],"author":[{"embeddable":true,"href":"https:\/\/www.upo.es\/diario\/wp-json\/wp\/v2\/users\/4"}],"replies":[{"embeddable":true,"href":"https:\/\/www.upo.es\/diario\/wp-json\/wp\/v2\/comments?post=30882599"}],"version-history":[{"count":1,"href":"https:\/\/www.upo.es\/diario\/wp-json\/wp\/v2\/posts\/30882599\/revisions"}],"predecessor-version":[{"id":30882604,"href":"https:\/\/www.upo.es\/diario\/wp-json\/wp\/v2\/posts\/30882599\/revisions\/30882604"}],"wp:featuredmedia":[{"embeddable":true,"href":"https:\/\/www.upo.es\/diario\/wp-json\/wp\/v2\/media\/30882600"}],"wp:attachment":[{"href":"https:\/\/www.upo.es\/diario\/wp-json\/wp\/v2\/media?parent=30882599"}],"wp:term":[{"taxonomy":"category","embeddable":true,"href":"https:\/\/www.upo.es\/diario\/wp-json\/wp\/v2\/categories?post=30882599"},{"taxonomy":"post_tag","embeddable":true,"href":"https:\/\/www.upo.es\/diario\/wp-json\/wp\/v2\/tags?post=30882599"}],"curies":[{"name":"wp","href":"https:\/\/api.w.org\/{rel}","templated":true}]}}