{"id":30882631,"date":"2024-06-12T10:01:10","date_gmt":"2024-06-12T08:01:10","guid":{"rendered":"https:\/\/www.upo.es\/diario\/?p=30882631"},"modified":"2024-06-14T15:56:27","modified_gmt":"2024-06-14T13:56:27","slug":"los-estresantes-ambientales-reducen-el-carbono-en-los-suelos-de-los-ecosistemas-mundiales","status":"publish","type":"post","link":"https:\/\/www.upo.es\/diario\/ciencia\/2024\/06\/los-estresantes-ambientales-reducen-el-carbono-en-los-suelos-de-los-ecosistemas-mundiales\/","title":{"rendered":"Los estresantes ambientales reducen el carbono en los suelos de los ecosistemas mundiales"},"content":{"rendered":"<figure id=\"attachment_30882634\" aria-describedby=\"caption-attachment-30882634\" style=\"width: 750px\" class=\"wp-caption aligncenter\"><a href=\"https:\/\/www.upo.es\/diario\/wp-content\/uploads\/2024\/06\/Arizona.jpg\"><img loading=\"lazy\" decoding=\"async\" class=\"size-large wp-image-30882634\" src=\"https:\/\/www.upo.es\/diario\/wp-content\/uploads\/2024\/06\/Arizona-750x421.jpg\" alt=\"\" width=\"750\" height=\"421\" srcset=\"https:\/\/www.upo.es\/diario\/wp-content\/uploads\/2024\/06\/Arizona-750x421.jpg 750w, https:\/\/www.upo.es\/diario\/wp-content\/uploads\/2024\/06\/Arizona-420x236.jpg 420w, https:\/\/www.upo.es\/diario\/wp-content\/uploads\/2024\/06\/Arizona-768x432.jpg 768w, https:\/\/www.upo.es\/diario\/wp-content\/uploads\/2024\/06\/Arizona.jpg 961w\" sizes=\"auto, (max-width: 750px) 100vw, 750px\" \/><\/a><figcaption id=\"caption-attachment-30882634\" class=\"wp-caption-text\">Ecosistema de bosque abierto de Arizona, EE.UU. \/ Manuel Delgado Baquerizo.<\/figcaption><\/figure>\n<p>La Universidad Pablo de Olavide y el Laboratorio de Biodiversidad y Funcionamiento Ecosist\u00e9mico (BioFunLab) del IRNAS-CSIC colideran un estudio publicado en la prestigiosa revista <em>Nature Climate Change<\/em> cuyos resultados han mostrado que incrementar el n\u00famero de factores de cambio global (ej., desde incrementos de la aridez hasta actividades antropog\u00e9nicas relacionadas con la fertilizaci\u00f3n) reduce los reservorios de carbono en ecosistemas terrestres globalmente distribuidos.<\/p>\n<p><strong>El carbono almacenado en el suelo es el reservorio m\u00e1s importante del planeta y juega un papel esencial en apoyar m\u00faltiples servicios ecosist\u00e9micos<\/strong> (desde la productividad primaria hasta la producci\u00f3n de alimentos) <strong>que favorecen el bienestar humano<\/strong>. En las \u00faltimas d\u00e9cadas, numerosos estudios proporcionaron valiosa informaci\u00f3n sobre c\u00f3mo diferentes factores de cambio global, tanto clim\u00e1ticos como antropog\u00e9nicos, est\u00e1n relacionados positiva y negativamente con el contenido de carbono.<\/p>\n<p>Sin embargo, estos factores de cambio global fueron estudiados individualmente, y la relaci\u00f3n entre un creciente n\u00famero de factores de cambio global que act\u00faan simult\u00e1neamente a diferentes niveles de estr\u00e9s y el contenido de carbono era desconocida. \u201cLa realidad es que nos enfrentamos a un mundo estresante, donde <strong>los factores de cambio global no son aislados<\/strong>. Los \u00faltimos informes indican una desertificaci\u00f3n m\u00e1s expendida, registros cada vez mayores en los m\u00e1ximos de temperatura, y un n\u00famero cada vez mayor de casos de incendios\u201d, indica <strong>Tadeo S\u00e1ez<\/strong>, primer autor e investigador de la Universidad Pablo de Olavide, quien a\u00f1ade que el objetivo de esta investigaci\u00f3n \u00a0fue \u201cestablecer c\u00f3mo esta realidad influye en el contenido de carbono a escala mundial y proporcionar evidencias cient\u00edficas que podr\u00edan pasarse por alto si consideramos los motores del cambio global individualmente\u201d.<\/p>\n<figure id=\"attachment_30882633\" aria-describedby=\"caption-attachment-30882633\" style=\"width: 315px\" class=\"wp-caption alignright\"><a href=\"https:\/\/www.upo.es\/diario\/wp-content\/uploads\/2024\/06\/PinardeDona.jpg\"><img loading=\"lazy\" decoding=\"async\" class=\"size-medium wp-image-30882633\" src=\"https:\/\/www.upo.es\/diario\/wp-content\/uploads\/2024\/06\/PinardeDona-315x420.jpg\" alt=\"\" width=\"315\" height=\"420\" srcset=\"https:\/\/www.upo.es\/diario\/wp-content\/uploads\/2024\/06\/PinardeDona-315x420.jpg 315w, https:\/\/www.upo.es\/diario\/wp-content\/uploads\/2024\/06\/PinardeDona-394x525.jpg 394w, https:\/\/www.upo.es\/diario\/wp-content\/uploads\/2024\/06\/PinardeDona.jpg 441w\" sizes=\"auto, (max-width: 315px) 100vw, 315px\" \/><\/a><figcaption id=\"caption-attachment-30882633\" class=\"wp-caption-text\">Pinar de Do\u00f1a, Utrera, Espa\u00f1a \/ Manuel Delgado Baquerizo.<\/figcaption><\/figure>\n<p>Los investigadores enfocaron su estudio en regiones del planeta con distintas condiciones clim\u00e1ticas (tropical, \u00e1rido, polar etc.) y tipos de vegetaci\u00f3n (tundra, praderas, bosques tropicales, etc.), <strong>incluyendo un m\u00e1ximo de 13 factores de cambio global<\/strong>. \u201cNuestros resultados mostraron que incrementar el n\u00famero de factores de cambio global podr\u00eda resultar en reducciones dr\u00e1sticas del contenido de carbono. De hecho, nuestra investigaci\u00f3n mostr\u00f3 que incluso un peque\u00f1o n\u00famero de factores de cambio global que superan un nivel intermedio de estr\u00e9s ya es suficiente para mostrar relaciones negativas con su contenido\u201d, indica <strong>Manuel Delgado Baquerizo<\/strong>, investigador l\u00edder del Laboratorio de Biodiversidad y Funcionamiento Ecosist\u00e9mico (BioFunLab) del IRNAS-CSIC, quien afirma que \u201cestos resultados son de gran inter\u00e9s porque demuestran que <strong>el n\u00famero de factores de cambio global es una herramienta poderosa para predecir el almacenamiento de carbono en los ecosistemas terrestres<\/strong>\u201d.<\/p>\n<p>El estudio tambi\u00e9n realiz\u00f3 <strong>mapas globales<\/strong> para indicar las regiones que sufren un <strong>mayor n\u00famero de factores de cambio global que act\u00faan simult\u00e1neamente<\/strong>. \u201cDesafortunadamente, las regiones con condiciones clim\u00e1ticas m\u00e1s duras, caracterizadas por altas temperaturas y m\u00ednimas precipitaciones, est\u00e1n expuestas a un mayor n\u00famero de factores de cambio global. Algunas regiones como el oeste de Estados Unidos y el \u00c1frica sahariana podr\u00edan centrar sus esfuerzos en soluciones clim\u00e1ticas naturales como la restauraci\u00f3n de la vegetaci\u00f3n natural y mejorar el rendimiento de los cultivos para contrarrestar los efectos del n\u00famero de factores de cambio global, pero futuras investigaciones son necesitadas para apoyar estas hip\u00f3tesis\u201d, explica <strong>Antonio Gallardo<\/strong>, catedr\u00e1tico de Ecolog\u00eda de la Universidad Pablo de Olavide.<\/p>\n<figure id=\"attachment_30882632\" aria-describedby=\"caption-attachment-30882632\" style=\"width: 750px\" class=\"wp-caption aligncenter\"><a href=\"https:\/\/www.upo.es\/diario\/wp-content\/uploads\/2024\/06\/Colorado.jpg\"><img loading=\"lazy\" decoding=\"async\" class=\"wp-image-30882632 size-large\" src=\"https:\/\/www.upo.es\/diario\/wp-content\/uploads\/2024\/06\/Colorado-750x422.jpg\" alt=\"\" width=\"750\" height=\"422\" srcset=\"https:\/\/www.upo.es\/diario\/wp-content\/uploads\/2024\/06\/Colorado-750x422.jpg 750w, https:\/\/www.upo.es\/diario\/wp-content\/uploads\/2024\/06\/Colorado-420x236.jpg 420w, https:\/\/www.upo.es\/diario\/wp-content\/uploads\/2024\/06\/Colorado-768x432.jpg 768w, https:\/\/www.upo.es\/diario\/wp-content\/uploads\/2024\/06\/Colorado.jpg 974w\" sizes=\"auto, (max-width: 750px) 100vw, 750px\" \/><\/a><figcaption id=\"caption-attachment-30882632\" class=\"wp-caption-text\">Pastizales muestreados en Colorado, Estados Unidos \/ Manuel Delgado Baquerizo.<\/figcaption><\/figure>\n<p>Sus estimaciones indican que, indudablemente, <strong>comprender los efectos simult\u00e1neos del n\u00famero de factores de cambio global es crucial para anticipar las reducciones del contenido de carbono<\/strong>. \u201cEl mensaje que queremos transmitir es evidente, necesitamos acciones inmediatas para considerar y reducir la multidimensionalidad de los factores de cambio global si queremos mantener niveles adecuados de carbono almacenado en nuestros suelos. Adem\u00e1s, esta urgencia es particularmente evidente en los ecosistemas de baja productividad\u201d, concluye Tadeo S\u00e1ez.<\/p>\n<p><strong>Referencia:<\/strong><\/p>\n<p>S\u00e1ez-Sandino, T., Maestre, F.T., Berdugo, M.\u00a0<em>et al.<\/em>\u00a0<strong>Increasing numbers of global change stressors reduce soil carbon worldwide<\/strong>.\u00a0<em>Nat. Clim. Chang.<\/em>\u00a0(2024). <a href=\"https:\/\/doi.org\/10.1038\/s41558-024-02019-w\">https:\/\/doi.org\/10.1038\/s41558-024-02019-w<\/a><\/p>\n","protected":false},"excerpt":{"rendered":"<p>La Universidad Pablo de Olavide y el Laboratorio de Biodiversidad y Funcionamiento Ecosist\u00e9mico (BioFunLab) del IRNAS-CSIC colideran un estudio publicado en la prestigiosa revista Nature Climate Change cuyos resultados han mostrado que incrementar el n\u00famero de factores de cambio global (ej., desde incrementos de la aridez hasta actividades antropog\u00e9nicas relacionadas con la fertilizaci\u00f3n) reduce los reservorios de carbono en ecosistemas<a class=\"read-more\" href=\"https:\/\/www.upo.es\/diario\/ciencia\/2024\/06\/los-estresantes-ambientales-reducen-el-carbono-en-los-suelos-de-los-ecosistemas-mundiales\/\">[Read More&#8230;]<\/a><\/p>\n","protected":false},"author":4,"featured_media":30882632,"comment_status":"closed","ping_status":"open","sticky":false,"template":"","format":"standard","meta":{"_monsterinsights_skip_tracking":false,"_monsterinsights_sitenote_active":false,"_monsterinsights_sitenote_note":"","_monsterinsights_sitenote_category":0,"footnotes":""},"categories":[3],"tags":[4371,8682,4664,8844,7189,7000,7904],"class_list":["post-30882631","post","type-post","status-publish","format-standard","has-post-thumbnail","hentry","category-ciencia","tag-cambio-global","tag-carbono","tag-ecosistemas","tag-irnas-csic","tag-laboratorio-de-biodiversidad-y-funcionamiento-ecosistemico","tag-manuel-delgado-baquerizo","tag-tadeo-saez"],"_links":{"self":[{"href":"https:\/\/www.upo.es\/diario\/wp-json\/wp\/v2\/posts\/30882631","targetHints":{"allow":["GET"]}}],"collection":[{"href":"https:\/\/www.upo.es\/diario\/wp-json\/wp\/v2\/posts"}],"about":[{"href":"https:\/\/www.upo.es\/diario\/wp-json\/wp\/v2\/types\/post"}],"author":[{"embeddable":true,"href":"https:\/\/www.upo.es\/diario\/wp-json\/wp\/v2\/users\/4"}],"replies":[{"embeddable":true,"href":"https:\/\/www.upo.es\/diario\/wp-json\/wp\/v2\/comments?post=30882631"}],"version-history":[{"count":1,"href":"https:\/\/www.upo.es\/diario\/wp-json\/wp\/v2\/posts\/30882631\/revisions"}],"predecessor-version":[{"id":30882635,"href":"https:\/\/www.upo.es\/diario\/wp-json\/wp\/v2\/posts\/30882631\/revisions\/30882635"}],"wp:featuredmedia":[{"embeddable":true,"href":"https:\/\/www.upo.es\/diario\/wp-json\/wp\/v2\/media\/30882632"}],"wp:attachment":[{"href":"https:\/\/www.upo.es\/diario\/wp-json\/wp\/v2\/media?parent=30882631"}],"wp:term":[{"taxonomy":"category","embeddable":true,"href":"https:\/\/www.upo.es\/diario\/wp-json\/wp\/v2\/categories?post=30882631"},{"taxonomy":"post_tag","embeddable":true,"href":"https:\/\/www.upo.es\/diario\/wp-json\/wp\/v2\/tags?post=30882631"}],"curies":[{"name":"wp","href":"https:\/\/api.w.org\/{rel}","templated":true}]}}