{"id":30882674,"date":"2024-06-14T15:29:26","date_gmt":"2024-06-14T13:29:26","guid":{"rendered":"https:\/\/www.upo.es\/diario\/?p=30882674"},"modified":"2024-06-18T14:44:30","modified_gmt":"2024-06-18T12:44:30","slug":"reconocimiento-de-la-upo-a-caritas-por-su-excelencia-en-la-formacion-de-estudiantes-en-practicas-de-trabajo-social","status":"publish","type":"post","link":"https:\/\/www.upo.es\/diario\/institucional\/2024\/06\/reconocimiento-de-la-upo-a-caritas-por-su-excelencia-en-la-formacion-de-estudiantes-en-practicas-de-trabajo-social\/","title":{"rendered":"Reconocimiento de la UPO a C\u00e1ritas por su excelencia en la formaci\u00f3n de estudiantes en pr\u00e1cticas de Trabajo Social"},"content":{"rendered":"<figure id=\"attachment_30882682\" aria-describedby=\"caption-attachment-30882682\" style=\"width: 750px\" class=\"wp-caption aligncenter\"><a href=\"https:\/\/www.upo.es\/diario\/wp-content\/uploads\/2024\/06\/Practicas-TS-Caritas-0194-scaled.jpg\"><img loading=\"lazy\" decoding=\"async\" class=\"size-large wp-image-30882682\" src=\"https:\/\/www.upo.es\/diario\/wp-content\/uploads\/2024\/06\/Practicas-TS-Caritas-0194-750x422.jpg\" alt=\"Pilar Galindo y Pilar Muruve reciben un obsequio en reconocmiento por la excelencia en la formaci\u00f3n pr\u00e1ctica de estudiantes\" width=\"750\" height=\"422\" srcset=\"https:\/\/www.upo.es\/diario\/wp-content\/uploads\/2024\/06\/Practicas-TS-Caritas-0194-750x422.jpg 750w, https:\/\/www.upo.es\/diario\/wp-content\/uploads\/2024\/06\/Practicas-TS-Caritas-0194-420x236.jpg 420w, https:\/\/www.upo.es\/diario\/wp-content\/uploads\/2024\/06\/Practicas-TS-Caritas-0194-768x432.jpg 768w, https:\/\/www.upo.es\/diario\/wp-content\/uploads\/2024\/06\/Practicas-TS-Caritas-0194-1536x864.jpg 1536w, https:\/\/www.upo.es\/diario\/wp-content\/uploads\/2024\/06\/Practicas-TS-Caritas-0194-2048x1152.jpg 2048w, https:\/\/www.upo.es\/diario\/wp-content\/uploads\/2024\/06\/Practicas-TS-Caritas-0194-1320x743.jpg 1320w\" sizes=\"auto, (max-width: 750px) 100vw, 750px\" \/><\/a><figcaption id=\"caption-attachment-30882682\" class=\"wp-caption-text\">Pilar Galindo y Pilar Muruve reciben un obsequio en reconocimiento por la excelencia de C\u00e1ritas en la formaci\u00f3n pr\u00e1ctica de estudiantes<\/figcaption><\/figure>\n<p>La Facultad de Ciencias Sociales ha celebrado esta ma\u00f1ana un <strong>Encuentro acad\u00e9mico de evaluaci\u00f3n de pr\u00e1cticas curriculares de Trabajo Social<\/strong>. As\u00ed, Juan Miguel G\u00f3mez Espino, decano de la Facultad, ha recibido a tutores y tutoras del estudiantado que ha realizado sus pr\u00e1cticas durante el curso 2023\/2024, en una jornada que ha servido para reflexionar y realizar una puesta en com\u00fan sobre el desarrollo de las asignaturas &#8216;Pr\u00e1cticas de Campo I y II&#8217; de este grado.<\/p>\n<p>Durante el encuentro, <strong>C\u00e1ritas Diocesana de Sevilla ha recibido un reconocimiento por la excelencia en la formaci\u00f3n de estudiantes de Trabajo Social de la Universidad Pablo de Olavide<\/strong>. La entidad de la Iglesia Cat\u00f3lica colabora con la UPO desde sus inicios y ha recibido a m\u00e1s de un centenar de alumnos y alumnas de la Facultad, que han podido as\u00ed completar su curr\u00edculo acad\u00e9mico con una experiencia en los 90 equipos con los que C\u00e1ritas cuenta en la ciudad de Sevilla, m\u00e1s otros 164 que desarrollan su labor en la provincia.<\/p>\n<p><a href=\"https:\/\/www.upo.es\/diario\/wp-content\/uploads\/2024\/06\/Practicas-TS-Caritas-0168-scaled.jpg\"><img loading=\"lazy\" decoding=\"async\" class=\"alignright wp-image-30882683 size-medium\" src=\"https:\/\/www.upo.es\/diario\/wp-content\/uploads\/2024\/06\/Practicas-TS-Caritas-0168-420x280.jpg\" alt=\"Encuentro acad\u00e9mico de Evaluaci\u00f3n de Pr\u00e1cticas de Trabajo Social\" width=\"420\" height=\"280\" srcset=\"https:\/\/www.upo.es\/diario\/wp-content\/uploads\/2024\/06\/Practicas-TS-Caritas-0168-420x280.jpg 420w, https:\/\/www.upo.es\/diario\/wp-content\/uploads\/2024\/06\/Practicas-TS-Caritas-0168-750x500.jpg 750w, https:\/\/www.upo.es\/diario\/wp-content\/uploads\/2024\/06\/Practicas-TS-Caritas-0168-768x512.jpg 768w, https:\/\/www.upo.es\/diario\/wp-content\/uploads\/2024\/06\/Practicas-TS-Caritas-0168-1536x1024.jpg 1536w, https:\/\/www.upo.es\/diario\/wp-content\/uploads\/2024\/06\/Practicas-TS-Caritas-0168-2048x1365.jpg 2048w\" sizes=\"auto, (max-width: 420px) 100vw, 420px\" \/><\/a><strong>Pilar Galindo<\/strong>, responsable de Formaci\u00f3n y Voluntariado de C\u00e1ritas en Sevilla, ha se\u00f1alado que \u00absi algo caracteriza a C\u00e1ritas es que la primera figura que entra en la entidad es la de Trabajo Social\u00bb. \u00abGeneramos acogida para que los procesos de inserci\u00f3n sean un \u00e9xito\u00bb, ha afirmado. <strong>Pilar Muruve<\/strong>, responsable de Migraciones, ha subrayado que \u00able damos a los estudiantes en pr\u00e1cticas la oportunidad de conocer todas las \u00e1reas de C\u00e1ritas, no solo en las que est\u00e1n colaborando\u00bb, y ha remarcado que en todos los departamentos los trabajadores y trabajadoras sociales son parte fundamental.<\/p>\n<p><strong>Estrella Abolafio<\/strong>, vicedecana de Pr\u00e1cticas y Empleabilidad de la Facultad de Ciencias Sociales, ha destacado que gracias a C\u00e1ritas \u00abel alumnado de la UPO recibe una formaci\u00f3n que les permite profesionalizarse en la asistencia y en la lucha por los derechos humanos\u00bb. \u00abEn C\u00e1ritas trabaj\u00e1is por la dignidad de las personas\u00bb, ha concluido.<\/p>\n","protected":false},"excerpt":{"rendered":"<p>La Facultad de Ciencias Sociales ha celebrado esta ma\u00f1ana un Encuentro acad\u00e9mico de evaluaci\u00f3n de pr\u00e1cticas curriculares del Grado en Trabajo Social.<\/p>\n","protected":false},"author":6,"featured_media":30882682,"comment_status":"closed","ping_status":"open","sticky":false,"template":"","format":"standard","meta":{"_monsterinsights_skip_tracking":false,"_monsterinsights_sitenote_active":false,"_monsterinsights_sitenote_note":"","_monsterinsights_sitenote_category":0,"footnotes":""},"categories":[6],"tags":[1239,3989,487,1457,574,8805,65,103],"class_list":["post-30882674","post","type-post","status-publish","format-standard","has-post-thumbnail","hentry","category-institucional","tag-caritas","tag-empleabilidad","tag-facultad-ciencias-sociales","tag-grado-en-trabajo-social","tag-insercion-sociolaboral","tag-juan-miguel-gomez-espino","tag-practicas","tag-trabajo-social"],"_links":{"self":[{"href":"https:\/\/www.upo.es\/diario\/wp-json\/wp\/v2\/posts\/30882674","targetHints":{"allow":["GET"]}}],"collection":[{"href":"https:\/\/www.upo.es\/diario\/wp-json\/wp\/v2\/posts"}],"about":[{"href":"https:\/\/www.upo.es\/diario\/wp-json\/wp\/v2\/types\/post"}],"author":[{"embeddable":true,"href":"https:\/\/www.upo.es\/diario\/wp-json\/wp\/v2\/users\/6"}],"replies":[{"embeddable":true,"href":"https:\/\/www.upo.es\/diario\/wp-json\/wp\/v2\/comments?post=30882674"}],"version-history":[{"count":5,"href":"https:\/\/www.upo.es\/diario\/wp-json\/wp\/v2\/posts\/30882674\/revisions"}],"predecessor-version":[{"id":30882685,"href":"https:\/\/www.upo.es\/diario\/wp-json\/wp\/v2\/posts\/30882674\/revisions\/30882685"}],"wp:featuredmedia":[{"embeddable":true,"href":"https:\/\/www.upo.es\/diario\/wp-json\/wp\/v2\/media\/30882682"}],"wp:attachment":[{"href":"https:\/\/www.upo.es\/diario\/wp-json\/wp\/v2\/media?parent=30882674"}],"wp:term":[{"taxonomy":"category","embeddable":true,"href":"https:\/\/www.upo.es\/diario\/wp-json\/wp\/v2\/categories?post=30882674"},{"taxonomy":"post_tag","embeddable":true,"href":"https:\/\/www.upo.es\/diario\/wp-json\/wp\/v2\/tags?post=30882674"}],"curies":[{"name":"wp","href":"https:\/\/api.w.org\/{rel}","templated":true}]}}