{"id":30882706,"date":"2024-06-17T09:43:38","date_gmt":"2024-06-17T07:43:38","guid":{"rendered":"https:\/\/www.upo.es\/diario\/?p=30882706"},"modified":"2024-06-17T14:53:20","modified_gmt":"2024-06-17T12:53:20","slug":"ceremonia-de-graduacion-del-grado-en-sociologia-y-el-doble-grado-con-ciencias-politicas-y-de-la-administracion-2","status":"publish","type":"post","link":"https:\/\/www.upo.es\/diario\/comunidad\/2024\/06\/ceremonia-de-graduacion-del-grado-en-sociologia-y-el-doble-grado-con-ciencias-politicas-y-de-la-administracion-2\/","title":{"rendered":"Ceremonia de graduaci\u00f3n del Grado en Sociolog\u00eda y el Doble Grado con Ciencias Pol\u00edticas y de la Administraci\u00f3n"},"content":{"rendered":"<figure id=\"attachment_30882708\" aria-describedby=\"caption-attachment-30882708\" style=\"width: 750px\" class=\"wp-caption aligncenter\"><a href=\"https:\/\/www.upo.es\/diario\/wp-content\/uploads\/2024\/06\/2.jpeg\"><img loading=\"lazy\" decoding=\"async\" class=\"size-large wp-image-30882708\" src=\"https:\/\/www.upo.es\/diario\/wp-content\/uploads\/2024\/06\/2-750x422.jpeg\" alt=\"\" width=\"750\" height=\"422\" srcset=\"https:\/\/www.upo.es\/diario\/wp-content\/uploads\/2024\/06\/2-750x422.jpeg 750w, https:\/\/www.upo.es\/diario\/wp-content\/uploads\/2024\/06\/2-420x236.jpeg 420w, https:\/\/www.upo.es\/diario\/wp-content\/uploads\/2024\/06\/2-768x432.jpeg 768w, https:\/\/www.upo.es\/diario\/wp-content\/uploads\/2024\/06\/2-1536x865.jpeg 1536w, https:\/\/www.upo.es\/diario\/wp-content\/uploads\/2024\/06\/2-1320x743.jpeg 1320w, https:\/\/www.upo.es\/diario\/wp-content\/uploads\/2024\/06\/2.jpeg 2048w\" sizes=\"auto, (max-width: 750px) 100vw, 750px\" \/><\/a><figcaption id=\"caption-attachment-30882708\" class=\"wp-caption-text\">Promoci\u00f3n 2020\/2024 del Grado en Sociolog\u00eda<\/figcaption><\/figure>\n<p>La ceremonia de egresados y egresadas de la <strong>promoci\u00f3n 2020\/2024 del Grado en Sociolog\u00eda<\/strong> y la <strong>promoci\u00f3n 2019\/2024 del Doble Grado en Sociolog\u00eda y Ciencias Pol\u00edticas y de la Administraci\u00f3n<\/strong> se celebr\u00f3 el pasado viernes en el Paraninfo de la Universidad Pablo de Olavide. El acto fue presidido por los decanos Juan Miguel G\u00f3mez Espino, de la Facultad de Ciencias Sociales, y C\u00e9sar Hornero M\u00e9ndez, de la Facultad de Derecho.<\/p>\n<p>El padrino de las promociones ha sido <strong>Jos\u00e9 Moreno Jim\u00e9nez, soci\u00f3logo e investigador de la Universidad de Granada<\/strong>. A la ceremonia tambi\u00e9n asistieron Enrique Mart\u00edn Criado, catedr\u00e1tico de Sociolog\u00eda de la UPO como invitado de honor de los egresados y egresadas del Grado en Sociolog\u00eda; Rub\u00e9n Mart\u00edn Gimeno, profesor del \u00c1rea de Sociolog\u00eda de la Olavide como invitado de honor del estudiantado del Doble Grado; y Beatriz Mac\u00edas G\u00f3mez-Estern, vicedecana de Internacionalizaci\u00f3n de la Facultad de Ciencias Sociales.<\/p>\n<p>En representaci\u00f3n del alumnado egresado, pronunciaron los discursos Andr\u00e9s Garc\u00eda Bernab\u00e9u y Anahi Cede\u00f1o Ganchozo del Grado en Sociolog\u00eda y Lidia Iglesias Gir\u00e1ldez y Pablo Romero Medinilla del Doble Grado en Sociolog\u00eda y Ciencias Pol\u00edticas y de la Administraci\u00f3n. Un total de 49 egresados y egresadas asistieron, junto a sus familiares, a este acto con el que la Universidad Pablo de Olavide recupera una antigua tradici\u00f3n de las universidades europeas.<\/p>\n<figure id=\"attachment_30882707\" aria-describedby=\"caption-attachment-30882707\" style=\"width: 750px\" class=\"wp-caption aligncenter\"><a href=\"https:\/\/www.upo.es\/diario\/wp-content\/uploads\/2024\/06\/1.jpeg\"><img loading=\"lazy\" decoding=\"async\" class=\"size-large wp-image-30882707\" src=\"https:\/\/www.upo.es\/diario\/wp-content\/uploads\/2024\/06\/1-750x422.jpeg\" alt=\"Egresados\" width=\"750\" height=\"422\" srcset=\"https:\/\/www.upo.es\/diario\/wp-content\/uploads\/2024\/06\/1-750x422.jpeg 750w, https:\/\/www.upo.es\/diario\/wp-content\/uploads\/2024\/06\/1-420x236.jpeg 420w, https:\/\/www.upo.es\/diario\/wp-content\/uploads\/2024\/06\/1-768x432.jpeg 768w, https:\/\/www.upo.es\/diario\/wp-content\/uploads\/2024\/06\/1-1536x865.jpeg 1536w, https:\/\/www.upo.es\/diario\/wp-content\/uploads\/2024\/06\/1-1320x743.jpeg 1320w, https:\/\/www.upo.es\/diario\/wp-content\/uploads\/2024\/06\/1.jpeg 2048w\" sizes=\"auto, (max-width: 750px) 100vw, 750px\" \/><\/a><figcaption id=\"caption-attachment-30882707\" class=\"wp-caption-text\">Promoci\u00f3n 2019\/2024 del Doble Grado en Sociolog\u00eda y Ciencias Pol\u00edticas y de la Administraci\u00f3n<\/figcaption><\/figure>\n<p>&nbsp;<\/p>\n<p>&nbsp;<\/p>\n<p>&nbsp;<\/p>\n","protected":false},"excerpt":{"rendered":"<p>La ceremonia de egresados y egresadas de la promoci\u00f3n 2020\/2024 del Grado en Sociolog\u00eda y la promoci\u00f3n 2019\/2024 del Doble Grado en Sociolog\u00eda y Ciencias Pol\u00edticas y de la Administraci\u00f3n se celebr\u00f3 en el Paraninfo de la Universidad Pablo de Olavide. El acto fue presidido por los decanos Juan Miguel G\u00f3mez Espino, de la Facultad de Ciencias Sociales, y C\u00e9sar Hornero M\u00e9ndez, de la Facultad de Derecho.<\/p>\n","protected":false},"author":4,"featured_media":30882709,"comment_status":"closed","ping_status":"open","sticky":false,"template":"","format":"standard","meta":{"_monsterinsights_skip_tracking":false,"_monsterinsights_sitenote_active":false,"_monsterinsights_sitenote_note":"","_monsterinsights_sitenote_category":0,"footnotes":""},"categories":[5842],"tags":[581,3460,487,81,2461],"class_list":["post-30882706","post","type-post","status-publish","format-standard","has-post-thumbnail","hentry","category-comunidad","tag-ceremonia-de-egresados","tag-doble-grado-en-sociologia-y-ciencias-politicas-y-de-la-administracion","tag-facultad-ciencias-sociales","tag-facultad-de-derecho","tag-grado-en-sociologia"],"_links":{"self":[{"href":"https:\/\/www.upo.es\/diario\/wp-json\/wp\/v2\/posts\/30882706","targetHints":{"allow":["GET"]}}],"collection":[{"href":"https:\/\/www.upo.es\/diario\/wp-json\/wp\/v2\/posts"}],"about":[{"href":"https:\/\/www.upo.es\/diario\/wp-json\/wp\/v2\/types\/post"}],"author":[{"embeddable":true,"href":"https:\/\/www.upo.es\/diario\/wp-json\/wp\/v2\/users\/4"}],"replies":[{"embeddable":true,"href":"https:\/\/www.upo.es\/diario\/wp-json\/wp\/v2\/comments?post=30882706"}],"version-history":[{"count":2,"href":"https:\/\/www.upo.es\/diario\/wp-json\/wp\/v2\/posts\/30882706\/revisions"}],"predecessor-version":[{"id":30882711,"href":"https:\/\/www.upo.es\/diario\/wp-json\/wp\/v2\/posts\/30882706\/revisions\/30882711"}],"wp:featuredmedia":[{"embeddable":true,"href":"https:\/\/www.upo.es\/diario\/wp-json\/wp\/v2\/media\/30882709"}],"wp:attachment":[{"href":"https:\/\/www.upo.es\/diario\/wp-json\/wp\/v2\/media?parent=30882706"}],"wp:term":[{"taxonomy":"category","embeddable":true,"href":"https:\/\/www.upo.es\/diario\/wp-json\/wp\/v2\/categories?post=30882706"},{"taxonomy":"post_tag","embeddable":true,"href":"https:\/\/www.upo.es\/diario\/wp-json\/wp\/v2\/tags?post=30882706"}],"curies":[{"name":"wp","href":"https:\/\/api.w.org\/{rel}","templated":true}]}}