{"id":30882737,"date":"2024-06-18T16:13:29","date_gmt":"2024-06-18T14:13:29","guid":{"rendered":"https:\/\/www.upo.es\/diario\/?p=30882737"},"modified":"2024-06-20T16:53:07","modified_gmt":"2024-06-20T14:53:07","slug":"experto-declara-que-a-veces-el-patrimonio-se-manipula-y-transforma-para-estimular-el-desarrollo-economico","status":"publish","type":"post","link":"https:\/\/www.upo.es\/diario\/cursos-verano\/2024\/06\/experto-declara-que-a-veces-el-patrimonio-se-manipula-y-transforma-para-estimular-el-desarrollo-economico\/","title":{"rendered":"Experto declara que, a veces, el patrimonio se \u201cmanipula y transforma\u201d para estimular \u201cel desarrollo econ\u00f3mico\u201d"},"content":{"rendered":"<figure id=\"attachment_30882738\" aria-describedby=\"caption-attachment-30882738\" style=\"width: 750px\" class=\"wp-caption aligncenter\"><a href=\"https:\/\/www.upo.es\/diario\/wp-content\/uploads\/2024\/06\/Fernando-Quiles-scaled.jpg\"><img loading=\"lazy\" decoding=\"async\" class=\"size-large wp-image-30882738\" src=\"https:\/\/www.upo.es\/diario\/wp-content\/uploads\/2024\/06\/Fernando-Quiles-750x500.jpg\" alt=\"Fernando Quiles en la sede de la UPO en Carmona\" width=\"750\" height=\"500\" srcset=\"https:\/\/www.upo.es\/diario\/wp-content\/uploads\/2024\/06\/Fernando-Quiles-750x500.jpg 750w, https:\/\/www.upo.es\/diario\/wp-content\/uploads\/2024\/06\/Fernando-Quiles-420x280.jpg 420w, https:\/\/www.upo.es\/diario\/wp-content\/uploads\/2024\/06\/Fernando-Quiles-768x512.jpg 768w, https:\/\/www.upo.es\/diario\/wp-content\/uploads\/2024\/06\/Fernando-Quiles-1536x1024.jpg 1536w, https:\/\/www.upo.es\/diario\/wp-content\/uploads\/2024\/06\/Fernando-Quiles-2048x1365.jpg 2048w, https:\/\/www.upo.es\/diario\/wp-content\/uploads\/2024\/06\/Fernando-Quiles-165x109.jpg 165w, https:\/\/www.upo.es\/diario\/wp-content\/uploads\/2024\/06\/Fernando-Quiles-1320x880.jpg 1320w\" sizes=\"auto, (max-width: 750px) 100vw, 750px\" \/><\/a><figcaption id=\"caption-attachment-30882738\" class=\"wp-caption-text\">Fernando Quiles en la sede de la UPO en Carmona<\/figcaption><\/figure>\n<p>\u201cEl turismo sostenible tiene mucha importancia para la conservaci\u00f3n del patrimonio\u201d y ha recalcado la importancia de la palabra \u201csostenible\u201d. \u201cNo se pueden colmar los cascos hist\u00f3ricos con apartamentos tur\u00edsticos insertos dentro de viviendas familiares\u201d, ha asegurado. Al final, \u201cmuchos barrios est\u00e1n perdiendo su identidad porque est\u00e1n llenos de apartamentos y de aparta hoteles. Hay que ponerle l\u00edmite a eso\u201d, ha a\u00f1adido el profesor, quien ha participado, y dirige junto a la arquitecta Mar\u00eda Cristina Dawson, el <strong>curso de verano \u2018Introducci\u00f3n al concepto de patrimonio cultural, su protecci\u00f3n y valorizaci\u00f3n\u2019<\/strong>, que comenz\u00f3 el pasado lunes en la sede de la Universidad Pablo de Olavide en Carmona.<\/p>\n<p>Adem\u00e1s, ha se\u00f1alado que \u201cel dinero que hay es el que hay\u201d, y que, en ocasiones, \u201chay que atender otras necesidades econ\u00f3micas a nivel de sociedad, como poblaciones cada vez m\u00e1s necesitadas de apoyo econ\u00f3mico, la tercera edad o la asistencia m\u00e9dica\u201d. Por eso, <strong>aunque las instituciones gubernamentales son un factor clave para preservar el patrimonio en este aspecto, \u201cla sociedad tiene que tener un papel m\u00e1s prevalente que el de los organismos de gobierno y tiene que involucrarse m\u00e1s. No podemos dejarlo todo en manos de las instituciones gubernamentales\u201d<\/strong>.<\/p>\n<p>En relaci\u00f3n con la protecci\u00f3n del patrimonio cultural, Quiles ha defendido que es fundamental concienciar a la sociedad sobre este tema desde la infancia. <strong>\u201cHay que sensibilizar a la poblaci\u00f3n sobre la importancia del patrimonio desde las primeras etapas de conocimiento, desde la primaria y la secundaria<\/strong>, para que lo vean como algo positivo\u201d ya que \u201ctransmitir el valor del patrimonio en una edad madura es obligado y es m\u00e1s complicado\u201d, ha explicado el experto.<\/p>\n<p>Algunas de las medidas que podr\u00edan llevarse a cabo son, por ejemplo \u201cconcienciar del valor del flamenco, de las fiestas locales, o adaptar estudios y ensayos a un formato m\u00e1s propio de la ni\u00f1ez, como los cuentos\u201d y lo m\u00e1s importante, \u201ccrear un grupo de docentes que sepan transmitir a esos chiquillos, conociendo sus edades y sus capacidades de asumir conocimiento, el valor de ese patrimonio\u201d. Ha asegurado que \u201csi desde peque\u00f1os van asumiendo esa importancia, cuando lleguen a la mayor\u00eda de edad, nadie va a discutir con ellos de si es importante o no ese patrimonio\u201d.<\/p>\n<p>Fuente: Europa Press<\/p>\n","protected":false},"excerpt":{"rendered":"<p>Profesor de la Universidad Pablo de Olavide y director de la C\u00e1tedra de Estudios Barrocos Iberoamericanos, Fernando Quiles Garc\u00eda, ha declarado que \u201cel patrimonio se ha planteado como una especie de motor de desarrollo econ\u00f3mico\u201d, con lo cual, a veces \u201cel patrimonio se manipula y se transforma para estimular esa econom\u00eda\u201d.<\/p>\n","protected":false},"author":6,"featured_media":30882738,"comment_status":"closed","ping_status":"open","sticky":false,"template":"","format":"standard","meta":{"_monsterinsights_skip_tracking":false,"_monsterinsights_sitenote_active":false,"_monsterinsights_sitenote_note":"","_monsterinsights_sitenote_category":0,"footnotes":""},"categories":[729],"tags":[23,22,2752,519,129],"class_list":["post-30882737","post","type-post","status-publish","format-standard","has-post-thumbnail","hentry","category-cursos-verano","tag-carmona","tag-cursos-de-verano","tag-fernando-quiles","tag-olavide-en-carmona","tag-patrimonio"],"_links":{"self":[{"href":"https:\/\/www.upo.es\/diario\/wp-json\/wp\/v2\/posts\/30882737","targetHints":{"allow":["GET"]}}],"collection":[{"href":"https:\/\/www.upo.es\/diario\/wp-json\/wp\/v2\/posts"}],"about":[{"href":"https:\/\/www.upo.es\/diario\/wp-json\/wp\/v2\/types\/post"}],"author":[{"embeddable":true,"href":"https:\/\/www.upo.es\/diario\/wp-json\/wp\/v2\/users\/6"}],"replies":[{"embeddable":true,"href":"https:\/\/www.upo.es\/diario\/wp-json\/wp\/v2\/comments?post=30882737"}],"version-history":[{"count":2,"href":"https:\/\/www.upo.es\/diario\/wp-json\/wp\/v2\/posts\/30882737\/revisions"}],"predecessor-version":[{"id":30882740,"href":"https:\/\/www.upo.es\/diario\/wp-json\/wp\/v2\/posts\/30882737\/revisions\/30882740"}],"wp:featuredmedia":[{"embeddable":true,"href":"https:\/\/www.upo.es\/diario\/wp-json\/wp\/v2\/media\/30882738"}],"wp:attachment":[{"href":"https:\/\/www.upo.es\/diario\/wp-json\/wp\/v2\/media?parent=30882737"}],"wp:term":[{"taxonomy":"category","embeddable":true,"href":"https:\/\/www.upo.es\/diario\/wp-json\/wp\/v2\/categories?post=30882737"},{"taxonomy":"post_tag","embeddable":true,"href":"https:\/\/www.upo.es\/diario\/wp-json\/wp\/v2\/tags?post=30882737"}],"curies":[{"name":"wp","href":"https:\/\/api.w.org\/{rel}","templated":true}]}}