{"id":30882756,"date":"2024-06-19T14:51:50","date_gmt":"2024-06-19T12:51:50","guid":{"rendered":"https:\/\/www.upo.es\/diario\/?p=30882756"},"modified":"2024-11-13T22:01:53","modified_gmt":"2024-11-13T21:01:53","slug":"comunicado-de-aupa-sobre-el-acuerdo-para-la-incorporacion-de-profesorado-ayudante-doctor","status":"publish","type":"post","link":"https:\/\/www.upo.es\/diario\/institucional\/2024\/06\/comunicado-de-aupa-sobre-el-acuerdo-para-la-incorporacion-de-profesorado-ayudante-doctor\/","title":{"rendered":"Comunicado sobre el acuerdo para la incorporaci\u00f3n de profesorado ayudante doctor"},"content":{"rendered":"<p><a href=\"https:\/\/www.upo.es\/diario\/wp-content\/uploads\/2024\/05\/np_LOGOS_AUPA.jpg\"><img loading=\"lazy\" decoding=\"async\" class=\"aligncenter size-large wp-image-30882167\" src=\"https:\/\/www.upo.es\/diario\/wp-content\/uploads\/2024\/05\/np_LOGOS_AUPA-750x384.jpg\" alt=\"Universidades P\u00fablicas Andaluzas\" width=\"750\" height=\"384\" srcset=\"https:\/\/www.upo.es\/diario\/wp-content\/uploads\/2024\/05\/np_LOGOS_AUPA-750x384.jpg 750w, https:\/\/www.upo.es\/diario\/wp-content\/uploads\/2024\/05\/np_LOGOS_AUPA-420x215.jpg 420w, https:\/\/www.upo.es\/diario\/wp-content\/uploads\/2024\/05\/np_LOGOS_AUPA-768x393.jpg 768w, https:\/\/www.upo.es\/diario\/wp-content\/uploads\/2024\/05\/np_LOGOS_AUPA.jpg 880w\" sizes=\"auto, (max-width: 750px) 100vw, 750px\" \/><\/a>Desde las universidades p\u00fablicas de Andaluc\u00eda acogemos con satisfacci\u00f3n el fruct\u00edfero acuerdo alcanzado en la \u00faltima Conferencia General de Pol\u00edtica Universitaria, que incluye la creaci\u00f3n y provisi\u00f3n de 774 nuevas plazas de profesorado ayudante doctor en el Sistema Universitario P\u00fablico Andaluz. Estas plazas estar\u00e1n cofinanciadas por el Ministerio de Ciencia, Innovaci\u00f3n y Universidades (468) y por la Consejer\u00eda de Universidad, Investigaci\u00f3n e Innovaci\u00f3n (306). La gesti\u00f3n de los fondos la realizar\u00e1 el Gobierno andaluz en el marco de sus competencias en educaci\u00f3n superior.<\/p>\n<p>El acuerdo suscrito entre el Gobierno central y las Comunidades Aut\u00f3nomas, tan positivo como esperado por las universidades, permitir\u00e1 a nuestras instituciones comenzar a cumplir con lo establecido en la LOSU, que requiere un refuerzo de nuestras plantillas para adaptarlas al cambio de dedicaci\u00f3n m\u00e1xima del profesorado asociado y del profesorado ayudante doctor.<\/p>\n<p>Con la creaci\u00f3n y provisi\u00f3n de plazas en la etapa inicial de la carrera acad\u00e9mica, las universidades podremos abordar con m\u00e1s medios el relevo generacional, aumentando la retenci\u00f3n y captaci\u00f3n de talento joven, al tiempo que reducimos la excesiva temporalidad en el empleo, mejoramos la calidad de la docencia e incrementamos la producci\u00f3n cient\u00edfica.<\/p>\n<p>Las universidades p\u00fablicas de Andaluc\u00eda valoramos la altura de miras necesaria para la consecuci\u00f3n de un acuerdo pionero como el que nos ocupa, y espec\u00edficamente agradecemos el esfuerzo y la convicci\u00f3n del consejero de Universidad, Investigaci\u00f3n e Innovaci\u00f3n. Un hecho que pone de manifiesto que la cooperaci\u00f3n institucional entre ambas administraciones genera cuantiosos efectos positivos sobre el sistema universitario p\u00fablico andaluz, y, por ende, mejoras para toda la sociedad andaluza.<\/p>\n<p>Por ello, instamos al Gobierno central y a la Junta de Andaluc\u00eda a que sigan avanzando por esta senda, para llegar, cuanto antes, a un acuerdo que permita concretar c\u00f3mo y cu\u00e1ndo se alcanzar\u00e1 el 1% del PIB como suelo de inversi\u00f3n p\u00fablica en educaci\u00f3n superior seg\u00fan lo mandatado por la LOSU.<\/p>\n<hr \/>\n<p>Jos\u00e9 Joaqu\u00edn C\u00e9spedes Lorente, Rector de la Universidad de Almer\u00eda<\/p>\n<p>Casimiro Mantell Serrano, Rector Universidad de C\u00e1diz<\/p>\n<p>Manuel Torralbo Rodr\u00edguez, Rector de la Universidad de C\u00f3rdoba<\/p>\n<p>Pedro Mercado Pacheco, Rector de la Universidad de Granada<\/p>\n<p>M\u00aa Antonia Pe\u00f1a Guerrero, Rectora de la Universidad de Huelva<\/p>\n<p>Jos\u00e9 Ignacio Garc\u00eda P\u00e9rez, Rector de la Universidad Internacional de Andaluc\u00eda<\/p>\n<p>Nicol\u00e1s Ruiz Reyes, Rector de la Universidad de Ja\u00e9n<\/p>\n<p>Juan Teodomiro L\u00f3pez Navarrete, Rector Universidad de M\u00e1laga<\/p>\n<p>Francisco Oliva Bl\u00e1zquez, Rector de la Universidad Pablo de Olavide<\/p>\n<p>Miguel \u00c1ngel Castro Arroyo, Rector de la Universidad de Sevilla<\/p>\n","protected":false},"excerpt":{"rendered":"<p>Desde las universidades p\u00fablicas de Andaluc\u00eda acogemos con satisfacci\u00f3n el fruct\u00edfero acuerdo alcanzado en la \u00faltima Conferencia General de Pol\u00edtica Universitaria, que incluye la creaci\u00f3n y provisi\u00f3n de 774 nuevas plazas de profesorado ayudante doctor en el Sistema Universitario P\u00fablico Andaluz.<\/p>\n","protected":false},"author":4,"featured_media":30882167,"comment_status":"closed","ping_status":"open","sticky":false,"template":"","format":"standard","meta":{"_monsterinsights_skip_tracking":false,"_monsterinsights_sitenote_active":false,"_monsterinsights_sitenote_note":"","_monsterinsights_sitenote_category":0,"footnotes":""},"categories":[6],"tags":[2842,8856,8040,8855,5488],"class_list":["post-30882756","post","type-post","status-publish","format-standard","has-post-thumbnail","hentry","category-institucional","tag-aupa","tag-conferencia-general-de-politica-universitaria","tag-losu","tag-profesorado-ayudante-doctor","tag-universidades-publicas-andaluzas"],"_links":{"self":[{"href":"https:\/\/www.upo.es\/diario\/wp-json\/wp\/v2\/posts\/30882756","targetHints":{"allow":["GET"]}}],"collection":[{"href":"https:\/\/www.upo.es\/diario\/wp-json\/wp\/v2\/posts"}],"about":[{"href":"https:\/\/www.upo.es\/diario\/wp-json\/wp\/v2\/types\/post"}],"author":[{"embeddable":true,"href":"https:\/\/www.upo.es\/diario\/wp-json\/wp\/v2\/users\/4"}],"replies":[{"embeddable":true,"href":"https:\/\/www.upo.es\/diario\/wp-json\/wp\/v2\/comments?post=30882756"}],"version-history":[{"count":2,"href":"https:\/\/www.upo.es\/diario\/wp-json\/wp\/v2\/posts\/30882756\/revisions"}],"predecessor-version":[{"id":30882758,"href":"https:\/\/www.upo.es\/diario\/wp-json\/wp\/v2\/posts\/30882756\/revisions\/30882758"}],"wp:featuredmedia":[{"embeddable":true,"href":"https:\/\/www.upo.es\/diario\/wp-json\/wp\/v2\/media\/30882167"}],"wp:attachment":[{"href":"https:\/\/www.upo.es\/diario\/wp-json\/wp\/v2\/media?parent=30882756"}],"wp:term":[{"taxonomy":"category","embeddable":true,"href":"https:\/\/www.upo.es\/diario\/wp-json\/wp\/v2\/categories?post=30882756"},{"taxonomy":"post_tag","embeddable":true,"href":"https:\/\/www.upo.es\/diario\/wp-json\/wp\/v2\/tags?post=30882756"}],"curies":[{"name":"wp","href":"https:\/\/api.w.org\/{rel}","templated":true}]}}