{"id":30882784,"date":"2024-06-20T16:43:09","date_gmt":"2024-06-20T14:43:09","guid":{"rendered":"https:\/\/www.upo.es\/diario\/?p=30882784"},"modified":"2024-06-27T14:41:23","modified_gmt":"2024-06-27T12:41:23","slug":"la-universidad-pablo-de-olavide-incorporara-ochenta-plazas-de-profesorado-ayudante-doctor-en-los-proximos-tres-anos","status":"publish","type":"post","link":"https:\/\/www.upo.es\/diario\/institucional\/2024\/06\/la-universidad-pablo-de-olavide-incorporara-ochenta-plazas-de-profesorado-ayudante-doctor-en-los-proximos-tres-anos\/","title":{"rendered":"La Universidad Pablo de Olavide incorporar\u00e1 ochenta plazas de profesorado ayudante doctor en los pr\u00f3ximos tres a\u00f1os"},"content":{"rendered":"<figure id=\"attachment_30882782\" aria-describedby=\"caption-attachment-30882782\" style=\"width: 750px\" class=\"wp-caption aligncenter\"><a href=\"https:\/\/www.upo.es\/diario\/wp-content\/uploads\/2024\/06\/CG_20240620-0299-scaled.jpg\"><img loading=\"lazy\" decoding=\"async\" class=\"size-large wp-image-30882782\" src=\"https:\/\/www.upo.es\/diario\/wp-content\/uploads\/2024\/06\/CG_20240620-0299-750x422.jpg\" alt=\"Sesi\u00f3n del Consejo de Gobierno en el Rectorado UPO\" width=\"750\" height=\"422\" srcset=\"https:\/\/www.upo.es\/diario\/wp-content\/uploads\/2024\/06\/CG_20240620-0299-750x422.jpg 750w, https:\/\/www.upo.es\/diario\/wp-content\/uploads\/2024\/06\/CG_20240620-0299-420x236.jpg 420w, https:\/\/www.upo.es\/diario\/wp-content\/uploads\/2024\/06\/CG_20240620-0299-768x432.jpg 768w, https:\/\/www.upo.es\/diario\/wp-content\/uploads\/2024\/06\/CG_20240620-0299-1536x864.jpg 1536w, https:\/\/www.upo.es\/diario\/wp-content\/uploads\/2024\/06\/CG_20240620-0299-2048x1152.jpg 2048w, https:\/\/www.upo.es\/diario\/wp-content\/uploads\/2024\/06\/CG_20240620-0299-1320x743.jpg 1320w\" sizes=\"auto, (max-width: 750px) 100vw, 750px\" \/><\/a><figcaption id=\"caption-attachment-30882782\" class=\"wp-caption-text\">Sesi\u00f3n del Consejo de Gobierno en el Rectorado UPO<\/figcaption><\/figure>\n<p>El rector de la Universidad Pablo de Olavide ha detallado esta ma\u00f1ana, en su informe al Consejo de Gobierno, los t\u00e9rminos en los que se traducir\u00e1 para la UPO el <strong>acuerdo suscrito esta semana en la Conferencia General de Pol\u00edtica Universitaria para la incorporaci\u00f3n en las universidades espa\u00f1olas de profesorado ayudante doctor<\/strong>. Francisco Oliva ha destacado que, <strong>de Andaluc\u00eda, la Olavide es la Universidad que m\u00e1s plazas obtiene en t\u00e9rminos relativos, lo que ha calificado de \u201cmuy positivo\u201d<\/strong>.<\/p>\n<p>En total, <a href=\"https:\/\/www.upo.es\/diario\/institucional\/2024\/06\/comunicado-de-aupa-sobre-el-acuerdo-para-la-incorporacion-de-profesorado-ayudante-doctor\/\">en el sistema p\u00fablico universitario andaluz, se crear\u00e1n 774 nuevas plazas<\/a> de profesorado ayudante doctor, cofinanciadas por el Ministerio de Ciencia, Innovaci\u00f3n y Universidades (468) y por la Consejer\u00eda de Universidad, Investigaci\u00f3n e Innovaci\u00f3n (306), con una inversi\u00f3n total de 126 millones de euros. De \u00e9stas, <strong>en torno a ochenta corresponden a la Universidad Pablo de Olavide<\/strong>, de las que el 60% ser\u00e1n financiadas por el Gobierno central \u2014y deber\u00e1n convocarse en un a\u00f1o\u2014 y el resto corre a cargo de la Junta de Andaluc\u00eda, con un plazo de incorporaci\u00f3n de hasta tres a\u00f1os. La provisi\u00f3n de estas plazas supondr\u00e1 para la Universidad Pablo de Olavide una inversi\u00f3n anual de 3.649.000 euros durante los pr\u00f3ximos seis a\u00f1os.<\/p>\n<p><a href=\"https:\/\/www.upo.es\/diario\/wp-content\/uploads\/2024\/06\/CG_20240620_rector-0315-scaled.jpg\"><img loading=\"lazy\" decoding=\"async\" class=\"alignright size-medium wp-image-30882783\" src=\"https:\/\/www.upo.es\/diario\/wp-content\/uploads\/2024\/06\/CG_20240620_rector-0315-420x280.jpg\" alt=\"Francisco Oliva durante su informe\" width=\"420\" height=\"280\" srcset=\"https:\/\/www.upo.es\/diario\/wp-content\/uploads\/2024\/06\/CG_20240620_rector-0315-420x280.jpg 420w, https:\/\/www.upo.es\/diario\/wp-content\/uploads\/2024\/06\/CG_20240620_rector-0315-750x500.jpg 750w, https:\/\/www.upo.es\/diario\/wp-content\/uploads\/2024\/06\/CG_20240620_rector-0315-768x512.jpg 768w, https:\/\/www.upo.es\/diario\/wp-content\/uploads\/2024\/06\/CG_20240620_rector-0315-1536x1024.jpg 1536w, https:\/\/www.upo.es\/diario\/wp-content\/uploads\/2024\/06\/CG_20240620_rector-0315-2048x1365.jpg 2048w, https:\/\/www.upo.es\/diario\/wp-content\/uploads\/2024\/06\/CG_20240620_rector-0315-165x109.jpg 165w, https:\/\/www.upo.es\/diario\/wp-content\/uploads\/2024\/06\/CG_20240620_rector-0315-1320x880.jpg 1320w\" sizes=\"auto, (max-width: 420px) 100vw, 420px\" \/><\/a>Francisco Oliva ha destacado que <strong>la Universidad Pablo de Olavide da de este modo un gran paso para reducir la temporalidad de su personal docente y garantiza as\u00ed la carrera acad\u00e9mica de j\u00f3venes profesores y profesoras<\/strong>. Por otro lado, la incorporaci\u00f3n de nuevo profesorado servir\u00e1 para afianzar las \u00e1reas que necesitan reforzarse con vistas a las nuevas titulaciones que la UPO implantar\u00e1 a partir del curso 2025\/2026.<\/p>\n<p>El rector ha continuado con temas relativos a personal, ya que en la pr\u00f3xima convocatoria de la <strong>Mesa PDI-PTGAS<\/strong> de Andaluc\u00eda debe tratarse la aprobaci\u00f3n de los complementos auton\u00f3micos para el profesorado y c\u00f3mo avanzar en la carrera horizontal del personal t\u00e9cnico y de gesti\u00f3n de las universidades, cuestiones cuya financiaci\u00f3n est\u00e1 a\u00fan pendiente de acuerdo.<\/p>\n<p>Francisco Oliva ha informado asimismo de algunos cambios normativos referidos a la <strong>LOSU<\/strong>. Por un lado, las universidades dispondr\u00e1n de m\u00e1s tiempo para adaptar sus estatutos y, en este sentido, el rector ha recordado que en septiembre comenzar\u00e1n los trabajos del Claustro Universitario. En segundo lugar, el per\u00edodo para adaptar las plazas de ayudante doctor y profesorado asociado se extiende hasta 2028.<\/p>\n<p>En cuanto a la financiaci\u00f3n universitaria, el rector ha informado que la Universidad, dado que quedan pendientes transferencias por casi cuatro millones de euros, contendr\u00e1 el gasto hasta que se conozca la cifra final con la que contar\u00e1 en 2024.<\/p>\n<h3><strong>Acondicionamiento de la Biblioteca y U-Ranking 2024<\/strong><\/h3>\n<p>En temas que conciernen al campus UPO, el rector ha informado de que, para solucionar los problemas estructurales que sufre la <strong>climatizaci\u00f3n de la Biblioteca CRAI,<\/strong> ha sido presentado un proyecto para obtener financiaci\u00f3n con fondos del Plan de Impulso a la Rehabilitaci\u00f3n de Edificios P\u00fablicos (PIREP). Este curso, con motivo de los ex\u00e1menes, se han habilitado aulas de estudio en el edificio 24.<\/p>\n<p>Francisco Oliva ha finalizado su informe con datos del <a href=\"https:\/\/www.upo.es\/diario\/institucional\/2024\/06\/la-universidad-pablo-de-olavide-supera-la-media-del-rendimiento-docente-e-investigador-de-los-campus-espanoles\/\">U-Ranking 2024<\/a> donde, en un an\u00e1lisis realizado por la Fundaci\u00f3n BBVA y el Instituto Valenciano de Investigaciones Econ\u00f3micas, la Universidad Pablo de Olavide obtiene un rendimiento un 10% por encima de la media de los campus espa\u00f1oles, y se sit\u00faa en segunda posici\u00f3n en Andaluc\u00eda, tras la Universidad de Granada y junto a la de C\u00f3rdoba.<\/p>\n","protected":false},"excerpt":{"rendered":"<p>El acuerdo alcanzado entre Gobierno y comunidades aut\u00f3nomas permitir\u00e1 reducir la temporalidad y facilitar\u00e1 la implantaci\u00f3n de los nuevos t\u00edtulos de grado de la UPO.<\/p>\n","protected":false},"author":6,"featured_media":30882783,"comment_status":"closed","ping_status":"open","sticky":false,"template":"","format":"standard","meta":{"_monsterinsights_skip_tracking":false,"_monsterinsights_sitenote_active":false,"_monsterinsights_sitenote_note":"","_monsterinsights_sitenote_category":0,"footnotes":""},"categories":[6],"tags":[8709,102,874,2633,8040,8855,5488],"class_list":["post-30882784","post","type-post","status-publish","format-standard","has-post-thumbnail","hentry","category-institucional","tag-consejeria-de-universidades","tag-consejo-de-gobierno","tag-financiacion","tag-gobierno","tag-losu","tag-profesorado-ayudante-doctor","tag-universidades-publicas-andaluzas"],"_links":{"self":[{"href":"https:\/\/www.upo.es\/diario\/wp-json\/wp\/v2\/posts\/30882784","targetHints":{"allow":["GET"]}}],"collection":[{"href":"https:\/\/www.upo.es\/diario\/wp-json\/wp\/v2\/posts"}],"about":[{"href":"https:\/\/www.upo.es\/diario\/wp-json\/wp\/v2\/types\/post"}],"author":[{"embeddable":true,"href":"https:\/\/www.upo.es\/diario\/wp-json\/wp\/v2\/users\/6"}],"replies":[{"embeddable":true,"href":"https:\/\/www.upo.es\/diario\/wp-json\/wp\/v2\/comments?post=30882784"}],"version-history":[{"count":1,"href":"https:\/\/www.upo.es\/diario\/wp-json\/wp\/v2\/posts\/30882784\/revisions"}],"predecessor-version":[{"id":30882785,"href":"https:\/\/www.upo.es\/diario\/wp-json\/wp\/v2\/posts\/30882784\/revisions\/30882785"}],"wp:featuredmedia":[{"embeddable":true,"href":"https:\/\/www.upo.es\/diario\/wp-json\/wp\/v2\/media\/30882783"}],"wp:attachment":[{"href":"https:\/\/www.upo.es\/diario\/wp-json\/wp\/v2\/media?parent=30882784"}],"wp:term":[{"taxonomy":"category","embeddable":true,"href":"https:\/\/www.upo.es\/diario\/wp-json\/wp\/v2\/categories?post=30882784"},{"taxonomy":"post_tag","embeddable":true,"href":"https:\/\/www.upo.es\/diario\/wp-json\/wp\/v2\/tags?post=30882784"}],"curies":[{"name":"wp","href":"https:\/\/api.w.org\/{rel}","templated":true}]}}