{"id":30882799,"date":"2024-06-20T20:32:15","date_gmt":"2024-06-20T18:32:15","guid":{"rendered":"https:\/\/www.upo.es\/diario\/?p=30882799"},"modified":"2024-06-21T14:28:35","modified_gmt":"2024-06-21T12:28:35","slug":"el-experto-ricardo-lineros-destaca-la-enorme-importancia-del-patrimonio-en-las-localidades","status":"publish","type":"post","link":"https:\/\/www.upo.es\/diario\/cursos-verano\/2024\/06\/el-experto-ricardo-lineros-destaca-la-enorme-importancia-del-patrimonio-en-las-localidades\/","title":{"rendered":"El experto Ricardo Lineros, destaca la \u00abenorme importancia\u00bb del patrimonio en las localidades"},"content":{"rendered":"<p>&nbsp;<\/p>\n<figure id=\"attachment_30882800\" aria-describedby=\"caption-attachment-30882800\" style=\"width: 750px\" class=\"wp-caption aligncenter\"><a href=\"https:\/\/www.upo.es\/diario\/wp-content\/uploads\/2024\/06\/Ricardo-Lineros.jpg\"><img loading=\"lazy\" decoding=\"async\" class=\"size-large wp-image-30882800\" src=\"https:\/\/www.upo.es\/diario\/wp-content\/uploads\/2024\/06\/Ricardo-Lineros-750x500.jpg\" alt=\"Ricardo Lineros Romero, director del Museo de la Ciudad de Carmona.\" width=\"750\" height=\"500\" srcset=\"https:\/\/www.upo.es\/diario\/wp-content\/uploads\/2024\/06\/Ricardo-Lineros-750x500.jpg 750w, https:\/\/www.upo.es\/diario\/wp-content\/uploads\/2024\/06\/Ricardo-Lineros-420x280.jpg 420w, https:\/\/www.upo.es\/diario\/wp-content\/uploads\/2024\/06\/Ricardo-Lineros-768x512.jpg 768w, https:\/\/www.upo.es\/diario\/wp-content\/uploads\/2024\/06\/Ricardo-Lineros-1536x1023.jpg 1536w, https:\/\/www.upo.es\/diario\/wp-content\/uploads\/2024\/06\/Ricardo-Lineros-165x109.jpg 165w, https:\/\/www.upo.es\/diario\/wp-content\/uploads\/2024\/06\/Ricardo-Lineros-1320x879.jpg 1320w, https:\/\/www.upo.es\/diario\/wp-content\/uploads\/2024\/06\/Ricardo-Lineros.jpg 1600w\" sizes=\"auto, (max-width: 750px) 100vw, 750px\" \/><\/a><figcaption id=\"caption-attachment-30882800\" class=\"wp-caption-text\">Ricardo Lineros Romero, director del Museo de la Ciudad de Carmona.<\/figcaption><\/figure>\n<p>El director del Museo de la Ciudad de Carmona, Ricardo Lineros Romero, ha destacado \u00abla enorme importancia del patrimonio cultural en las localidades\u00bb, en concreto, de los museos, ya que es \u00abel legado de toda la sociedad y, al fin y al cabo, conforma la identidad y la personalidad de los individuos y de las personas que constituyen la poblaci\u00f3n.<\/p>\n<p>\u00abLos museos son los lugares donde se conserva la memoria colectiva\u00bb, ha asegurado con motivo de su participaci\u00f3n en el curso de verano &#8216;Introducci\u00f3n al concepto de patrimonio cultural, su protecci\u00f3n y valorizaci\u00f3n&#8217;, que comenz\u00f3 el pasado lunes y ha finalizado este mi\u00e9rcoles, dirigido por el director de la C\u00e1tedra de Estudios Barrocos Iberoamericanos, Fernando Quiles Garc\u00eda, y la profesora de la Universidad Nacional de Cuyo y miembro del Instituto de Historia del Arte, Mar\u00eda Cristina Dawson.<\/p>\n<p>Aunque Lineros ha ido m\u00e1s all\u00e1 para hablar del patrimonio de Carmona. Ha explicado que \u00abCarmona lleva habitada desde hace m\u00e1s de cinco mil a\u00f1os, y eso ha llevado a una estratigraf\u00eda que es el resultado y el relato de toda esa larga historia del lugar\u00bb y que \u00abesa cantidad de patrimonio y la relaci\u00f3n que tiene el carmonense con ese legado patrimonial con el que ha convivido desde que nace hace que el verdadero museo Carmona sea la propua ciudad y no se limite a un edificio\u00bb.<\/p>\n<p>Pero no solo ha querido recalcar la importancia de los museos y el patrimonio cultural en general, sino tambi\u00e9n de las industrias culturales. \u00abA medida que ha ido evolucionando la teor\u00eda de los bienes culturales, se han ido reconociendo m\u00e1s valores adem\u00e1s de los b\u00e1sicos, el valor cultural y el de la conservaci\u00f3n\u00bb y que \u00abhoy en d\u00eda se reconoce la complejidad que tiene el patrimonio cultural y todos los valores que podemos encontrar, como el valor para atraer al turismo y el valor econ\u00f3mico\u00bb, ha asegurado.<\/p>\n<p>Tambi\u00e9n ha opinado sobre el impacto de las nuevas tecnolog\u00edas y las redes sociales en el \u00e1mbito econ\u00f3mico del patrimonio. \u00abA partir del patrimonio cultural, desde una perspectiva material, se pueden desarrollar nuevos productos culturales pero que, adem\u00e1s de enriquecer el acervo cultural de la localidad, posibiliten el desarrollo de otros productos en los que se reflejan ese patrimonio y tengan valor monetario\u00bb y uno de esos productos es, por ejemplo, el \u00abmerchandising\u00bb.<\/p>\n<p>Estos productos tambi\u00e9n sirven para difundir y dar a conocer el patrimonio. \u00abDesde esa perspectiva, las industrias culturales y la innovaci\u00f3n son una parte fundamental para el desarrollo del patrimonio hoy d\u00eda y en un futuro\u00bb, ha asegurado el experto, adem\u00e1s de a\u00f1adir otras iniciativas para darlo a conocer, como \u00abprogramas de difusi\u00f3n, exposiciones temporales, talleres o conferencias\u00bb y en concreto en Carmona, se desarrollan actividades que se realizan en toda la ciudad como \u00abel mes del patrimonio\u00bb y \u00abel octubre romano\u00bb, aunque tambi\u00e9n ha hecho especial hincapi\u00e9 en la importancia de la difusi\u00f3n \u00aba trav\u00e9s de internet y los medios, para que alguien que vive en Australia pueda conocer nuestro patrimonio tambi\u00e9n\u00bb.<\/p>\n<p>Por \u00faltimo, en cuanto a la financiaci\u00f3n, el director del museo ha declarado que \u00abel Ayuntamiento de Carmona es uno de los que, tradicionalmente en Andaluc\u00eda, tiene m\u00e1s inter\u00e9s por conservar y difundir su patrimonio\u00bb y que, \u00abno creo que ning\u00fan otro sitio con las caracter\u00edsticas de Carmona se asemeje a la inversi\u00f3n que se hace aqu\u00ed\u00bb, ha concluido.<\/p>\n<p>Fuente: Europa Press<\/p>\n","protected":false},"excerpt":{"rendered":"<p>\u00a0 El director del Museo de la Ciudad de Carmona, Ricardo Lineros Romero, ha destacado \u00abla enorme importancia del patrimonio cultural en las localidades\u00bb, en concreto, de los museos, ya que es \u00abel legado de toda la sociedad y, al fin y al cabo, conforma la identidad y la personalidad de los individuos y de las personas que constituyen la poblaci\u00f3n.<\/p>\n","protected":false},"author":2,"featured_media":30882800,"comment_status":"closed","ping_status":"open","sticky":false,"template":"","format":"standard","meta":{"_monsterinsights_skip_tracking":false,"_monsterinsights_sitenote_active":false,"_monsterinsights_sitenote_note":"","_monsterinsights_sitenote_category":0,"footnotes":""},"categories":[729],"tags":[23,22,328,4366,519,129,8860],"class_list":["post-30882799","post","type-post","status-publish","format-standard","has-post-thumbnail","hentry","category-cursos-verano","tag-carmona","tag-cursos-de-verano","tag-formacion-permanente","tag-museo-de-la-ciudad-de-carmona","tag-olavide-en-carmona","tag-patrimonio","tag-ricardo-lineros-romero"],"_links":{"self":[{"href":"https:\/\/www.upo.es\/diario\/wp-json\/wp\/v2\/posts\/30882799","targetHints":{"allow":["GET"]}}],"collection":[{"href":"https:\/\/www.upo.es\/diario\/wp-json\/wp\/v2\/posts"}],"about":[{"href":"https:\/\/www.upo.es\/diario\/wp-json\/wp\/v2\/types\/post"}],"author":[{"embeddable":true,"href":"https:\/\/www.upo.es\/diario\/wp-json\/wp\/v2\/users\/2"}],"replies":[{"embeddable":true,"href":"https:\/\/www.upo.es\/diario\/wp-json\/wp\/v2\/comments?post=30882799"}],"version-history":[{"count":2,"href":"https:\/\/www.upo.es\/diario\/wp-json\/wp\/v2\/posts\/30882799\/revisions"}],"predecessor-version":[{"id":30882812,"href":"https:\/\/www.upo.es\/diario\/wp-json\/wp\/v2\/posts\/30882799\/revisions\/30882812"}],"wp:featuredmedia":[{"embeddable":true,"href":"https:\/\/www.upo.es\/diario\/wp-json\/wp\/v2\/media\/30882800"}],"wp:attachment":[{"href":"https:\/\/www.upo.es\/diario\/wp-json\/wp\/v2\/media?parent=30882799"}],"wp:term":[{"taxonomy":"category","embeddable":true,"href":"https:\/\/www.upo.es\/diario\/wp-json\/wp\/v2\/categories?post=30882799"},{"taxonomy":"post_tag","embeddable":true,"href":"https:\/\/www.upo.es\/diario\/wp-json\/wp\/v2\/tags?post=30882799"}],"curies":[{"name":"wp","href":"https:\/\/api.w.org\/{rel}","templated":true}]}}