{"id":30882816,"date":"2024-06-21T11:20:32","date_gmt":"2024-06-21T09:20:32","guid":{"rendered":"https:\/\/www.upo.es\/diario\/?p=30882816"},"modified":"2024-06-24T11:44:12","modified_gmt":"2024-06-24T09:44:12","slug":"el-alumnado-del-grado-en-ciencias-ambientales-y-del-doble-grado-con-geografia-e-historia-celebra-su-ceremonia-de-graduacion","status":"publish","type":"post","link":"https:\/\/www.upo.es\/diario\/comunidad\/2024\/06\/el-alumnado-del-grado-en-ciencias-ambientales-y-del-doble-grado-con-geografia-e-historia-celebra-su-ceremonia-de-graduacion\/","title":{"rendered":"El alumnado del Grado en Ciencias Ambientales y del Doble Grado con Geograf\u00eda e Historia celebra su ceremonia de graduaci\u00f3n"},"content":{"rendered":"<figure id=\"attachment_30882820\" aria-describedby=\"caption-attachment-30882820\" style=\"width: 750px\" class=\"wp-caption aligncenter\"><a href=\"https:\/\/www.upo.es\/diario\/wp-content\/uploads\/2024\/06\/EgresadosCCAA_DobleGrado_4-scaled.jpeg\"><img loading=\"lazy\" decoding=\"async\" class=\"size-large wp-image-30882820\" src=\"https:\/\/www.upo.es\/diario\/wp-content\/uploads\/2024\/06\/EgresadosCCAA_DobleGrado_4-750x422.jpeg\" alt=\"\" width=\"750\" height=\"422\" srcset=\"https:\/\/www.upo.es\/diario\/wp-content\/uploads\/2024\/06\/EgresadosCCAA_DobleGrado_4-750x422.jpeg 750w, https:\/\/www.upo.es\/diario\/wp-content\/uploads\/2024\/06\/EgresadosCCAA_DobleGrado_4-420x237.jpeg 420w, https:\/\/www.upo.es\/diario\/wp-content\/uploads\/2024\/06\/EgresadosCCAA_DobleGrado_4-768x432.jpeg 768w, https:\/\/www.upo.es\/diario\/wp-content\/uploads\/2024\/06\/EgresadosCCAA_DobleGrado_4-1536x865.jpeg 1536w, https:\/\/www.upo.es\/diario\/wp-content\/uploads\/2024\/06\/EgresadosCCAA_DobleGrado_4-2048x1153.jpeg 2048w, https:\/\/www.upo.es\/diario\/wp-content\/uploads\/2024\/06\/EgresadosCCAA_DobleGrado_4-1320x743.jpeg 1320w\" sizes=\"auto, (max-width: 750px) 100vw, 750px\" \/><\/a><figcaption id=\"caption-attachment-30882820\" class=\"wp-caption-text\">Promoci\u00f3n 2019\/2024 del Doble Grado en Ciencias Ambientales y Geograf\u00eda e Historia y la Promoci\u00f3n 2020\/2024 del Grado en Ciencias Ambientales.<\/figcaption><\/figure>\n<p>La ceremonia de egresados y egresadas de la <strong>promoci\u00f3n 2020\/2024 del Grado en Ciencias Ambientales<\/strong> y de la <strong>promoci\u00f3n 2019\/2024 del Doble Grado en Ciencias Ambientales y Geograf\u00eda e Historia<\/strong> se celebr\u00f3 ayer jueves en el Paraninfo de la Universidad Pablo de Olavide. El acto fue presidido por el decano de la Facultad de Ciencias Experimentales, Juan Carlos Rodr\u00edguez Aguilera, y la decana de la Facultad de Humanidades, Mar\u00eda Losada Friend.<\/p>\n<p><strong>Los padrinos de las promociones han sido Abilio Caetano Barrera, vicepresidente del Colegio Profesional de Licenciados y Graduados en Ciencias Ambientales de Andaluc\u00eda (COAMBA)<\/strong>, para el Grado en Ciencias Ambientales; y el profesor <strong>Francisco Jos\u00e9 Torres Guti\u00e9rrez, del \u00c1rea de An\u00e1lisis Geogr\u00e1fico Regional de la UPO<\/strong>, padrino del Doble Grado en Ciencias Ambientales y Geograf\u00eda e Historia. A la ceremonia tambi\u00e9n asistieron como profesores honor\u00edficos de la UPO Ildefonso P\u00e9rez Ot del \u00c1rea de Ingenier\u00eda Qu\u00edmica y David Gallego Puyol del \u00c1rea de F\u00edsica de la Tierra.<\/p>\n<p>En representaci\u00f3n del alumnado egresado, han pronunciado los discursos Juan Troncoso Mej\u00edas y Mar\u00eda Rodrigo Moya del Doble Grado en Ciencias Ambientales y Geograf\u00eda e Historia; y Juan Pedro Aguayo Mora y Mar\u00eda Dorado Rica del Grado en Ciencias Ambientales. Un total de 53 egresados y egresadas han asistido, junto a sus familiares, a este acto con el que la Universidad Pablo de Olavide recupera una antigua tradici\u00f3n de las universidades europeas<\/p>\n<figure id=\"attachment_30882817\" aria-describedby=\"caption-attachment-30882817\" style=\"width: 341px\" class=\"wp-caption alignleft\"><a href=\"https:\/\/www.upo.es\/diario\/wp-content\/uploads\/2024\/06\/EgresadosCCAA_DobleGrado-1.jpg\"><img loading=\"lazy\" decoding=\"async\" class=\"wp-image-30882817\" src=\"https:\/\/www.upo.es\/diario\/wp-content\/uploads\/2024\/06\/EgresadosCCAA_DobleGrado-1-420x236.jpg\" alt=\"\" width=\"341\" height=\"192\" srcset=\"https:\/\/www.upo.es\/diario\/wp-content\/uploads\/2024\/06\/EgresadosCCAA_DobleGrado-1-420x236.jpg 420w, https:\/\/www.upo.es\/diario\/wp-content\/uploads\/2024\/06\/EgresadosCCAA_DobleGrado-1-750x422.jpg 750w, https:\/\/www.upo.es\/diario\/wp-content\/uploads\/2024\/06\/EgresadosCCAA_DobleGrado-1-768x432.jpg 768w, https:\/\/www.upo.es\/diario\/wp-content\/uploads\/2024\/06\/EgresadosCCAA_DobleGrado-1-1536x865.jpg 1536w, https:\/\/www.upo.es\/diario\/wp-content\/uploads\/2024\/06\/EgresadosCCAA_DobleGrado-1-1320x743.jpg 1320w, https:\/\/www.upo.es\/diario\/wp-content\/uploads\/2024\/06\/EgresadosCCAA_DobleGrado-1.jpg 2048w\" sizes=\"auto, (max-width: 341px) 100vw, 341px\" \/><\/a><figcaption id=\"caption-attachment-30882817\" class=\"wp-caption-text\">Promoci\u00f3n 2019\/2024 del Doble Grado en Ciencias Ambientales y Geograf\u00eda e Historia.<\/figcaption><\/figure>\n<figure id=\"attachment_30882821\" aria-describedby=\"caption-attachment-30882821\" style=\"width: 332px\" class=\"wp-caption alignright\"><a href=\"https:\/\/www.upo.es\/diario\/wp-content\/uploads\/2024\/06\/EgresadosCCAA_DobleGrado_5.jpg\"><img loading=\"lazy\" decoding=\"async\" class=\" wp-image-30882821\" src=\"https:\/\/www.upo.es\/diario\/wp-content\/uploads\/2024\/06\/EgresadosCCAA_DobleGrado_5-420x236.jpg\" alt=\"\" width=\"332\" height=\"187\" srcset=\"https:\/\/www.upo.es\/diario\/wp-content\/uploads\/2024\/06\/EgresadosCCAA_DobleGrado_5-420x236.jpg 420w, https:\/\/www.upo.es\/diario\/wp-content\/uploads\/2024\/06\/EgresadosCCAA_DobleGrado_5-750x422.jpg 750w, https:\/\/www.upo.es\/diario\/wp-content\/uploads\/2024\/06\/EgresadosCCAA_DobleGrado_5-768x432.jpg 768w, https:\/\/www.upo.es\/diario\/wp-content\/uploads\/2024\/06\/EgresadosCCAA_DobleGrado_5-1536x865.jpg 1536w, https:\/\/www.upo.es\/diario\/wp-content\/uploads\/2024\/06\/EgresadosCCAA_DobleGrado_5-1320x743.jpg 1320w, https:\/\/www.upo.es\/diario\/wp-content\/uploads\/2024\/06\/EgresadosCCAA_DobleGrado_5.jpg 2048w\" sizes=\"auto, (max-width: 332px) 100vw, 332px\" \/><\/a><figcaption id=\"caption-attachment-30882821\" class=\"wp-caption-text\">Promoci\u00f3n 2020\/2024 del Grado en Ciencias Ambientales.<\/figcaption><\/figure>\n","protected":false},"excerpt":{"rendered":"<p>La ceremonia de egresados y egresadas de la promoci\u00f3n 2020\/2024 del Grado en Ciencias Ambientales y de la promoci\u00f3n 2019\/2024 del Doble Grado en Ciencias Ambientales y Geograf\u00eda e Historia se celebr\u00f3 en el Paraninfo de la Universidad Pablo de Olavide. El acto fue presidido por el decano de la Facultad de Ciencias Experimentales, Juan Carlos Rodr\u00edguez Aguilera, y la decana de la Facultad de Humanidades, Mar\u00eda Losada Friend.<\/p>\n","protected":false},"author":4,"featured_media":30882818,"comment_status":"closed","ping_status":"open","sticky":false,"template":"","format":"standard","meta":{"_monsterinsights_skip_tracking":false,"_monsterinsights_sitenote_active":false,"_monsterinsights_sitenote_note":"","_monsterinsights_sitenote_category":0,"footnotes":""},"categories":[5842],"tags":[581,8456,122,96,1654],"class_list":["post-30882816","post","type-post","status-publish","format-standard","has-post-thumbnail","hentry","category-comunidad","tag-ceremonia-de-egresados","tag-doble-grado-en-ciencias-ambientales-y-geografia-e-historia","tag-facultad-ciencias-experimentales","tag-facultad-de-humanidades","tag-grado-en-ciencias-ambientales"],"_links":{"self":[{"href":"https:\/\/www.upo.es\/diario\/wp-json\/wp\/v2\/posts\/30882816","targetHints":{"allow":["GET"]}}],"collection":[{"href":"https:\/\/www.upo.es\/diario\/wp-json\/wp\/v2\/posts"}],"about":[{"href":"https:\/\/www.upo.es\/diario\/wp-json\/wp\/v2\/types\/post"}],"author":[{"embeddable":true,"href":"https:\/\/www.upo.es\/diario\/wp-json\/wp\/v2\/users\/4"}],"replies":[{"embeddable":true,"href":"https:\/\/www.upo.es\/diario\/wp-json\/wp\/v2\/comments?post=30882816"}],"version-history":[{"count":3,"href":"https:\/\/www.upo.es\/diario\/wp-json\/wp\/v2\/posts\/30882816\/revisions"}],"predecessor-version":[{"id":30882824,"href":"https:\/\/www.upo.es\/diario\/wp-json\/wp\/v2\/posts\/30882816\/revisions\/30882824"}],"wp:featuredmedia":[{"embeddable":true,"href":"https:\/\/www.upo.es\/diario\/wp-json\/wp\/v2\/media\/30882818"}],"wp:attachment":[{"href":"https:\/\/www.upo.es\/diario\/wp-json\/wp\/v2\/media?parent=30882816"}],"wp:term":[{"taxonomy":"category","embeddable":true,"href":"https:\/\/www.upo.es\/diario\/wp-json\/wp\/v2\/categories?post=30882816"},{"taxonomy":"post_tag","embeddable":true,"href":"https:\/\/www.upo.es\/diario\/wp-json\/wp\/v2\/tags?post=30882816"}],"curies":[{"name":"wp","href":"https:\/\/api.w.org\/{rel}","templated":true}]}}