{"id":30882830,"date":"2024-06-24T12:57:35","date_gmt":"2024-06-24T10:57:35","guid":{"rendered":"https:\/\/www.upo.es\/diario\/?p=30882830"},"modified":"2024-06-27T14:41:18","modified_gmt":"2024-06-27T12:41:18","slug":"la-universidad-pablo-de-olavide-dirige-la-coordinacion-cientifica-del-plan-complementario-de-biodiversidad-andaluz","status":"publish","type":"post","link":"https:\/\/www.upo.es\/diario\/ciencia\/2024\/06\/la-universidad-pablo-de-olavide-dirige-la-coordinacion-cientifica-del-plan-complementario-de-biodiversidad-andaluz\/","title":{"rendered":"La Universidad Pablo de Olavide dirige la coordinaci\u00f3n cient\u00edfica del Plan Complementario de Biodiversidad Andaluz"},"content":{"rendered":"<figure id=\"attachment_30882831\" aria-describedby=\"caption-attachment-30882831\" style=\"width: 750px\" class=\"wp-caption aligncenter\"><a href=\"https:\/\/www.upo.es\/diario\/wp-content\/uploads\/2024\/06\/plan_complementario_biodiversidad01.jpeg\"><img loading=\"lazy\" decoding=\"async\" class=\"size-large wp-image-30882831\" src=\"https:\/\/www.upo.es\/diario\/wp-content\/uploads\/2024\/06\/plan_complementario_biodiversidad01-750x422.jpeg\" alt=\"De izquierda a derecha, Juan Tejedo Huam\u00e1n, vicerrector de Infraestructuras y Sostenibilidad; Eloy Revilla S\u00e1nchez, director de la Estaci\u00f3n Biol\u00f3gica de Do\u00f1ana; Antonia Jim\u00e9nez Rodr\u00edguez, vicerrectora de Investigaci\u00f3n, Transferencia y Doctorado; el consejero Jos\u00e9 Carlos G\u00f3mez Villamandos; el rector de la UPO Francisco Oliva Bl\u00e1zquez; Luis Villagarc\u00eda Saiz, director del CEI-CamBio; y Feliciano de Soto Borrero, Departamento de Sistemas F\u00edsicos, Qu\u00edmicos y Naturales.\" width=\"750\" height=\"422\" srcset=\"https:\/\/www.upo.es\/diario\/wp-content\/uploads\/2024\/06\/plan_complementario_biodiversidad01-750x422.jpeg 750w, https:\/\/www.upo.es\/diario\/wp-content\/uploads\/2024\/06\/plan_complementario_biodiversidad01-420x236.jpeg 420w, https:\/\/www.upo.es\/diario\/wp-content\/uploads\/2024\/06\/plan_complementario_biodiversidad01-768x432.jpeg 768w, https:\/\/www.upo.es\/diario\/wp-content\/uploads\/2024\/06\/plan_complementario_biodiversidad01-1536x863.jpeg 1536w, https:\/\/www.upo.es\/diario\/wp-content\/uploads\/2024\/06\/plan_complementario_biodiversidad01-2048x1151.jpeg 2048w, https:\/\/www.upo.es\/diario\/wp-content\/uploads\/2024\/06\/plan_complementario_biodiversidad01-1320x742.jpeg 1320w\" sizes=\"auto, (max-width: 750px) 100vw, 750px\" \/><\/a><figcaption id=\"caption-attachment-30882831\" class=\"wp-caption-text\">De izquierda a derecha, Juan Tejedo Huam\u00e1n, vicerrector de Infraestructuras y Sostenibilidad; Eloy Revilla S\u00e1nchez, director de la Estaci\u00f3n Biol\u00f3gica de Do\u00f1ana; Antonia Jim\u00e9nez Rodr\u00edguez, vicerrectora de Investigaci\u00f3n, Transferencia y Doctorado; el consejero Jos\u00e9 Carlos G\u00f3mez Villamandos; el rector de la UPO Francisco Oliva Bl\u00e1zquez; Luis Villagarc\u00eda Saiz, director del CEI-CamBio; y Feliciano de Soto Borrero, Departamento de Sistemas F\u00edsicos, Qu\u00edmicos y Naturales.<\/figcaption><\/figure>\n<p>Nueve universidades p\u00fablicas andaluzas y cuatro centros e institutos del CSIC que desarrollan su actividad en la comunidad han iniciado 24 proyectos de investigaci\u00f3n en materia de biodiversidad, tras la concesi\u00f3n de 5,89 millones de euros por parte de la Consejer\u00eda de Universidad, Investigaci\u00f3n e Innovaci\u00f3n, encargada de resolver estas ayudas. Esas subvenciones se encuadran en el <strong>Plan Complementario de Biodiversidad<\/strong> que impulsa Andaluc\u00eda, junto a las comunidades de Pa\u00eds Vasco, Galicia, Asturias, Canarias, Extremadura e Islas Baleares, en colaboraci\u00f3n con el Ministerio de Ciencia, Innovaci\u00f3n y Universidades y con el apoyo de los fondos europeos de recuperaci\u00f3n.<\/p>\n<figure id=\"attachment_30882832\" aria-describedby=\"caption-attachment-30882832\" style=\"width: 420px\" class=\"wp-caption alignright\"><a href=\"https:\/\/www.upo.es\/diario\/wp-content\/uploads\/2024\/06\/plan_complementario_biodiversidad02.jpeg\"><img loading=\"lazy\" decoding=\"async\" class=\"size-medium wp-image-30882832\" src=\"https:\/\/www.upo.es\/diario\/wp-content\/uploads\/2024\/06\/plan_complementario_biodiversidad02-420x280.jpeg\" alt=\"La presentaci\u00f3n del Plan Complementario de Biodiversidad se ha celebrado en la UPO. \" width=\"420\" height=\"280\" srcset=\"https:\/\/www.upo.es\/diario\/wp-content\/uploads\/2024\/06\/plan_complementario_biodiversidad02-420x280.jpeg 420w, https:\/\/www.upo.es\/diario\/wp-content\/uploads\/2024\/06\/plan_complementario_biodiversidad02-750x500.jpeg 750w, https:\/\/www.upo.es\/diario\/wp-content\/uploads\/2024\/06\/plan_complementario_biodiversidad02-768x512.jpeg 768w, https:\/\/www.upo.es\/diario\/wp-content\/uploads\/2024\/06\/plan_complementario_biodiversidad02-1536x1024.jpeg 1536w, https:\/\/www.upo.es\/diario\/wp-content\/uploads\/2024\/06\/plan_complementario_biodiversidad02-2048x1365.jpeg 2048w, https:\/\/www.upo.es\/diario\/wp-content\/uploads\/2024\/06\/plan_complementario_biodiversidad02-165x109.jpeg 165w, https:\/\/www.upo.es\/diario\/wp-content\/uploads\/2024\/06\/plan_complementario_biodiversidad02-1320x880.jpeg 1320w\" sizes=\"auto, (max-width: 420px) 100vw, 420px\" \/><\/a><figcaption id=\"caption-attachment-30882832\" class=\"wp-caption-text\">La presentaci\u00f3n del Plan Complementario de Biodiversidad se ha celebrado en la UPO.<\/figcaption><\/figure>\n<p>As\u00ed lo ha puesto de manifiesto el consejero de Universidad, Investigaci\u00f3n e Innovaci\u00f3n, <strong>Jos\u00e9 Carlos G\u00f3mez Villamandos<\/strong>, durante la presentaci\u00f3n de este plan de investigaci\u00f3n en la <strong>Universidad Pablo de Olavide<\/strong>, que es la <strong>representante y coordinadora de las entidades beneficiarias<\/strong>. En este acto, acompa\u00f1ado por el rector de la UPO <strong>Francisco Oliva Bl\u00e1zquez<\/strong>, adem\u00e1s de presentar las l\u00edneas de esa universidad sevillana, tambi\u00e9n se han dado los detalles del trabajo que desarrollar\u00e1 la Estaci\u00f3n Biol\u00f3gica de Do\u00f1ana.<\/p>\n<p>G\u00f3mez Villamandos ha destacado que \u201ceste programa de investigaci\u00f3n permitir\u00e1 fomentar iniciativas orientadas a impulsar la adaptaci\u00f3n de los sistemas naturales al cambio clim\u00e1tico y mitigar sus efectos\u201d, para a\u00f1adir que \u201cesta inyecci\u00f3n ser\u00e1 un revulsivo para la b\u00fasqueda de soluciones que refuercen la protecci\u00f3n de la biodiversidad, un objetivo esencial para Andaluc\u00eda\u201d. La comunidad, seg\u00fan ha subrayado, \u201catesora una diversidad biol\u00f3gica de las m\u00e1s ricas del continente europeo, en cuanto a variedad de ecosistemas y h\u00e1bitats y en la riqueza de especies animales y vegetales, algunas \u00fanicas en el mundo\u201d.<\/p>\n<p>El sistema p\u00fablico universitario es el principal receptor de estas subvenciones, con 3,37 millones de euros, lo que supone un 57,23% de todo el montante, para sufragar 14 proyectos y las instituciones destinatarias son las universidades de Almer\u00eda (UAL), C\u00e1diz (UCA), C\u00f3rdoba (UCO), Granada (UGR), Huelva (UHU), Ja\u00e9n (UJA), M\u00e1laga (UMA), Sevilla (USE) y Pablo de Olavide. <strong>La Pablo de Olavide es la que cuenta con el mayor importe, con 605.743 euros para tres iniciativas, una de ellas destinada a la coordinaci\u00f3n del programa<\/strong>; seguidas de la UCA y la UGR, con 504.927 euros y dos trabajos de investigaci\u00f3n cada una. A continuaci\u00f3n, se sit\u00faan la UCO, tambi\u00e9n con dos actuaciones y una asignaci\u00f3n de 492.798 euros; as\u00ed como la UAL (252.928 euros), la UJA (252.451 euros), la UMA (252.420 euros), la UHU (252.420 euros) y la USE (252.417 euros), con una l\u00ednea de trabajo en cada caso.<\/p>\n<p>Al margen del sistema p\u00fablico universitario, el CSIC dispondr\u00e1 de una aportaci\u00f3n de 2,52 millones de euros para diez proyectos, que se repartir\u00e1 entre la Estaci\u00f3n Biol\u00f3gica de Do\u00f1ana (1,26 millones), la Estaci\u00f3n Experimental de Zonas \u00c1ridas (504.959 euros), el Instituto Espa\u00f1ol de Oceanograf\u00eda (499.222 euros) en sus sedes de M\u00e1laga y C\u00e1diz y el Instituto de Bioqu\u00edmica Vegetal y Fotos\u00edntesis (252.441 euros).<\/p>\n<p>Este programa est\u00e1 enfocado al <strong>desarrollo de soluciones centradas en la naturaleza que tengan en cuenta c\u00f3mo inciden en ella las actividades del hombre<\/strong>. Para ello se ha articulado una serie de l\u00edneas de trabajo que tienen como finalidad la monitorizaci\u00f3n y seguimiento de la biodiversidad, el inventario de los servicios ecosist\u00e9micos, la evaluaci\u00f3n y mitigaci\u00f3n del impacto del cambio global sobre los sistemas naturales y la aplicaci\u00f3n de e-infraestructura integrada de observaci\u00f3n de la biodiversidad.<\/p>\n<p>El plan est\u00e1 cofinanciado por la Junta, con 2,67 millones de euros y por el Ministerio de Ciencia, Innovaci\u00f3n y Universidades, que asume la cuant\u00eda restante de 3,22 millones de euros, a trav\u00e9s del Plan de Recuperaci\u00f3n, Transformaci\u00f3n y Resiliencia, que se nutre del Fondo de Recuperaci\u00f3n \u2018Next Generation\u2019, aprobado por la UE para hacer frente a la crisis generada por el coronavirus.<\/p>\n<p>Los equipos de investigaci\u00f3n tendr\u00e1n hasta septiembre de 2025 para llevar a cabo sus actividades. No obstante, el titular de Universidad ha aclarado que se ha solicitado al Ministerio de Ciencia una ampliaci\u00f3n de seis meses adicionales \u201cpara que los proyectos puedan culminarse adecuadamente y se alcancen los objetivos inicialmente previstos\u201d, ha apuntado para a\u00f1adir que \u201cesos nuevos plazos estar\u00edan dentro del margen que permite el Plan de Recuperaci\u00f3n, Transformaci\u00f3n y Resiliencia\u201d.<\/p>\n<h3><strong>Los proyectos de la UPO y la Estaci\u00f3n Biol\u00f3gica de Do\u00f1ana<\/strong><\/h3>\n<p>El Campus de Excelencia Internacional de Medio Ambiente, Biodiversidad y Cambio Global (CEI \u2013 CamBio) de la UPO, bajo la direcci\u00f3n de <strong>Luis Villagarc\u00eda Saiz<\/strong>, profesor del Departamento de Sistemas F\u00edsicos, Qu\u00edmicos y Naturales, formar\u00e1 parte de una <strong>red cuyo objetivo es relacionar los sistemas de I+D+I de las comunidades implicadas en torno a la biodiversidad natural<\/strong> (Andaluc\u00eda, Extremadura, Illes Balears, Galicia, Islas Canarias, Asturias y Pa\u00eds Vasco). CEi \u2013 CamBio representar\u00e1 as\u00ed a las instituciones andaluzas en esta red formada por el Instituto Mixto de Investigaci\u00f3n en Biodiversidad (IMIB) de Asturias, el Centro Multidisciplinar para la Biodiversidad (CMB) de Illes Balears y el Centro de Investigaci\u00f3n de Biodiversidad y Cambio Global (BioCaBal) de Extremadura.<\/p>\n<p>Por otro lado, otro de los <a href=\"https:\/\/www.upo.es\/diario\/ciencia\/2024\/02\/la-universidad-pablo-de-olavide-lidera-dos-proyectos-de-id-en-biodiversidad-y-cambio-climatico\/\">proyectos que la Universidad Pablo de Olavide llevar\u00e1 a cabo<\/a> est\u00e1 centrado en el <strong>estudio de la influencia de la agricultura regenerativa sobre la biodiversidad y el funcionamiento de espacios adehesados (AGROREG),<\/strong> liderado por la profesora del Departamento de Biolog\u00eda Molecular e Ingenier\u00eda Bioqu\u00edmica <strong>In\u00e9s Canosa P\u00e9rez-Fragero<\/strong>, y por el catedr\u00e1tico de Ecolog\u00eda <strong>Antonio Gallardo Correa<\/strong>.<\/p>\n<p>Adem\u00e1s, el Campus de Excelencia Internacional de Medio Ambiente, Biodiversidad y Cambio Global, coordinado por la Universidad Pablo de Olavide, tambi\u00e9n ha recibido fondos para ejercer <strong>las labores de gesti\u00f3n cient\u00edfica de todos los proyectos enmarcados en el Plan Complementario de Biodiversidad<\/strong>, coordinando todas las acciones de las distintas universidades y centros cient\u00edficos andaluces para conseguir los objetivos de la propuesta y dar cuenta de sus resultados tanto a la Junta de Andaluc\u00eda como al Ministerio de Ciencia e Innovaci\u00f3n.<\/p>\n<p>Por su parte, la <strong>Estaci\u00f3n Biol\u00f3gica de Do\u00f1ana<\/strong> desplegar\u00e1 diversas l\u00edneas de trabajo, entre las que destacan, el seguimiento de poblaciones carro\u00f1eras en relaci\u00f3n con los parques e\u00f3licos, el an\u00e1lisis del efecto que tienen las aves invasoras sobre la biodiversidad o el estudio de la interacci\u00f3n entre las aves marinas y las actividades humanas. Asimismo, pondr\u00e1n en marcha sistemas inteligentes multisensoriales para la monitorizaci\u00f3n remota de especies.<\/p>\n","protected":false},"excerpt":{"rendered":"<p>Nueve universidades p\u00fablicas andaluzas y cuatro centros e institutos del CSIC que desarrollan su actividad en la comunidad han iniciado 24 proyectos de investigaci\u00f3n en materia de biodiversidad, tras la concesi\u00f3n de 5,89 millones de euros por parte de la Consejer\u00eda de Universidad, Investigaci\u00f3n e Innovaci\u00f3n, encargada de resolver estas ayudas. Esas subvenciones se encuadran en el Plan Complementario de Biodiversidad que impulsa Andaluc\u00eda, junto a las comunidades de Pa\u00eds Vasco, Galicia, Asturias, Canarias, Extremadura e Islas Baleares, en colaboraci\u00f3n con el Ministerio de Ciencia, Innovaci\u00f3n y Universidades y con el apoyo de los fondos europeos de recuperaci\u00f3n.<\/p>\n","protected":false},"author":2,"featured_media":30882831,"comment_status":"closed","ping_status":"open","sticky":false,"template":"","format":"standard","meta":{"_monsterinsights_skip_tracking":false,"_monsterinsights_sitenote_active":false,"_monsterinsights_sitenote_note":"","_monsterinsights_sitenote_category":0,"footnotes":""},"categories":[3],"tags":[814,593,224,8075,8076,6249,429],"class_list":["post-30882830","post","type-post","status-publish","format-standard","has-post-thumbnail","hentry","category-ciencia","tag-biodiversidad","tag-cambio-climatico","tag-cei-cambio","tag-consejeria-de-universidad","tag-investigacion-e-innovacion","tag-jose-carlos-gomez-villamandos","tag-medio-ambiente"],"_links":{"self":[{"href":"https:\/\/www.upo.es\/diario\/wp-json\/wp\/v2\/posts\/30882830","targetHints":{"allow":["GET"]}}],"collection":[{"href":"https:\/\/www.upo.es\/diario\/wp-json\/wp\/v2\/posts"}],"about":[{"href":"https:\/\/www.upo.es\/diario\/wp-json\/wp\/v2\/types\/post"}],"author":[{"embeddable":true,"href":"https:\/\/www.upo.es\/diario\/wp-json\/wp\/v2\/users\/2"}],"replies":[{"embeddable":true,"href":"https:\/\/www.upo.es\/diario\/wp-json\/wp\/v2\/comments?post=30882830"}],"version-history":[{"count":1,"href":"https:\/\/www.upo.es\/diario\/wp-json\/wp\/v2\/posts\/30882830\/revisions"}],"predecessor-version":[{"id":30882833,"href":"https:\/\/www.upo.es\/diario\/wp-json\/wp\/v2\/posts\/30882830\/revisions\/30882833"}],"wp:featuredmedia":[{"embeddable":true,"href":"https:\/\/www.upo.es\/diario\/wp-json\/wp\/v2\/media\/30882831"}],"wp:attachment":[{"href":"https:\/\/www.upo.es\/diario\/wp-json\/wp\/v2\/media?parent=30882830"}],"wp:term":[{"taxonomy":"category","embeddable":true,"href":"https:\/\/www.upo.es\/diario\/wp-json\/wp\/v2\/categories?post=30882830"},{"taxonomy":"post_tag","embeddable":true,"href":"https:\/\/www.upo.es\/diario\/wp-json\/wp\/v2\/tags?post=30882830"}],"curies":[{"name":"wp","href":"https:\/\/api.w.org\/{rel}","templated":true}]}}