{"id":30882901,"date":"2024-06-27T12:30:10","date_gmt":"2024-06-27T10:30:10","guid":{"rendered":"https:\/\/www.upo.es\/diario\/?p=30882901"},"modified":"2024-06-27T12:30:10","modified_gmt":"2024-06-27T10:30:10","slug":"la-fundacion-universidad-pablo-de-olavide-consolida-su-actividad-en-2023-con-mas-de-21-000-personas-beneficiarias","status":"publish","type":"post","link":"https:\/\/www.upo.es\/diario\/institucional\/2024\/06\/la-fundacion-universidad-pablo-de-olavide-consolida-su-actividad-en-2023-con-mas-de-21-000-personas-beneficiarias\/","title":{"rendered":"La Fundaci\u00f3n Universidad Pablo de Olavide consolida su actividad en 2023 con m\u00e1s de 21.000 personas beneficiarias"},"content":{"rendered":"<figure id=\"attachment_30882902\" aria-describedby=\"caption-attachment-30882902\" style=\"width: 750px\" class=\"wp-caption aligncenter\"><a href=\"https:\/\/www.upo.es\/diario\/wp-content\/uploads\/2024\/06\/Fundacion-UPO-Patronato-scaled.jpg\"><img loading=\"lazy\" decoding=\"async\" class=\"size-large wp-image-30882902\" src=\"https:\/\/www.upo.es\/diario\/wp-content\/uploads\/2024\/06\/Fundacion-UPO-Patronato-750x500.jpg\" alt=\"Francisco Oliva y Laura L\u00f3pez de la Cruz durante el Patronato de la Fundaci\u00f3n\" width=\"750\" height=\"500\" srcset=\"https:\/\/www.upo.es\/diario\/wp-content\/uploads\/2024\/06\/Fundacion-UPO-Patronato-750x500.jpg 750w, https:\/\/www.upo.es\/diario\/wp-content\/uploads\/2024\/06\/Fundacion-UPO-Patronato-420x280.jpg 420w, https:\/\/www.upo.es\/diario\/wp-content\/uploads\/2024\/06\/Fundacion-UPO-Patronato-768x512.jpg 768w, https:\/\/www.upo.es\/diario\/wp-content\/uploads\/2024\/06\/Fundacion-UPO-Patronato-1536x1024.jpg 1536w, https:\/\/www.upo.es\/diario\/wp-content\/uploads\/2024\/06\/Fundacion-UPO-Patronato-2048x1365.jpg 2048w\" sizes=\"auto, (max-width: 750px) 100vw, 750px\" \/><\/a><figcaption id=\"caption-attachment-30882902\" class=\"wp-caption-text\">Francisco Oliva y Laura L\u00f3pez de la Cruz durante el Patronato de la Fundaci\u00f3n<\/figcaption><\/figure>\n<p>La Fundaci\u00f3n Universidad Pablo de Olavide ha celebrado recientemente la reuni\u00f3n de su Patronato en la que se ha presentado la <strong>memoria de actividades del ejercicio 2023<\/strong>. Un a\u00f1o que ha supuesto la continuidad en los proyectos universitarios que la Fundaci\u00f3n viene desarrollando y que pone de manifiesto el compromiso institucional para seguir acercando la Universidad Pablo de Olavide al tejido social y productivo.<\/p>\n<p>Con un total de 21.378 personas beneficiarias de las diferentes actividades que ha desarrollado la Fundaci\u00f3n, destaca en 2023 la puesta en marcha de una <strong>nueva \u00c1rea de Microcredenciales<\/strong>, una apuesta estrat\u00e9gica de la universidad para la gesti\u00f3n de un nuevo proyecto formativo que tiene como objetivo inicial implementar el concepto europeo de microcredenciales y dar a conocer dicha modalidad formativa. Adem\u00e1s, y tambi\u00e9n como novedad, 2023 ha sido el a\u00f1o de presentaci\u00f3n del proyecto <a href=\"https:\/\/alumni.upo.es\/\"><strong>Olavide Alumni<\/strong><\/a> que busca fortalecer el v\u00ednculo de la universidad con el estudiantado egresado.<\/p>\n<p>Por otro lado, 2023 tambi\u00e9n ha sido un a\u00f1o de continuidad en el desarrollo de otras actividades, como los <strong>T\u00edtulos Propios de la UPO<\/strong>, con un total de 54 cursos y 841 estudiantes; o la vig\u00e9simo primera edici\u00f3n de los Curso de Verano con 28 cursos en los que han participado 869 estudiantes y 289 docentes y que ha contado tambi\u00e9n con la participaci\u00f3n de 81 entidades colaboradoras.<\/p>\n<p>Adem\u00e1s,<strong> se han gestionado 2.344 pr\u00e1cticas en empresa, de las cuales 1.725 han sido pr\u00e1cticas para estudiantes de grado y 619 para estudiantes de postgrado<\/strong>. Para la gesti\u00f3n de estas pr\u00e1cticas, la Fundaci\u00f3n ha contado con 1.161 entidades colaboradoras, 699 nuevos convenios y 1.520 tutores de pr\u00e1cticas. Como novedad en 2023, el \u00c1rea de Pr\u00e1cticas en Empresa ha puesto en marcha IniciaT-Olavide, un programa de pr\u00e1cticas extracurriculares remuneradas dirigidas a estudiantes de \u00faltimos cursos de grado y postgrado.<\/p>\n<p>En materia de <strong>empleabilidad y emprendimiento<\/strong>, en este ejercicio se han desarrollado un total de 28 talleres, se ha celebrado la XV edici\u00f3n del Concurso UPOemprende, se han asesorado 86 ideas de negocio y se han gestionado programas como Inserta-Dos e Inserta Alcal\u00e1. En total, este servicio ha atendido 2.263 personas y se ha contado con 116 entidades colaboradoras.<\/p>\n<p>Por su parte, el <strong>Centro Universitario Internacional<\/strong> ha recibido un total de 648 estudiantes entre los programas de larga duraci\u00f3n como el de Estudios Multidisciplinares o el de Integraci\u00f3n Universitaria o programas de corta duraci\u00f3n como el de verano o los intensivos de enero y septiembre.<\/p>\n<p>Durante 2023, la <strong>Residencia Universitaria Flora Trist\u00e1n<\/strong> ha alojado a un total de 361 personas de 28 nacionalidades diferentes. Adem\u00e1s, durante el ejercicio se ha consolidado el \u2018Espacio Internacional de Innovaci\u00f3n Social, Tecnol\u00f3gica y Cultural Flora Trist\u00e1n\u2019 con la incorporaci\u00f3n de las primeras entidades y asociaciones al proyecto.<\/p>\n<p>En materia de Cultura y Pol\u00edticas Sociales, el <strong>Aula Abierta de Mayores<\/strong>, presente en 23 municipios de la provincia de Sevilla, ha acogido un total de 1.136 estudiantes en un ejercicio en el que han finalizado sus estudios 157 estudiantes. La<strong> Oficina de Voluntariado y Compromiso Social<\/strong>, por su parte, ha contado con 405 personas voluntarias y 155 entidades colaboradoras. El <strong>Servicio de Extensi\u00f3n Cultural<\/strong> ha desarrollado entre otros, el Programa Artes y Formaci\u00f3n, el Programa Cultura M\u00ednima, el II Ciclo de Blues de la UPO y el II Festival de Flamenco Universitario, este \u00faltimo, coordinado y producido junto a la Consejer\u00eda de Turismo, Cultura y Deporte de la Junta de Andaluc\u00eda, a trav\u00e9s de la Agencia Andaluza de Instituciones Culturales.<\/p>\n<p>Asimismo, la Fundaci\u00f3n ha gestionado las actividades de la <strong>Oficina para la Igualdad<\/strong> que desarrolla los planes, programas, proyectos y distintas actuaciones con el fin de promover y garantizar la igualdad de g\u00e9nero en el \u00e1mbito universitario, siendo un total de 2.032 las personas que han participado en las diferentes actuaciones llevadas a cabo.<\/p>\n<p>Por \u00faltimo, el <strong>Servicio de Deportes<\/strong>, que en 2023 ha atendido a 2.152 personas y 1.421 peticiones de alquiler, ha desarrollado actividades como la VII Carrera Popular UPO, el Campus Deportivo de Verano, y gestionado la participaci\u00f3n de los deportistas de la UPO en competiciones como los Campeonatos de Andaluc\u00eda Universitarios o los Campeonatos de Espa\u00f1a Universitarios.<\/p>\n<p>Todas estas actividades han supuesto la ejecuci\u00f3n del <strong>presupuesto anual aprobado cuya liquidaci\u00f3n arroja un resultado positivo<\/strong>, lo que demuestra un a\u00f1o m\u00e1s el firme apoyo de la Universidad Pablo de Olavide al desarrollo de las principales actividades que vinculan a la Universidad con la sociedad, y el compromiso institucional de su Fundaci\u00f3n con una gesti\u00f3n eficaz y responsable.<\/p>\n<p>Adem\u00e1s, durante la sesi\u00f3n se ha constituido el <strong>nuevo patronato presidido por el rector, Francisco Oliva Bl\u00e1zquez; y que cuenta como nuevo vicepresidente con Vicente Mart\u00edn Gonz\u00e1lez, presidente del Consejo Social UPO<\/strong> y presidente del Grupo Mas, y como patronos con Laura L\u00f3pez de la Cruz, vicepresidenta ejecutiva de la Fundaci\u00f3n; Silvia Mendoza Calder\u00f3n, secretaria general; Jos\u00e9 Antonio S\u00e1nchez Medina, vicerrector de Planificaci\u00f3n Estrat\u00e9gica; Laura G\u00f3mez Ruiz, vicerrectora de Cultura y Pol\u00edticas Sociales; David Naranjo Gil, vicerrector de Grado y M\u00e1ster; Amapola Povedano D\u00edaz, vicerrectora de Estudiantes, Empleabilidad y Emprendimiento; Concepci\u00f3n Mart\u00edn Brenes, gerente de la universidad; Manuel Antonio G\u00e1lvez Rodr\u00edguez, Carmen N\u00fa\u00f1ez Mu\u00f1oz y Jos\u00e9 Mar\u00eda Cruz de Andr\u00e9s, miembros del Consejo Social; y Carla Casta\u00f1er S\u00e1nchez, representante del Consejo de Estudiantes de la UPO.<\/p>\n<p>La Fundaci\u00f3n es un medio propio de la Universidad Pablo de Olavide que act\u00faa como servicio t\u00e9cnico y que desarrolla toda su actividad conforme al marco regulador de los encargos de la UPO a su Fundaci\u00f3n, atendiendo a las l\u00edneas estrat\u00e9gicas definidas por la Universidad y los vicerrectorados competentes en las distintas \u00e1reas, teniendo como referentes fundamentales su compromiso institucional y social.<\/p>\n<p>Fuente: Fundaci\u00f3n Universidad Pablo de Olavide<\/p>\n","protected":false},"excerpt":{"rendered":"<p>La Fundaci\u00f3n Universidad Pablo de Olavide ha celebrado recientemente la reuni\u00f3n de su Patronato en la que se ha presentado la memoria de actividades del ejercicio 2023. Un a\u00f1o que ha supuesto la continuidad en los proyectos universitarios que la Fundaci\u00f3n viene desarrollando y que pone de manifiesto el compromiso institucional para seguir acercando la Universidad Pablo de Olavide al tejido social y productivo. \u00a0<\/p>\n","protected":false},"author":6,"featured_media":30882902,"comment_status":"closed","ping_status":"open","sticky":false,"template":"","format":"standard","meta":{"_monsterinsights_skip_tracking":false,"_monsterinsights_sitenote_active":false,"_monsterinsights_sitenote_note":"","_monsterinsights_sitenote_category":0,"footnotes":""},"categories":[6],"tags":[5068,75,4021,1648,4179,7484,8551,65,1745,7429],"class_list":["post-30882901","post","type-post","status-publish","format-standard","has-post-thumbnail","hentry","category-institucional","tag-area-de-empleabilidad-y-emprendimiento","tag-extension-cultural","tag-francisco-oliva-blazquez","tag-laura-lopez-de-la-cruz","tag-memoria-de-actividades","tag-oficina-de-voluntariado-y-compromiso-social","tag-olavide-alumni","tag-practicas","tag-residencia-universitaria-flora-tristan","tag-vicerrectorado-de-relaciones-institucionales-y-fundaciones"],"_links":{"self":[{"href":"https:\/\/www.upo.es\/diario\/wp-json\/wp\/v2\/posts\/30882901","targetHints":{"allow":["GET"]}}],"collection":[{"href":"https:\/\/www.upo.es\/diario\/wp-json\/wp\/v2\/posts"}],"about":[{"href":"https:\/\/www.upo.es\/diario\/wp-json\/wp\/v2\/types\/post"}],"author":[{"embeddable":true,"href":"https:\/\/www.upo.es\/diario\/wp-json\/wp\/v2\/users\/6"}],"replies":[{"embeddable":true,"href":"https:\/\/www.upo.es\/diario\/wp-json\/wp\/v2\/comments?post=30882901"}],"version-history":[{"count":2,"href":"https:\/\/www.upo.es\/diario\/wp-json\/wp\/v2\/posts\/30882901\/revisions"}],"predecessor-version":[{"id":30882904,"href":"https:\/\/www.upo.es\/diario\/wp-json\/wp\/v2\/posts\/30882901\/revisions\/30882904"}],"wp:featuredmedia":[{"embeddable":true,"href":"https:\/\/www.upo.es\/diario\/wp-json\/wp\/v2\/media\/30882902"}],"wp:attachment":[{"href":"https:\/\/www.upo.es\/diario\/wp-json\/wp\/v2\/media?parent=30882901"}],"wp:term":[{"taxonomy":"category","embeddable":true,"href":"https:\/\/www.upo.es\/diario\/wp-json\/wp\/v2\/categories?post=30882901"},{"taxonomy":"post_tag","embeddable":true,"href":"https:\/\/www.upo.es\/diario\/wp-json\/wp\/v2\/tags?post=30882901"}],"curies":[{"name":"wp","href":"https:\/\/api.w.org\/{rel}","templated":true}]}}