{"id":30882916,"date":"2024-06-25T16:35:14","date_gmt":"2024-06-25T14:35:14","guid":{"rendered":"https:\/\/www.upo.es\/diario\/?p=30882916"},"modified":"2024-06-28T10:03:07","modified_gmt":"2024-06-28T08:03:07","slug":"la-asociacion-profesional-de-la-magistratura-y-la-upo-colaboraran-en-la-docencia-y-la-investigacion-juridica","status":"publish","type":"post","link":"https:\/\/www.upo.es\/diario\/institucional\/2024\/06\/la-asociacion-profesional-de-la-magistratura-y-la-upo-colaboraran-en-la-docencia-y-la-investigacion-juridica\/","title":{"rendered":"La Asociaci\u00f3n Profesional de la Magistratura y la UPO colaborar\u00e1n en la docencia y la investigaci\u00f3n jur\u00eddica"},"content":{"rendered":"<figure id=\"attachment_30882919\" aria-describedby=\"caption-attachment-30882919\" style=\"width: 750px\" class=\"wp-caption aligncenter\"><a href=\"https:\/\/www.upo.es\/diario\/wp-content\/uploads\/2024\/06\/Conv-Asoc-Magistratura-0688-scaled.jpg\"><img loading=\"lazy\" decoding=\"async\" class=\"wp-image-30882919 size-large\" src=\"https:\/\/www.upo.es\/diario\/wp-content\/uploads\/2024\/06\/Conv-Asoc-Magistratura-0688-750x500.jpg\" alt=\"Francisco Oliva y Mar\u00eda Jes\u00fas del Barco\" width=\"750\" height=\"500\" srcset=\"https:\/\/www.upo.es\/diario\/wp-content\/uploads\/2024\/06\/Conv-Asoc-Magistratura-0688-750x500.jpg 750w, https:\/\/www.upo.es\/diario\/wp-content\/uploads\/2024\/06\/Conv-Asoc-Magistratura-0688-420x280.jpg 420w, https:\/\/www.upo.es\/diario\/wp-content\/uploads\/2024\/06\/Conv-Asoc-Magistratura-0688-768x512.jpg 768w, https:\/\/www.upo.es\/diario\/wp-content\/uploads\/2024\/06\/Conv-Asoc-Magistratura-0688-1536x1024.jpg 1536w, https:\/\/www.upo.es\/diario\/wp-content\/uploads\/2024\/06\/Conv-Asoc-Magistratura-0688-2048x1365.jpg 2048w, https:\/\/www.upo.es\/diario\/wp-content\/uploads\/2024\/06\/Conv-Asoc-Magistratura-0688-165x109.jpg 165w, https:\/\/www.upo.es\/diario\/wp-content\/uploads\/2024\/06\/Conv-Asoc-Magistratura-0688-1320x880.jpg 1320w\" sizes=\"auto, (max-width: 750px) 100vw, 750px\" \/><\/a><figcaption id=\"caption-attachment-30882919\" class=\"wp-caption-text\">Francisco Oliva y Mar\u00eda Jes\u00fas del Barco<\/figcaption><\/figure>\n<p>El rector de la Universidad Pablo de Olavide, Francisco Oliva, y Mar\u00eda Jes\u00fas del Barco, en representaci\u00f3n de la <strong>Fundaci\u00f3n para la Magistratura de la Asociaci\u00f3n Profesional de la Magistratura<\/strong>, han firmado este martes un convenio con el que <strong>impulsar\u00e1n la docencia pr\u00e1ctica del Derecho y la realizaci\u00f3n de jornadas formativas sobre la actualidad judicial en el campus de la Olavide<\/strong>.<\/p>\n<p>De este modo, la Asociaci\u00f3n Profesional de la Magistratura (APM), a trav\u00e9s de su Fundaci\u00f3n, facilitar\u00e1 la realizaci\u00f3n de simulacros de juicios en la Sala de Vistas del campus, as\u00ed como la asistencia a juicios reales conforme a los par\u00e1metros de la Ley del Poder Judicial.<\/p>\n<p>Por otro lado, ambas entidades promover\u00e1n l\u00edneas de investigaci\u00f3n conjuntas y la Pablo de Olavide promover\u00e1 entre su profesorado la participaci\u00f3n en la Revista de la Asociaci\u00f3n Profesional de la Magistratura. Asimismo, la Fundaci\u00f3n de la APM podr\u00e1 proponer a la comisi\u00f3n de seguimiento del convenio la publicaci\u00f3n de obras cient\u00edficas colectivas o individuales.<\/p>\n<p><strong>Mar\u00eda Jes\u00fas del Barco<\/strong> ha destacado tras la firma del acuerdo que los cursos de la APM tienen como objetivo el estudio y el desarrollo del Derecho y, tras expresar su deseo de que la colaboraci\u00f3n con la Universidad se extienda a los m\u00e1steres universitarios, ha calificado de esencial \u00abque se conozca la importancia de los derechos fundamentales, ya que las generaciones m\u00e1s j\u00f3venes no son conscientes en muchas ocasiones de su significado\u00bb. Asimismo ha destacado la importancia de las pr\u00e1cticas \u00abpara que los j\u00f3venes sepan a qu\u00e9 quieren dedicarse dentro de la rama jur\u00eddica\u00bb.<\/p>\n<p>El rector de la Universidad Pablo de Olavide ha agradecido la nueva v\u00eda de colaboraci\u00f3n con la Fundaci\u00f3n de la Asociaci\u00f3n Profesional de la Magistratura y, tras destacar del acuerdo que es muy positivo para el estudiantado y son muchos los \u00e1mbitos de trabajo en los que la APM y la Universidad pueden colaborar, <strong>Francisco Oliva<\/strong> ha subrayado que en los campus \u00abnecesitamos el apoyo de los profesionales, no debe existir separaci\u00f3n entre la academia y la pr\u00e1ctica del Derecho\u00bb.<\/p>\n","protected":false},"excerpt":{"rendered":"<p>El rector de la Universidad Pablo de Olavide, Francisco Oliva, y Mar\u00eda Jes\u00fas del Barco, en representaci\u00f3n de la Fundaci\u00f3n para la Magistratura de la Asociaci\u00f3n Profesional de la Magistratura, han firmado este martes un convenio con el que impulsar\u00e1n la docencia pr\u00e1ctica del Derecho y la realizaci\u00f3n de jornadas formativas sobre la actualidad judicial en el campus de la Olavide.<\/p>\n","protected":false},"author":6,"featured_media":30882919,"comment_status":"closed","ping_status":"open","sticky":false,"template":"","format":"standard","meta":{"_monsterinsights_skip_tracking":false,"_monsterinsights_sitenote_active":false,"_monsterinsights_sitenote_note":"","_monsterinsights_sitenote_category":0,"footnotes":""},"categories":[6],"tags":[1358,326,81,7406,4021,5276,65],"class_list":["post-30882916","post","type-post","status-publish","format-standard","has-post-thumbnail","hentry","category-institucional","tag-area-de-derecho-civil","tag-convenio","tag-facultad-de-derecho","tag-formacion-academica","tag-francisco-oliva-blazquez","tag-fundacion-para-la-magistratura","tag-practicas"],"_links":{"self":[{"href":"https:\/\/www.upo.es\/diario\/wp-json\/wp\/v2\/posts\/30882916","targetHints":{"allow":["GET"]}}],"collection":[{"href":"https:\/\/www.upo.es\/diario\/wp-json\/wp\/v2\/posts"}],"about":[{"href":"https:\/\/www.upo.es\/diario\/wp-json\/wp\/v2\/types\/post"}],"author":[{"embeddable":true,"href":"https:\/\/www.upo.es\/diario\/wp-json\/wp\/v2\/users\/6"}],"replies":[{"embeddable":true,"href":"https:\/\/www.upo.es\/diario\/wp-json\/wp\/v2\/comments?post=30882916"}],"version-history":[{"count":5,"href":"https:\/\/www.upo.es\/diario\/wp-json\/wp\/v2\/posts\/30882916\/revisions"}],"predecessor-version":[{"id":30882924,"href":"https:\/\/www.upo.es\/diario\/wp-json\/wp\/v2\/posts\/30882916\/revisions\/30882924"}],"wp:featuredmedia":[{"embeddable":true,"href":"https:\/\/www.upo.es\/diario\/wp-json\/wp\/v2\/media\/30882919"}],"wp:attachment":[{"href":"https:\/\/www.upo.es\/diario\/wp-json\/wp\/v2\/media?parent=30882916"}],"wp:term":[{"taxonomy":"category","embeddable":true,"href":"https:\/\/www.upo.es\/diario\/wp-json\/wp\/v2\/categories?post=30882916"},{"taxonomy":"post_tag","embeddable":true,"href":"https:\/\/www.upo.es\/diario\/wp-json\/wp\/v2\/tags?post=30882916"}],"curies":[{"name":"wp","href":"https:\/\/api.w.org\/{rel}","templated":true}]}}