{"id":30882950,"date":"2024-06-28T17:02:38","date_gmt":"2024-06-28T15:02:38","guid":{"rendered":"https:\/\/www.upo.es\/diario\/?p=30882950"},"modified":"2024-07-04T12:51:06","modified_gmt":"2024-07-04T10:51:06","slug":"el-ministro-de-derechos-sociales-y-el-rector-de-la-upo-participan-en-el-curso-sobre-nuevas-expresiones-de-precariedad","status":"publish","type":"post","link":"https:\/\/www.upo.es\/diario\/cursos-verano\/2024\/06\/el-ministro-de-derechos-sociales-y-el-rector-de-la-upo-participan-en-el-curso-sobre-nuevas-expresiones-de-precariedad\/","title":{"rendered":"El ministro de Derechos Sociales y el rector de la UPO participan en el curso sobre nuevas expresiones de precariedad"},"content":{"rendered":"<figure id=\"attachment_30882952\" aria-describedby=\"caption-attachment-30882952\" style=\"width: 707px\" class=\"wp-caption aligncenter\"><a href=\"https:\/\/www.upo.es\/diario\/wp-content\/uploads\/2024\/06\/PabloBustinduy-FranciscoOliva-scaled.jpg\"><img loading=\"lazy\" decoding=\"async\" class=\"size-large wp-image-30882952\" src=\"https:\/\/www.upo.es\/diario\/wp-content\/uploads\/2024\/06\/PabloBustinduy-FranciscoOliva-707x525.jpg\" alt=\"Pablo Bustinduy y Francisco Oliva\" width=\"707\" height=\"525\" srcset=\"https:\/\/www.upo.es\/diario\/wp-content\/uploads\/2024\/06\/PabloBustinduy-FranciscoOliva-707x525.jpg 707w, https:\/\/www.upo.es\/diario\/wp-content\/uploads\/2024\/06\/PabloBustinduy-FranciscoOliva-420x312.jpg 420w, https:\/\/www.upo.es\/diario\/wp-content\/uploads\/2024\/06\/PabloBustinduy-FranciscoOliva-768x570.jpg 768w, https:\/\/www.upo.es\/diario\/wp-content\/uploads\/2024\/06\/PabloBustinduy-FranciscoOliva-1536x1141.jpg 1536w, https:\/\/www.upo.es\/diario\/wp-content\/uploads\/2024\/06\/PabloBustinduy-FranciscoOliva-2048x1521.jpg 2048w, https:\/\/www.upo.es\/diario\/wp-content\/uploads\/2024\/06\/PabloBustinduy-FranciscoOliva-1320x980.jpg 1320w\" sizes=\"auto, (max-width: 707px) 100vw, 707px\" \/><\/a><figcaption id=\"caption-attachment-30882952\" class=\"wp-caption-text\">Pablo Bustinduy y Francisco Oliva<\/figcaption><\/figure>\n<p>El ministro de Derechos Sociales, Consumo y Agenda 2030, <strong>Pablo Bustinduy<\/strong>, y el rector de la Universidad Pablo de Olavide, <strong>Francisco Oliva<\/strong>, han participado hoy en el <strong>curso &#8216;Nuevas expresiones de precariedad y su impacto social y pol\u00edtico&#8217;<\/strong>, junto a <strong>Nuria L\u00f3pez<\/strong>, secretaria general de CCOO de Andaluc\u00eda y <strong>Carlos Aristu<\/strong>, secretario general de CCOO de Sevilla. Dicho seminario, que dio comienzo este jueves, se ha celebrado en el marco de la 22 edici\u00f3n de los cursos de verano de Olavide en Carmona<\/p>\n<p>Durante el curso, que ha estado dirigido acad\u00e9micamente por Laura L\u00f3pez de la Cruz, profesora titular de Derecho Civil de la Universidad Pablo de Olavide y por Jos\u00e9 Manuel Torres Ayala, secretario de Comunicaci\u00f3n, Formaci\u00f3n y Juventud de CCOO de Sevilla, se ha realizado un acercamiento a las <strong>nuevas expresiones de precariedad laboral y se ha analizado c\u00f3mo afectan a las condiciones de vida de los trabajadores y de las trabajadoras<\/strong>, a niveles como la vivienda o la salud, y qu\u00e9 implicaciones tiene esta realidad para la Democracia.<\/p>\n<p>El ministro ha asegurado que es \u201cun honor asistir en este marco incomparable al curso de verano organizado por la Universidad Pablo de Olavide y CCOO donde vamos a debatir la realidad de la desigualdad, la precariedad y la pobreza en nuestro pa\u00eds, y sobre cu\u00e1l es la agenda pol\u00edtica y sindical para luchar contra estos tres fen\u00f3menos que est\u00e1n incidiendo de manera muy negativa en la estabilidad de nuestras democracias y en las perspectivas de vida sociales y trabajadoras\u201d.<\/p>\n<p>En este sentido, ha declarado que \u201c<strong>hasta un tercio de los ni\u00f1os y ni\u00f1as que viven en Espa\u00f1a viven en situaci\u00f3n de pobreza o riesgo de exclusi\u00f3n social<\/strong>. 450.000 ni\u00f1os y ni\u00f1as y adolescentes en Andaluc\u00eda est\u00e1n en esta situaci\u00f3n. Para ello, hemos planteado de cara a la negociaci\u00f3n en los Presupuestos Generales del Estado una prestaci\u00f3n universal por crianza que ya existe en 17 pa\u00edses en Europa y que podr\u00eda reducir las cifras de pobreza infantil a la mitad de manera inmediata. Y de la otra mitad que persistir\u00eda, reducir\u00eda la severidad de esa pobreza en un 40 por ciento\u201d.<\/p>\n<p>\u201cEs intolerable que la cuarta econom\u00eda de la zona euro consienta esos niveles de exclusi\u00f3n social y pobreza infantil como los que se presentan todav\u00eda en nuestro pa\u00eds\u201d, ha subrayado.<\/p>\n<p>Por otro lado, Francisco Oliva ha se\u00f1alado que \u201clas universidades p\u00fablicas espa\u00f1olas tenemos uno de los m\u00e1s dudosos retos de precariedad de todo el sistema espa\u00f1ol de trabajo, un 49 por ciento de precariedad del profesorado que trabaja con nosotros\u201d. En el caso de la UPO, ha declarado que cuando empez\u00f3 su mandato se encontraba en un 52 por ciento de precariedad laboral y que se ha conseguido bajar hasta un 42 por ciento.<\/p>\n<p>\u201cEsta mejora la hemos realizado a pulm\u00f3n porque no tenemos ning\u00fan tipo de ayuda. La causa por la que se lleg\u00f3 a esta precarizaci\u00f3n en las Universidades fue la gran recesi\u00f3n de 2008 y las pol\u00edticas de austeridad, que nos impuso una tasa de reposici\u00f3n 0, lo que nos llev\u00f3 a que en Andaluc\u00eda tuvi\u00e9ramos que recurrir, para salvar la educaci\u00f3n superior p\u00fablica, y no dejarla caer, a las contrataciones m\u00e1s precarias que hay, que son las de profesorado sustituto interino\u201d.<\/p>\n<p>Para mejorar las condiciones del profesorado, \u201chemos conseguido desde la Conferencia de Rectores de las Universidades espa\u00f1olas, tras las negociaciones con la ministra Diana Morant, un plan de incorporaci\u00f3n de 5600 ayudantes doctores en nuestro pa\u00eds, lo que implica que vamos a hacer un proyecto de incorporaci\u00f3n de personas a la Universidad con sueldos dignos y con estabilidad laboral\u201d.<\/p>\n<p>Por \u00faltimo, ha se\u00f1alado que <a href=\"https:\/\/www.upo.es\/diario\/institucional\/2024\/06\/comunicado-de-aupa-ccoo-csif-y-ugt-sobre-el-acuerdo-de-la-mesa-general-de-universidades\/\">las Universidades andaluzas, junto con las organizaciones sindicales, han conseguido un acuerdo con la Junta de Andaluc\u00eda<\/a> para \u201cganar en derechos de nuestros trabajadores y trabajadoras, concretamente los complementos auton\u00f3micos que se van a reconocer al profesorado y, por primera vez, carrera horizontal en Andaluc\u00eda para el personal t\u00e9cnico de administraci\u00f3n y servicios de las universidades p\u00fablicas\u201d.<\/p>\n<p>Fuente: Fundaci\u00f3n Universidad Pablo de Olavide<\/p>\n","protected":false},"excerpt":{"rendered":"<p>El ministro de Derechos Sociales, Consumo y Agenda 2030, Pablo Bustinduy y el rector de la Universidad Pablo de Olavide, Francisco Oliva, han participado hoy en el curso \u201cNuevas expresiones de precariedad y su impacto social y pol\u00edtico\u201d, junto a Nuria L\u00f3pez, secretaria general de CCOO de Andaluc\u00eda y Carlos Aristu, secretario general de CCOO de Sevilla. Dicho seminario, que dio comienzo este jueves, se ha celebrado en el marco de la 22 edici\u00f3n de los cursos de verano de Olavide en Carmona.<\/p>\n","protected":false},"author":6,"featured_media":30882952,"comment_status":"closed","ping_status":"open","sticky":false,"template":"","format":"standard","meta":{"_monsterinsights_skip_tracking":false,"_monsterinsights_sitenote_active":false,"_monsterinsights_sitenote_note":"","_monsterinsights_sitenote_category":0,"footnotes":""},"categories":[729],"tags":[23,5055,22,3526,4609,567,519,1213],"class_list":["post-30882950","post","type-post","status-publish","format-standard","has-post-thumbnail","hentry","category-cursos-verano","tag-carmona","tag-ccoo","tag-cursos-de-verano","tag-derechos-sociales","tag-gobierno-de-espana","tag-mercado-laboral","tag-olavide-en-carmona","tag-sindicatos"],"_links":{"self":[{"href":"https:\/\/www.upo.es\/diario\/wp-json\/wp\/v2\/posts\/30882950","targetHints":{"allow":["GET"]}}],"collection":[{"href":"https:\/\/www.upo.es\/diario\/wp-json\/wp\/v2\/posts"}],"about":[{"href":"https:\/\/www.upo.es\/diario\/wp-json\/wp\/v2\/types\/post"}],"author":[{"embeddable":true,"href":"https:\/\/www.upo.es\/diario\/wp-json\/wp\/v2\/users\/6"}],"replies":[{"embeddable":true,"href":"https:\/\/www.upo.es\/diario\/wp-json\/wp\/v2\/comments?post=30882950"}],"version-history":[{"count":3,"href":"https:\/\/www.upo.es\/diario\/wp-json\/wp\/v2\/posts\/30882950\/revisions"}],"predecessor-version":[{"id":30882954,"href":"https:\/\/www.upo.es\/diario\/wp-json\/wp\/v2\/posts\/30882950\/revisions\/30882954"}],"wp:featuredmedia":[{"embeddable":true,"href":"https:\/\/www.upo.es\/diario\/wp-json\/wp\/v2\/media\/30882952"}],"wp:attachment":[{"href":"https:\/\/www.upo.es\/diario\/wp-json\/wp\/v2\/media?parent=30882950"}],"wp:term":[{"taxonomy":"category","embeddable":true,"href":"https:\/\/www.upo.es\/diario\/wp-json\/wp\/v2\/categories?post=30882950"},{"taxonomy":"post_tag","embeddable":true,"href":"https:\/\/www.upo.es\/diario\/wp-json\/wp\/v2\/tags?post=30882950"}],"curies":[{"name":"wp","href":"https:\/\/api.w.org\/{rel}","templated":true}]}}