{"id":30882958,"date":"2024-07-01T14:15:31","date_gmt":"2024-07-01T12:15:31","guid":{"rendered":"https:\/\/www.upo.es\/diario\/?p=30882958"},"modified":"2024-07-17T10:00:06","modified_gmt":"2024-07-17T08:00:06","slug":"la-universidad-pablo-de-olavide-acoge-el-primer-global-meeting-de-la-red-incasi-para-abordar-las-desigualdades-sociales","status":"publish","type":"post","link":"https:\/\/www.upo.es\/diario\/docencia-formacion\/2024\/07\/la-universidad-pablo-de-olavide-acoge-el-primer-global-meeting-de-la-red-incasi-para-abordar-las-desigualdades-sociales\/","title":{"rendered":"La Universidad Pablo de Olavide acoge el primer Global Meeting de la Red INCASI para abordar las desigualdades sociales"},"content":{"rendered":"<figure id=\"attachment_30882959\" aria-describedby=\"caption-attachment-30882959\" style=\"width: 750px\" class=\"wp-caption aligncenter\"><a href=\"https:\/\/www.upo.es\/diario\/wp-content\/uploads\/2024\/07\/incasi03-1-scaled.jpg\"><img loading=\"lazy\" decoding=\"async\" class=\"size-large wp-image-30882959\" src=\"https:\/\/www.upo.es\/diario\/wp-content\/uploads\/2024\/07\/incasi03-1-750x500.jpg\" alt=\"El encuentro se celebra a lo largo de todo el d\u00eda de hoy en la Universidad Pablo de Olavide.\" width=\"750\" height=\"500\" srcset=\"https:\/\/www.upo.es\/diario\/wp-content\/uploads\/2024\/07\/incasi03-1-750x500.jpg 750w, https:\/\/www.upo.es\/diario\/wp-content\/uploads\/2024\/07\/incasi03-1-420x280.jpg 420w, https:\/\/www.upo.es\/diario\/wp-content\/uploads\/2024\/07\/incasi03-1-768x512.jpg 768w, https:\/\/www.upo.es\/diario\/wp-content\/uploads\/2024\/07\/incasi03-1-1536x1024.jpg 1536w, https:\/\/www.upo.es\/diario\/wp-content\/uploads\/2024\/07\/incasi03-1-2048x1365.jpg 2048w, https:\/\/www.upo.es\/diario\/wp-content\/uploads\/2024\/07\/incasi03-1-165x109.jpg 165w, https:\/\/www.upo.es\/diario\/wp-content\/uploads\/2024\/07\/incasi03-1-1320x880.jpg 1320w\" sizes=\"auto, (max-width: 750px) 100vw, 750px\" \/><\/a><figcaption id=\"caption-attachment-30882959\" class=\"wp-caption-text\">El encuentro se celebra a lo largo de todo el d\u00eda de hoy en la Universidad Pablo de Olavide.<\/figcaption><\/figure>\n<p>La Universidad Pablo de Olavide acoge a lo largo del d\u00eda de hoy el primer <strong>Global Meeting de la <\/strong><a href=\"https:\/\/webs.uab.cat\/incasi\/\"><strong>red INCASI (<em>International Network for Comparative Analysis of Social Inequalities<\/em>)<\/strong><\/a><strong>,<\/strong> proyecto universitario financiado por la Comisi\u00f3n Europea que tiene como objetivo la creaci\u00f3n y consolidaci\u00f3n de una <strong>red de investigaci\u00f3n y formaci\u00f3n entre Europa y Am\u00e9rica Latina sobre las desigualdades<\/strong> en estos territorios, con el objetivo de reducirlas.<\/p>\n<figure id=\"attachment_30882985\" aria-describedby=\"caption-attachment-30882985\" style=\"width: 413px\" class=\"wp-caption alignright\"><a href=\"https:\/\/www.upo.es\/diario\/wp-content\/uploads\/2024\/07\/incasi05.jpeg\"><img loading=\"lazy\" decoding=\"async\" class=\"size-medium wp-image-30882985\" src=\"https:\/\/www.upo.es\/diario\/wp-content\/uploads\/2024\/07\/incasi05-413x420.jpeg\" alt=\"De izquierda a derecha, Pedro L\u00f3pez-Rold\u00e1n y Sandra Fachelli.\" width=\"413\" height=\"420\" srcset=\"https:\/\/www.upo.es\/diario\/wp-content\/uploads\/2024\/07\/incasi05-413x420.jpeg 413w, https:\/\/www.upo.es\/diario\/wp-content\/uploads\/2024\/07\/incasi05-516x525.jpeg 516w, https:\/\/www.upo.es\/diario\/wp-content\/uploads\/2024\/07\/incasi05-768x781.jpeg 768w, https:\/\/www.upo.es\/diario\/wp-content\/uploads\/2024\/07\/incasi05.jpeg 1258w\" sizes=\"auto, (max-width: 413px) 100vw, 413px\" \/><\/a><figcaption id=\"caption-attachment-30882985\" class=\"wp-caption-text\">De izquierda a derecha, Pedro L\u00f3pez-Rold\u00e1n y Sandra Fachelli.<\/figcaption><\/figure>\n<p>Coordinado por el Instituto de Estudios del Trabajo (IET) de la Universitat Aut\u00f2noma de Barcelona, siendo el investigador principal de la red el <strong>Pedro L\u00f3pez-Rold\u00e1n<\/strong>, la subcoordinaci\u00f3n est\u00e1 a cargo de la <strong>Sandra Fachelli<\/strong>, profesora del Departamento de Sociolog\u00eda de la Universidad Pablo de Olavide.<\/p>\n<p>En este encuentro participan investigadoras e investigadores principales de las 29 organizaciones que componen la red INCASI, compuesta por 14 universidades europeas de 6 pa\u00edses (Espa\u00f1a, Italia, Francia, Pa\u00edses Bajos, Finlandia y Gran Breta\u00f1a), 11 universidades de Am\u00e9rica latina y el Caribe de 7 pa\u00edses (Argentina, Bolivia, Cuba, Chile, Uruguay, Brasil y M\u00e9xico), y 4 organizaciones no acad\u00e9micas (Latinobar\u00f3metro, Comisi\u00f3n Econ\u00f3mica para Am\u00e9rica Latina y el Caribe \u2013CEPAL-, Instituto para la Integraci\u00f3n de Am\u00e9rica Latina y el Caribe \u2013INTAL- y Laboratorio Opini\u00f3n P\u00fablica de Am\u00e9rica Latina \u2013LAPOP-).<\/p>\n<figure id=\"attachment_30882961\" aria-describedby=\"caption-attachment-30882961\" style=\"width: 420px\" class=\"wp-caption alignleft\"><a href=\"https:\/\/www.upo.es\/diario\/wp-content\/uploads\/2024\/07\/incasi02-1-scaled.jpg\"><img loading=\"lazy\" decoding=\"async\" class=\"size-medium wp-image-30882961\" src=\"https:\/\/www.upo.es\/diario\/wp-content\/uploads\/2024\/07\/incasi02-1-420x280.jpg\" alt=\"De izquierda a derecha, Pedro L\u00f3pez-Rold\u00e1n y Jos\u00e9 Saturnino Mart\u00ednez Garc\u00eda. \" width=\"420\" height=\"280\" srcset=\"https:\/\/www.upo.es\/diario\/wp-content\/uploads\/2024\/07\/incasi02-1-420x280.jpg 420w, https:\/\/www.upo.es\/diario\/wp-content\/uploads\/2024\/07\/incasi02-1-750x500.jpg 750w, https:\/\/www.upo.es\/diario\/wp-content\/uploads\/2024\/07\/incasi02-1-768x512.jpg 768w, https:\/\/www.upo.es\/diario\/wp-content\/uploads\/2024\/07\/incasi02-1-1536x1024.jpg 1536w, https:\/\/www.upo.es\/diario\/wp-content\/uploads\/2024\/07\/incasi02-1-2048x1365.jpg 2048w, https:\/\/www.upo.es\/diario\/wp-content\/uploads\/2024\/07\/incasi02-1-165x109.jpg 165w, https:\/\/www.upo.es\/diario\/wp-content\/uploads\/2024\/07\/incasi02-1-1320x880.jpg 1320w\" sizes=\"auto, (max-width: 420px) 100vw, 420px\" \/><\/a><figcaption id=\"caption-attachment-30882961\" class=\"wp-caption-text\">De izquierda a derecha, Pedro L\u00f3pez-Rold\u00e1n y Jos\u00e9 Saturnino Mart\u00ednez Garc\u00eda.<\/figcaption><\/figure>\n<p>\u201cRecibir a esta red internacional es una excelente oportunidad para dar a conocer nuestra universidad y poder proyectarnos as\u00ed a todos los pa\u00edses de los que proceden los investigadores e investigadoras\u201d, afirma la profesora Sandra Fachelli. Creada en el a\u00f1o 2015 y tras 4 a\u00f1os de trabajo, INCASI se encuentra en una segunda etapa que finalizar\u00e1 en octubre de 2027. \u201cA lo largo de los pr\u00f3ximos 4 a\u00f1os, podremos profundizar en las investigaciones iniciadas, creando de forma innovadora medidas integrales para abordar la desigualdad\u201d, explica la profesora de la UPO.<\/p>\n<figure id=\"attachment_30882987\" aria-describedby=\"caption-attachment-30882987\" style=\"width: 420px\" class=\"wp-caption alignright\"><a href=\"https:\/\/www.upo.es\/diario\/wp-content\/uploads\/2024\/07\/incasi06.jpeg\"><img loading=\"lazy\" decoding=\"async\" class=\"size-medium wp-image-30882987\" src=\"https:\/\/www.upo.es\/diario\/wp-content\/uploads\/2024\/07\/incasi06-420x264.jpeg\" alt=\"De izquierda a derecha, Sandra Fachelli, Amapola Povedano, Antonio Mart\u00edn Artiles (UAB), Xavier Mancero (Comisi\u00f3n Econ\u00f3mica para Am\u00e9rica Latina, CEPAL) y Pedro Lopez-Rold\u00e1n.\" width=\"420\" height=\"264\" srcset=\"https:\/\/www.upo.es\/diario\/wp-content\/uploads\/2024\/07\/incasi06-420x264.jpeg 420w, https:\/\/www.upo.es\/diario\/wp-content\/uploads\/2024\/07\/incasi06-750x472.jpeg 750w, https:\/\/www.upo.es\/diario\/wp-content\/uploads\/2024\/07\/incasi06-768x484.jpeg 768w, https:\/\/www.upo.es\/diario\/wp-content\/uploads\/2024\/07\/incasi06-1536x967.jpeg 1536w, https:\/\/www.upo.es\/diario\/wp-content\/uploads\/2024\/07\/incasi06-1320x831.jpeg 1320w, https:\/\/www.upo.es\/diario\/wp-content\/uploads\/2024\/07\/incasi06.jpeg 1742w\" sizes=\"auto, (max-width: 420px) 100vw, 420px\" \/><\/a><figcaption id=\"caption-attachment-30882987\" class=\"wp-caption-text\">De izquierda a derecha, Sandra Fachelli, Amapola Povedano, Antonio Mart\u00edn Artiles (UAB), Xavier Mancero (Comisi\u00f3n Econ\u00f3mica para Am\u00e9rica Latina, CEPAL) y Pedro Lopez-Rold\u00e1n.<\/figcaption><\/figure>\n<p>El nuevo proyecto, bajo el programa <em>Horizon Europe<\/em>, Marie Sk\u0142odowska-Curie Actions (MSCA), Staff Exchange (GA101130456), lleva por t\u00edtulo <strong><em>A New Measure of Socioeconomic Inequalities for International Comparison<\/em> (INCASI2)<\/strong> y tiene como objetivo la construcci\u00f3n de un <strong>nuevo modelo anal\u00edtico de las desigualdades socioecon\u00f3micas<\/strong>, relacionado con 6 l\u00edneas de investigaci\u00f3n: trabajo, educaci\u00f3n, g\u00e9nero, estratificaci\u00f3n social y movilidad, migraciones y pol\u00edticas p\u00fablicas.<\/p>\n<p>El Global Meeting ha sido clausurado por la vicerrectora de Estudiantes, Empleabilidad y Emprendimiento de la UPO <strong>Amapola Povedano D\u00edaz<\/strong>.<\/p>\n","protected":false},"excerpt":{"rendered":"<p>La Universidad Pablo de Olavide acoge a lo largo del d\u00eda de hoy el primer Global Meeting de la red INCASI (International Network for Comparative Analysis of Social Inequalities), proyecto universitario financiado por la Comisi\u00f3n Europea que tiene como objetivo la creaci\u00f3n y consolidaci\u00f3n de una red de investigaci\u00f3n y formaci\u00f3n entre Europa y Am\u00e9rica Latina sobre las desigualdades en estos territorios, con el objetivo de reducirlas.<\/p>\n","protected":false},"author":2,"featured_media":30882959,"comment_status":"closed","ping_status":"open","sticky":false,"template":"","format":"standard","meta":{"_monsterinsights_skip_tracking":false,"_monsterinsights_sitenote_active":false,"_monsterinsights_sitenote_note":"","_monsterinsights_sitenote_category":0,"footnotes":""},"categories":[2779],"tags":[799,8877,2679,454,8876],"class_list":["post-30882958","post","type-post","status-publish","format-standard","has-post-thumbnail","hentry","category-docencia-formacion","tag-america-latina","tag-departamento-de-sociologi","tag-desigualdad","tag-europa","tag-red-incasi"],"_links":{"self":[{"href":"https:\/\/www.upo.es\/diario\/wp-json\/wp\/v2\/posts\/30882958","targetHints":{"allow":["GET"]}}],"collection":[{"href":"https:\/\/www.upo.es\/diario\/wp-json\/wp\/v2\/posts"}],"about":[{"href":"https:\/\/www.upo.es\/diario\/wp-json\/wp\/v2\/types\/post"}],"author":[{"embeddable":true,"href":"https:\/\/www.upo.es\/diario\/wp-json\/wp\/v2\/users\/2"}],"replies":[{"embeddable":true,"href":"https:\/\/www.upo.es\/diario\/wp-json\/wp\/v2\/comments?post=30882958"}],"version-history":[{"count":5,"href":"https:\/\/www.upo.es\/diario\/wp-json\/wp\/v2\/posts\/30882958\/revisions"}],"predecessor-version":[{"id":30882989,"href":"https:\/\/www.upo.es\/diario\/wp-json\/wp\/v2\/posts\/30882958\/revisions\/30882989"}],"wp:featuredmedia":[{"embeddable":true,"href":"https:\/\/www.upo.es\/diario\/wp-json\/wp\/v2\/media\/30882959"}],"wp:attachment":[{"href":"https:\/\/www.upo.es\/diario\/wp-json\/wp\/v2\/media?parent=30882958"}],"wp:term":[{"taxonomy":"category","embeddable":true,"href":"https:\/\/www.upo.es\/diario\/wp-json\/wp\/v2\/categories?post=30882958"},{"taxonomy":"post_tag","embeddable":true,"href":"https:\/\/www.upo.es\/diario\/wp-json\/wp\/v2\/tags?post=30882958"}],"curies":[{"name":"wp","href":"https:\/\/api.w.org\/{rel}","templated":true}]}}