{"id":30882965,"date":"2024-07-02T11:26:30","date_gmt":"2024-07-02T09:26:30","guid":{"rendered":"https:\/\/www.upo.es\/diario\/?p=30882965"},"modified":"2024-07-04T12:50:57","modified_gmt":"2024-07-04T10:50:57","slug":"escuelas-sensibles-trauma-mejorar-trastornos-conducta-problemas-convivencia","status":"publish","type":"post","link":"https:\/\/www.upo.es\/diario\/cursos-verano\/2024\/07\/escuelas-sensibles-trauma-mejorar-trastornos-conducta-problemas-convivencia\/","title":{"rendered":"Escuelas sensibles al trauma para mejorar trastornos de conducta y problemas de convivencia"},"content":{"rendered":"<figure id=\"attachment_30882966\" aria-describedby=\"caption-attachment-30882966\" style=\"width: 750px\" class=\"wp-caption aligncenter\"><a href=\"https:\/\/www.upo.es\/diario\/wp-content\/uploads\/2024\/07\/Alma-Serra_CUVE.jpg\"><img loading=\"lazy\" decoding=\"async\" class=\"wp-image-30882966 size-large\" src=\"https:\/\/www.upo.es\/diario\/wp-content\/uploads\/2024\/07\/Alma-Serra_CUVE-750x500.jpg\" alt=\"La psic\u00f3loga Alma Serra\" width=\"750\" height=\"500\" srcset=\"https:\/\/www.upo.es\/diario\/wp-content\/uploads\/2024\/07\/Alma-Serra_CUVE-750x500.jpg 750w, https:\/\/www.upo.es\/diario\/wp-content\/uploads\/2024\/07\/Alma-Serra_CUVE-420x280.jpg 420w, https:\/\/www.upo.es\/diario\/wp-content\/uploads\/2024\/07\/Alma-Serra_CUVE-768x512.jpg 768w, https:\/\/www.upo.es\/diario\/wp-content\/uploads\/2024\/07\/Alma-Serra_CUVE-1536x1024.jpg 1536w, https:\/\/www.upo.es\/diario\/wp-content\/uploads\/2024\/07\/Alma-Serra_CUVE-2048x1366.jpg 2048w, https:\/\/www.upo.es\/diario\/wp-content\/uploads\/2024\/07\/Alma-Serra_CUVE-165x109.jpg 165w, https:\/\/www.upo.es\/diario\/wp-content\/uploads\/2024\/07\/Alma-Serra_CUVE-1320x880.jpg 1320w\" sizes=\"auto, (max-width: 750px) 100vw, 750px\" \/><\/a><figcaption id=\"caption-attachment-30882966\" class=\"wp-caption-text\">La psic\u00f3loga Alma Serra<\/figcaption><\/figure>\n<p>Las denominadas \u201cescuelas sensibles al trauma\u201d han demostrado resultados \u201cesperanzadores\u201d con estudiantes que presentan trastornos de conducta, disminuyen los incidentes relacionados con la convivencia, mejoran la asistencia y el compromiso escolar y aumentan el bienestar social y emocional de los estudiantes. As\u00ed lo ha asegurado la psic\u00f3loga, antrop\u00f3loga y docente Alma Serra, para quien estos enfoques ayudan a los estudiantes a \u201cdesarrollar habilidades de autorregulaci\u00f3n\u201d y a encontrar \u201cformas m\u00e1s saludables de procesar y expresar sus emociones\u201d ante los desaf\u00edos a los que se enfrentan.<\/p>\n<p>Serra ha hecho estas declaraciones en el marco del curso de verano de la Universidad Pablo de Olavide que se celebra esta semana en Carmona bajo su direcci\u00f3n y con el ep\u00edgrafe \u2018Trastornos de conducta en el aula. Propuesta de intervenci\u00f3n desde enfoques psicol\u00f3gicos y educativos de tercera generaci\u00f3n\u2019, donde se defiende la reparaci\u00f3n \u201cprofundamente sanadora\u201d de \u201csentirse sentido\u201d por la escuela.<\/p>\n<p>La directora del curso, que este 2024 alcanza su cuarta edici\u00f3n, ha explicado que una escuela sensible al trauma es un \u201centorno educativo que reconoce el impacto que pueden tener los eventos traum\u00e1ticos en el desarrollo y el bienestar de los estudiantes\u201d porque se enfocan en \u201ccrear un ambiente seguro, de apoyo y comprensivo donde los estudiantes pueden sentirse comprendidos y encontrar los recursos necesarios para procesar y superar sus experiencias traum\u00e1ticas\u201d.<\/p>\n<p>Para Alma Serra, este enfoque es especialmente importante en el caso de los estudiantes que presentan trastornos de conducta, ya que \u201ca menudo sus comportamientos desafiantes est\u00e1n enraizados en traumas o adversidades que han experimentado\u201d y al abordar sus necesidades emocionales, estos estudiantes pueden desarrollar \u201cestrategias m\u00e1s saludables de afrontamiento y mejorar su bienestar y rendimiento acad\u00e9mico\u201d.<\/p>\n<p>En este sentido, la psic\u00f3loga ha recomendado a las escuelas que desean implementar un enfoque sensible al trauma que comiencen por \u201cformar y sensibilizar a toda la comunidad educativa sobre los efectos del trauma y las mejores pr\u00e1cticas para crear un entorno sensible\u201d. Adem\u00e1s, ha se\u00f1alado que \u201ces crucial establecer sinergias entre profesionales que trabajan con las familias y los menores, entre la escuela y la comunidad para abordar de manera integral las necesidades de los estudiantes\u201d.<\/p>\n<p>Asimismo, ha destacado la importancia de buscar profesionales con experiencia con quienes generar \u201cprotocolos de acogida\u201d y una \u201cmetodolog\u00eda com\u00fan de trabajo\u201d. Seg\u00fan la docente, la clave est\u00e1 en \u201cno juzgar, sino en comprender lo que est\u00e1 ocurriendo o ha ocurrido y ser capaces de ver a un ni\u00f1o o a una ni\u00f1a herida que nos pide ayuda a voces y que a veces no tiene otra forma que usar la agresividad o la violencia para ser visto\u201d, ha concluido.<\/p>\n<p>&nbsp;<\/p>\n<p>&nbsp;<\/p>\n","protected":false},"excerpt":{"rendered":"<p>Las denominadas \u201cescuelas sensibles al trauma\u201d han demostrado resultados \u201cesperanzadores\u201d con estudiantes que presentan trastornos de conducta, disminuyen los incidentes relacionados con la convivencia, mejoran la asistencia y el compromiso escolar y aumentan el bienestar social y emocional de los estudiantes. As\u00ed lo ha asegurado la psic\u00f3loga, antrop\u00f3loga y docente Alma Serra, que ha participado en los Cursos de Verano &#8216;Olavide en Carmona&#8217;.<\/p>\n","protected":false},"author":4,"featured_media":30882966,"comment_status":"closed","ping_status":"open","sticky":false,"template":"","format":"standard","meta":{"_monsterinsights_skip_tracking":false,"_monsterinsights_sitenote_active":false,"_monsterinsights_sitenote_note":"","_monsterinsights_sitenote_category":0,"footnotes":""},"categories":[729],"tags":[8878,872,23,1627,505,142],"class_list":["post-30882965","post","type-post","status-publish","format-standard","has-post-thumbnail","hentry","category-cursos-verano","tag-alma-serra","tag-bienestar-social","tag-carmona","tag-curso-de-verano","tag-escuela","tag-psicologia"],"_links":{"self":[{"href":"https:\/\/www.upo.es\/diario\/wp-json\/wp\/v2\/posts\/30882965","targetHints":{"allow":["GET"]}}],"collection":[{"href":"https:\/\/www.upo.es\/diario\/wp-json\/wp\/v2\/posts"}],"about":[{"href":"https:\/\/www.upo.es\/diario\/wp-json\/wp\/v2\/types\/post"}],"author":[{"embeddable":true,"href":"https:\/\/www.upo.es\/diario\/wp-json\/wp\/v2\/users\/4"}],"replies":[{"embeddable":true,"href":"https:\/\/www.upo.es\/diario\/wp-json\/wp\/v2\/comments?post=30882965"}],"version-history":[{"count":1,"href":"https:\/\/www.upo.es\/diario\/wp-json\/wp\/v2\/posts\/30882965\/revisions"}],"predecessor-version":[{"id":30882967,"href":"https:\/\/www.upo.es\/diario\/wp-json\/wp\/v2\/posts\/30882965\/revisions\/30882967"}],"wp:featuredmedia":[{"embeddable":true,"href":"https:\/\/www.upo.es\/diario\/wp-json\/wp\/v2\/media\/30882966"}],"wp:attachment":[{"href":"https:\/\/www.upo.es\/diario\/wp-json\/wp\/v2\/media?parent=30882965"}],"wp:term":[{"taxonomy":"category","embeddable":true,"href":"https:\/\/www.upo.es\/diario\/wp-json\/wp\/v2\/categories?post=30882965"},{"taxonomy":"post_tag","embeddable":true,"href":"https:\/\/www.upo.es\/diario\/wp-json\/wp\/v2\/tags?post=30882965"}],"curies":[{"name":"wp","href":"https:\/\/api.w.org\/{rel}","templated":true}]}}