{"id":30882968,"date":"2024-07-02T14:12:43","date_gmt":"2024-07-02T12:12:43","guid":{"rendered":"https:\/\/www.upo.es\/diario\/?p=30882968"},"modified":"2024-07-08T11:52:46","modified_gmt":"2024-07-08T09:52:46","slug":"editorial-el-pais-el-cuarto-de-atras-de-carmen-martin-gaite-en-la-primera-jornada-de-la-convocatoria-extraordinaria-de-la-pevau","status":"publish","type":"post","link":"https:\/\/www.upo.es\/diario\/institucional\/2024\/07\/editorial-el-pais-el-cuarto-de-atras-de-carmen-martin-gaite-en-la-primera-jornada-de-la-convocatoria-extraordinaria-de-la-pevau\/","title":{"rendered":"Un editorial de El Pa\u00eds y \u2018El cuarto de atr\u00e1s\u2019 de Carmen Mart\u00edn Gaite, en la primera jornada de la convocatoria extraordinaria de la PEvAU"},"content":{"rendered":"<figure id=\"attachment_30882969\" aria-describedby=\"caption-attachment-30882969\" style=\"width: 750px\" class=\"wp-caption aligncenter\"><a href=\"https:\/\/www.upo.es\/diario\/wp-content\/uploads\/2024\/07\/pevau_ext_01-1-scaled.jpg\"><img loading=\"lazy\" decoding=\"async\" class=\"size-large wp-image-30882969\" src=\"https:\/\/www.upo.es\/diario\/wp-content\/uploads\/2024\/07\/pevau_ext_01-1-750x500.jpg\" alt=\"Estudiantes durante la PEvAU extraordinaria en la UPO.\" width=\"750\" height=\"500\" srcset=\"https:\/\/www.upo.es\/diario\/wp-content\/uploads\/2024\/07\/pevau_ext_01-1-750x500.jpg 750w, https:\/\/www.upo.es\/diario\/wp-content\/uploads\/2024\/07\/pevau_ext_01-1-420x280.jpg 420w, https:\/\/www.upo.es\/diario\/wp-content\/uploads\/2024\/07\/pevau_ext_01-1-768x512.jpg 768w, https:\/\/www.upo.es\/diario\/wp-content\/uploads\/2024\/07\/pevau_ext_01-1-1536x1024.jpg 1536w, https:\/\/www.upo.es\/diario\/wp-content\/uploads\/2024\/07\/pevau_ext_01-1-2048x1365.jpg 2048w, https:\/\/www.upo.es\/diario\/wp-content\/uploads\/2024\/07\/pevau_ext_01-1-165x109.jpg 165w, https:\/\/www.upo.es\/diario\/wp-content\/uploads\/2024\/07\/pevau_ext_01-1-1320x880.jpg 1320w\" sizes=\"auto, (max-width: 750px) 100vw, 750px\" \/><\/a><figcaption id=\"caption-attachment-30882969\" class=\"wp-caption-text\">Estudiantes durante la PEvAU extraordinaria en la UPO.<\/figcaption><\/figure>\n<p>El primer d\u00eda de la convocatoria extraordinaria de las Pruebas de Acceso y Admisi\u00f3n a la Universidad se ha desarrollado hoy martes sin incidencias en la Universidad Pablo de Olavide, donde se est\u00e1n examinando <strong>483 estudiantes<\/strong> de Bachillerato y Ciclos Formativos de <strong>33 centros educativos de Sevilla y su provincia <\/strong>hasta el jueves 4 de julio.<\/p>\n<p>El primer examen ha sido el de <strong>Lengua Castellana y Literatura II<\/strong>, en el que el alumnado de Bachillerato ha tenido que elegir en el primer bloque (5 puntos) entre un editorial de El Pa\u00eds publicado el 16 de agosto de 2023, que aborda las dificultades de la emancipaci\u00f3n juvenil, y un fragmento de \u2018El cuarto de atr\u00e1s\u2019 de Carmen Mart\u00edn Gaite. A continuaci\u00f3n, en un segundo bloque que plantea cuatro cuestiones con distintas opciones, los y las estudiantes han tenido que contestar una de las opciones de cada cuesti\u00f3n propuesta (5 puntos).<\/p>\n<p>Tras un descanso de una hora, a las 11:00 ha dado comienzo el segundo examen, en el que el estudiantado elige examinarse entre <strong>Historia de Espa\u00f1a<\/strong> e <strong>Historia de la Filosof\u00eda<\/strong>.<\/p>\n<figure id=\"attachment_30882971\" aria-describedby=\"caption-attachment-30882971\" style=\"width: 420px\" class=\"wp-caption alignright\"><a href=\"https:\/\/www.upo.es\/diario\/wp-content\/uploads\/2024\/07\/pevau_ext_04-1-scaled.jpg\"><img loading=\"lazy\" decoding=\"async\" class=\"size-medium wp-image-30882971\" src=\"https:\/\/www.upo.es\/diario\/wp-content\/uploads\/2024\/07\/pevau_ext_04-1-420x280.jpg\" alt=\"Estudiantes en uno de los descansos durante la primera jornada de la PEvAU.\" width=\"420\" height=\"280\" srcset=\"https:\/\/www.upo.es\/diario\/wp-content\/uploads\/2024\/07\/pevau_ext_04-1-420x280.jpg 420w, https:\/\/www.upo.es\/diario\/wp-content\/uploads\/2024\/07\/pevau_ext_04-1-750x500.jpg 750w, https:\/\/www.upo.es\/diario\/wp-content\/uploads\/2024\/07\/pevau_ext_04-1-768x512.jpg 768w, https:\/\/www.upo.es\/diario\/wp-content\/uploads\/2024\/07\/pevau_ext_04-1-1536x1024.jpg 1536w, https:\/\/www.upo.es\/diario\/wp-content\/uploads\/2024\/07\/pevau_ext_04-1-2048x1365.jpg 2048w, https:\/\/www.upo.es\/diario\/wp-content\/uploads\/2024\/07\/pevau_ext_04-1-165x109.jpg 165w, https:\/\/www.upo.es\/diario\/wp-content\/uploads\/2024\/07\/pevau_ext_04-1-1320x880.jpg 1320w\" sizes=\"auto, (max-width: 420px) 100vw, 420px\" \/><\/a><figcaption id=\"caption-attachment-30882971\" class=\"wp-caption-text\">Estudiantes en uno de los descansos durante la primera jornada de la PEvAU.<\/figcaption><\/figure>\n<p>Respecto a la prueba de <strong>Historia de Espa\u00f1a<\/strong>, han podido elegir entre cuatro temas a desarrollar (5,5 puntos): revoluci\u00f3n liberal en el reinado de Isabel II. Carlismo y guerra civil. Construcci\u00f3n y evoluci\u00f3n del Estado liberal; el Sexenio Revolucionario (1868-1874): intentos democratizadores. De la revoluci\u00f3n al ensayo republicano; la Dictadura de Primo de Rivera (1923-1930); y la creaci\u00f3n del Estado franquista. Fundamentos ideol\u00f3gicos y apoyos sociales (1939-1975). Por \u00faltimo, han contestado a tres cuestiones entre seis disponibles (1,5 puntos cada una).<\/p>\n<p>Plat\u00f3n, Tom\u00e1s de Aquino, Descartes y Kant han sido los protagonistas del examen de <strong>Historia de la Filosof\u00eda<\/strong>. Los y las estudiantes han elegido uno de los textos de estos autores y han respondido a las primeras cuatro preguntas en relaci\u00f3n con dicho texto (2 puntos cada una). Tambi\u00e9n han respondido a una de las cuatro formulaciones que tiene la pregunta 5, con la condici\u00f3n de que la opci\u00f3n seleccionada en esta pregunta no se refiera al autor del texto elegido anteriormente (2 puntos).<\/p>\n<p>La primera jornada ha concluido con el examen de <strong>Lengua Extranjera<\/strong> (<strong>alem\u00e1n, franc\u00e9s, ingl\u00e9s, italiano <\/strong>o<strong> portugu\u00e9s<\/strong>), donde se valora la comprensi\u00f3n lectora y la expresi\u00f3n escrita del alumnado.<\/p>\n<p><strong>La fase de acceso concluir\u00e1 ma\u00f1ana mi\u00e9rcoles 3 de julio<\/strong> con el ejercicio sobre una materia troncal general de segundo curso, elegida seg\u00fan la modalidad de Bachillerato entre <strong>An\u00e1lisis Musical II, Artes Esc\u00e9nicas II, Ciencias Generales, Dibujo Art\u00edstico II, Lat\u00edn II, Matem\u00e1ticas II <\/strong>o<strong> Matem\u00e1ticas Aplicadas a las Ciencias Sociales II<\/strong>.<\/p>\n<p>Para superar la fase de acceso no es necesario aprobar cada examen por separado, sino que la calificaci\u00f3n ha de ser igual o superior a 4 y la media ponderada con Bachillerato (60% Bachillerato + 40% ex\u00e1menes de acceso) debe ser igual o superior a 5. Esta calificaci\u00f3n otorga acceso indefinido a la Universidad y puede mejorarse en la fase de admisi\u00f3n con hasta 5 puntos m\u00e1s. En ella, se eval\u00faan los conocimientos y capacidades desde una a cuatro asignaturas elegidas libremente en funci\u00f3n de los estudios universitarios que se quieran cursar. Solo computar\u00e1 la nota de las dos materias que m\u00e1s aporten a esta elecci\u00f3n seg\u00fan la ponderaci\u00f3n por ramas de conocimiento, permitiendo alcanzar una calificaci\u00f3n final m\u00e1xima de 14 puntos.<\/p>\n<h3><strong>Estudiantes que se presentan a la convocatoria extraordinaria de la PEvAU en la UPO<\/strong><\/h3>\n<p>En la convocatoria extraordinaria de este a\u00f1o, se han inscrito 185 estudiantes para realizar en la UPO la fase de acceso junto a la de admisi\u00f3n; 266 solamente har\u00e1n los ex\u00e1menes de admisi\u00f3n, al tener superada la de acceso, y 32 estudiantes se han inscrito \u00fanicamente para esta \u00faltima.<\/p>\n<p><u>El jueves 11 de julio<\/u>, entre las 8:00 y las 10:00 horas, los y las estudiantes recibir\u00e1n por SMS y por email las calificaciones obtenidas en las pruebas, que podr\u00e1n tambi\u00e9n consultarse a trav\u00e9s de los servicios personales en la web de la Universidad <a href=\"http:\/\/www.upo.es\">www.upo.es<\/a><\/p>\n<p><strong>Para quienes superen las pruebas, del 12 al 16 de julio se abre el plazo para entregar las solicitudes de admisi\u00f3n, en fase extraordinaria,<\/strong> en los grados que se imparten en las universidades p\u00fablicas andaluzas. Esta solicitud, o preinscripci\u00f3n, es \u00fanica para todas las universidades y se realiza a trav\u00e9s del portal del Distrito \u00danico Andaluz (<a href=\"https:\/\/lajunta.es\/portaldua\">lajunta.es\/portaldua<\/a>). Para m\u00e1s informaci\u00f3n, la UPO pone a disposici\u00f3n de los futuros universitarios y universitarias <a href=\"https:\/\/www.upo.es\/estudiantes\/es\/antes-del-grado\/pruebas-de-acceso\/Fechas-PEVAU-y-Procedimientos-Clave\/\">iPuntOlavide<\/a>, un portal de informaci\u00f3n y orientaci\u00f3n para resolver dudas y facilitar el acceso a la universidad.<\/p>\n","protected":false},"excerpt":{"rendered":"<p>El primer d\u00eda de la convocatoria extraordinaria de las Pruebas de Acceso y Admisi\u00f3n a la Universidad se ha desarrollado hoy martes sin incidencias en la Universidad Pablo de Olavide, donde se est\u00e1n examinando 483 estudiantes de Bachillerato y Ciclos Formativos de 33 centros educativos de Sevilla y su provincia hasta el jueves 4 de julio.<\/p>\n","protected":false},"author":2,"featured_media":30882969,"comment_status":"closed","ping_status":"open","sticky":false,"template":"","format":"standard","meta":{"_monsterinsights_skip_tracking":false,"_monsterinsights_sitenote_active":false,"_monsterinsights_sitenote_note":"","_monsterinsights_sitenote_category":0,"footnotes":""},"categories":[6],"tags":[1462,717,21,127,4082,7529,665,161],"class_list":["post-30882968","post","type-post","status-publish","format-standard","has-post-thumbnail","hentry","category-institucional","tag-acceso-a-la-universidad","tag-distrito-unico-andaluz","tag-estudiantes","tag-examenes","tag-pevau","tag-pevau-extraordinaria","tag-selectividad","tag-sevilla"],"_links":{"self":[{"href":"https:\/\/www.upo.es\/diario\/wp-json\/wp\/v2\/posts\/30882968","targetHints":{"allow":["GET"]}}],"collection":[{"href":"https:\/\/www.upo.es\/diario\/wp-json\/wp\/v2\/posts"}],"about":[{"href":"https:\/\/www.upo.es\/diario\/wp-json\/wp\/v2\/types\/post"}],"author":[{"embeddable":true,"href":"https:\/\/www.upo.es\/diario\/wp-json\/wp\/v2\/users\/2"}],"replies":[{"embeddable":true,"href":"https:\/\/www.upo.es\/diario\/wp-json\/wp\/v2\/comments?post=30882968"}],"version-history":[{"count":2,"href":"https:\/\/www.upo.es\/diario\/wp-json\/wp\/v2\/posts\/30882968\/revisions"}],"predecessor-version":[{"id":30882972,"href":"https:\/\/www.upo.es\/diario\/wp-json\/wp\/v2\/posts\/30882968\/revisions\/30882972"}],"wp:featuredmedia":[{"embeddable":true,"href":"https:\/\/www.upo.es\/diario\/wp-json\/wp\/v2\/media\/30882969"}],"wp:attachment":[{"href":"https:\/\/www.upo.es\/diario\/wp-json\/wp\/v2\/media?parent=30882968"}],"wp:term":[{"taxonomy":"category","embeddable":true,"href":"https:\/\/www.upo.es\/diario\/wp-json\/wp\/v2\/categories?post=30882968"},{"taxonomy":"post_tag","embeddable":true,"href":"https:\/\/www.upo.es\/diario\/wp-json\/wp\/v2\/tags?post=30882968"}],"curies":[{"name":"wp","href":"https:\/\/api.w.org\/{rel}","templated":true}]}}