{"id":30882974,"date":"2024-07-02T20:30:04","date_gmt":"2024-07-02T18:30:04","guid":{"rendered":"https:\/\/www.upo.es\/diario\/?p=30882974"},"modified":"2024-07-17T10:00:01","modified_gmt":"2024-07-17T08:00:01","slug":"francisco-oliva-toma-posesion-de-su-segundo-mandato-como-rector-de-la-universidad-pablo-de-olavide","status":"publish","type":"post","link":"https:\/\/www.upo.es\/diario\/institucional\/2024\/07\/francisco-oliva-toma-posesion-de-su-segundo-mandato-como-rector-de-la-universidad-pablo-de-olavide\/","title":{"rendered":"Francisco Oliva toma posesi\u00f3n de su segundo mandato como rector de la Universidad Pablo de Olavide"},"content":{"rendered":"<figure id=\"attachment_30882979\" aria-describedby=\"caption-attachment-30882979\" style=\"width: 750px\" class=\"wp-caption aligncenter\"><a href=\"https:\/\/www.upo.es\/diario\/wp-content\/uploads\/2024\/07\/20240702182516__MG_1351.jpg\"><img loading=\"lazy\" decoding=\"async\" class=\"size-large wp-image-30882979\" src=\"https:\/\/www.upo.es\/diario\/wp-content\/uploads\/2024\/07\/20240702182516__MG_1351-750x422.jpg\" alt=\"Francisco Oliva, Juan M. Moreno y Carlos Villamandos en el Palacio de San Telmo\" width=\"750\" height=\"422\" srcset=\"https:\/\/www.upo.es\/diario\/wp-content\/uploads\/2024\/07\/20240702182516__MG_1351-750x422.jpg 750w, https:\/\/www.upo.es\/diario\/wp-content\/uploads\/2024\/07\/20240702182516__MG_1351-420x236.jpg 420w, https:\/\/www.upo.es\/diario\/wp-content\/uploads\/2024\/07\/20240702182516__MG_1351-768x432.jpg 768w, https:\/\/www.upo.es\/diario\/wp-content\/uploads\/2024\/07\/20240702182516__MG_1351-1536x865.jpg 1536w, https:\/\/www.upo.es\/diario\/wp-content\/uploads\/2024\/07\/20240702182516__MG_1351-1320x743.jpg 1320w, https:\/\/www.upo.es\/diario\/wp-content\/uploads\/2024\/07\/20240702182516__MG_1351.jpg 1618w\" sizes=\"auto, (max-width: 750px) 100vw, 750px\" \/><\/a><figcaption id=\"caption-attachment-30882979\" class=\"wp-caption-text\">Francisco Oliva, Juan Manuel Moreno y G\u00f3mez Villamandos en el Palacio de San Telmo<\/figcaption><\/figure>\n<p>Reelegido por la comunidad Universitaria el pasado mes de mayo con el 63,5% de los votos ponderados, Francisco OIiva Bl\u00e1zquez ha tomado esta tarde posesi\u00f3n como rector de la Universidad Pablo de Olavide, en un acto celebrado en el Palacio de San Telmo y presidido por Juan Manuel Moreno Bonilla, presidente de la Junta de Andaluc\u00eda, que ha contado tambi\u00e9n con la asistencia de rectores y rectora de las universidades andaluzas y del consejero de Universidad, Investigaci\u00f3n e Innovaci\u00f3n, Jos\u00e9 Carlos G\u00f3mez Villamandos.<\/p>\n<p>Francisco OIiva ha agradecido el apoyo recibido en las elecciones rectorales \u2014el mayor hasta la fecha en la Universidad Pablo de Olavide\u2014 y en los tres a\u00f1os y medio de su primer mandato \u201cen los que me he sentido en todo momento respaldado, apoyado y querido\u201d. Asimismo, ha tenido palabras de agradecimiento para el equipo de direcci\u00f3n, \u201cel mejor grupo humano de vicerrectoras y vicerrectores\u201d y para su familia m\u00e1s cercana \u201cpor su comprensi\u00f3n, \u00e1nimo y ayuda en los momentos complicados\u201d.<\/p>\n<p>En un discurso en el que ha reivindicado la lealtad, el di\u00e1logo y la transparencia en la b\u00fasqueda del bien com\u00fan, el rector de la Universidad Pablo de Olavide ha destacado acuerdos logrados que est\u00e1n ya siendo beneficiosos para el sistema de educaci\u00f3n superior andaluz, como el modelo de financiaci\u00f3n o el recientemente alcanzado para la puesta en marcha de los complementos auton\u00f3micos para el profesorado y la carrera horizontal del personal t\u00e9cnico y de gesti\u00f3n. En este sentido, ha resaltado el papel de las universidades en el desarrollo regional, \u201cmultiplicamos por cinco cualquier aportaci\u00f3n que se nos hace, \u00bfqu\u00e9 inversi\u00f3n m\u00e1s rentable puede haber?\u201d.<\/p>\n<figure id=\"attachment_30882978\" aria-describedby=\"caption-attachment-30882978\" style=\"width: 420px\" class=\"wp-caption alignright\"><a href=\"https:\/\/www.upo.es\/diario\/wp-content\/uploads\/2024\/07\/20240702185054__MG_1615.jpg\"><img loading=\"lazy\" decoding=\"async\" class=\"size-medium wp-image-30882978\" src=\"https:\/\/www.upo.es\/diario\/wp-content\/uploads\/2024\/07\/20240702185054__MG_1615-420x236.jpg\" alt=\"\" width=\"420\" height=\"236\" srcset=\"https:\/\/www.upo.es\/diario\/wp-content\/uploads\/2024\/07\/20240702185054__MG_1615-420x236.jpg 420w, https:\/\/www.upo.es\/diario\/wp-content\/uploads\/2024\/07\/20240702185054__MG_1615-750x422.jpg 750w, https:\/\/www.upo.es\/diario\/wp-content\/uploads\/2024\/07\/20240702185054__MG_1615-768x432.jpg 768w, https:\/\/www.upo.es\/diario\/wp-content\/uploads\/2024\/07\/20240702185054__MG_1615-1536x865.jpg 1536w, https:\/\/www.upo.es\/diario\/wp-content\/uploads\/2024\/07\/20240702185054__MG_1615-1320x743.jpg 1320w, https:\/\/www.upo.es\/diario\/wp-content\/uploads\/2024\/07\/20240702185054__MG_1615.jpg 1620w\" sizes=\"auto, (max-width: 420px) 100vw, 420px\" \/><\/a><figcaption id=\"caption-attachment-30882978\" class=\"wp-caption-text\">Juan Manuel Moreno y Francisco Oliva<\/figcaption><\/figure>\n<p>Francisco Oliva se ha referido tambi\u00e9n a su primera etapa como rector, que comenz\u00f3 con los efectos de la pandemia a\u00fan muy presentes y que posteriormente se vio afectada por la crisis y las incertidumbres provocadas por la guerra en Ucrania. \u201cEntre tanta crisis e inestabilidad, hemos sido capaces de llevar a cabo el 90 por ciento de un programa electoral ambicioso\u201d, ha subrayado. Entre las medidas implantadas, Oliva ha destacado el primer Plan de Transformaci\u00f3n Digital \u201cque har\u00e1 nuestra universidad m\u00e1s competitiva y eficiente\u201d, la apuesta por la investigaci\u00f3n con un aumento que duplica la inversi\u00f3n en el Plan Propio, y el fortalecimiento de la plantilla que ha permitido por primera vez superar el 50 por ciento de PDI funcionario.<\/p>\n<p>Del per\u00edodo que hoy se abre oficialmente para los pr\u00f3ximos seis a\u00f1os, el rector ha destacado la reforma y actualizaci\u00f3n de la oferta acad\u00e9mica de la Universidad Pablo de Olavide, que girar\u00e1 en torno a tres ejes: el proyecto \u2018Olavide Dual\u2019, la puesta en marcha de grados STEM y el desarrollo de la formaci\u00f3n a trav\u00e9s de un ambicioso programa de microcredenciales \u2013t\u00edtulos universitarios cortos de alta cualificaci\u00f3n profesional\u2013. \u201cDe este modo pondremos los cimientos de la UPO del futuro y estaremos en condiciones de formar m\u00e1s y mejor a la poblaci\u00f3n andaluza\u201d, ha se\u00f1alado. Junto a \u201cuna docencia moderna, pr\u00e1ctica y de calidad\u201d, Francisco Oliva ha se\u00f1alado la investigaci\u00f3n como \u201cse\u00f1a de identidad de la UPO\u201d y \u201c\u00fanico camino para innovar, transformar y desarrollar nuestra sociedad\u201d. As\u00ed, ha hecho referencia a proyectos que ver\u00e1n la luz en breve, como el Centro de Excelencia Gen\u00f3mica para la Biodiversidad de Andaluc\u00eda, o la coordinaci\u00f3n del Plan Complementario de Biodiversidad Andaluz dotado con 5,89 millones de euros.<\/p>\n<p>Francisco Oliva ha finalizado su discurso con palabras dedicadas al estudiantado, \u201cel centro de cualquier instituci\u00f3n universitaria\u201d y en recuerdo de Rosario Valpuesta, \u201cahora toca seguir trabajando por el sue\u00f1o que puso en marcha, tenemos que ser el instrumento de transformaci\u00f3n social, docencia, formaci\u00f3n, estudio e investigaci\u00f3n que imaginara el legislador andaluz\u201d.<\/p>\n<figure id=\"attachment_30882980\" aria-describedby=\"caption-attachment-30882980\" style=\"width: 750px\" class=\"wp-caption aligncenter\"><a href=\"https:\/\/www.upo.es\/diario\/wp-content\/uploads\/2024\/07\/WhatsApp-Image-2024-07-02-at-20.57.58.jpeg\"><img loading=\"lazy\" decoding=\"async\" class=\"size-large wp-image-30882980\" src=\"https:\/\/www.upo.es\/diario\/wp-content\/uploads\/2024\/07\/WhatsApp-Image-2024-07-02-at-20.57.58-750x500.jpeg\" alt=\"El equipo de direcci\u00f3n de la UPO en la toma de posesi\u00f3n del rector\" width=\"750\" height=\"500\" srcset=\"https:\/\/www.upo.es\/diario\/wp-content\/uploads\/2024\/07\/WhatsApp-Image-2024-07-02-at-20.57.58-750x500.jpeg 750w, https:\/\/www.upo.es\/diario\/wp-content\/uploads\/2024\/07\/WhatsApp-Image-2024-07-02-at-20.57.58-420x280.jpeg 420w, https:\/\/www.upo.es\/diario\/wp-content\/uploads\/2024\/07\/WhatsApp-Image-2024-07-02-at-20.57.58-768x512.jpeg 768w, https:\/\/www.upo.es\/diario\/wp-content\/uploads\/2024\/07\/WhatsApp-Image-2024-07-02-at-20.57.58-1536x1025.jpeg 1536w, https:\/\/www.upo.es\/diario\/wp-content\/uploads\/2024\/07\/WhatsApp-Image-2024-07-02-at-20.57.58-165x109.jpeg 165w, https:\/\/www.upo.es\/diario\/wp-content\/uploads\/2024\/07\/WhatsApp-Image-2024-07-02-at-20.57.58-1320x880.jpeg 1320w, https:\/\/www.upo.es\/diario\/wp-content\/uploads\/2024\/07\/WhatsApp-Image-2024-07-02-at-20.57.58.jpeg 2048w\" sizes=\"auto, (max-width: 750px) 100vw, 750px\" \/><\/a><figcaption id=\"caption-attachment-30882980\" class=\"wp-caption-text\">El equipo de direcci\u00f3n de la UPO en la toma de posesi\u00f3n del rector<\/figcaption><\/figure>\n<h3><strong>Francisco Oliva Bl\u00e1zquez<\/strong><\/h3>\n<p>Francisco Oliva Bl\u00e1zquez (M\u00e1laga, 1972) es catedr\u00e1tico de Derecho Civil de la Universidad Pablo de Olavide, de Sevilla, y <a href=\"https:\/\/www.upo.es\/diario\/institucional\/2020\/11\/francisco-oliva-blazquez-nuevo-rector-de-la-universidad-pablo-de-olavide\/\">rector de esta Universidad desde noviembre de 2020<\/a>. Preside en la actualidad la Asociaci\u00f3n de Universidades P\u00fablicas de Andaluc\u00eda (AUPA) y forma parte del comit\u00e9 permanente de Crue Universidades Espa\u00f1olas. Anteriormente, como gestor universitario, fue secretario y vicesecretario general de la UPO.<\/p>\n<p>En su actividad docente destaca su participaci\u00f3n en el Doble M\u00e1ster Universitario en Abogac\u00eda y Procura y Derecho de la Contrataci\u00f3n y Responsabilidad Civil, que codirige. Respecto a su actividad investigadora, ha dedicado sus esfuerzos pr\u00e1cticamente a todos los sectores del Derecho civil, y muy especialmente al Derecho de las obligaciones y contratos y de la responsabilidad civil. Adem\u00e1s, es experto en Bio\u00e9tica as\u00ed como en Derecho privado comparado. Autor de alrededor de cien publicaciones en forma de monograf\u00edas, manuales y art\u00edculos jur\u00eddicos en revistas y obras colectivas, ha sido investigador principal de tres proyectos de investigaci\u00f3n competitivos de car\u00e1cter nacional.<\/p>\n<p>Francisco Oliva ha realizado estancias de investigaci\u00f3n en universidades y centros de prestigio internacional, entre otros, la Universidad de Bayreuth (Alemania), el Instituto para la Unificaci\u00f3n del Derecho Privado (UNIDROIT, Roma), el British Institute of International and Comparative Law (Londres) y el Instituto Suizo de Derecho Comparado (Lausanne). Adem\u00e1s, ha sido <em>visitor scholar<\/em> de la Facultad de Derecho de la Universidad de Cambridge (Reino Unido), de la School of Business Administration de la Universidad de Miami (EE.UU.), profesor visitante de la Facultad de Derecho de la Universidad de Poitiers (Francia) y ha participado regularmente como profesor invitado en el Doctorado en Derecho de la Universidad Andina Sim\u00f3n Bol\u00edvar, sede de Quito (Ecuador).<\/p>\n<p>Como jurista experto en Bio\u00e9tica, ha participado en la redacci\u00f3n de diferentes leyes del sector sanitario, como la Ley 2\/2010, de 8 de abril, de derechos y garant\u00edas de la dignidad de la persona en el proceso de la muerte y el decreto por el que se regula el Registro de Voluntades Vitales Anticipadas de Andaluc\u00eda. Actualmente, es vocal del Comit\u00e9 de Bio\u00e9tica de Andaluc\u00eda, de la Comisi\u00f3n General de Codificaci\u00f3n del Ministerio de Justicia, secci\u00f3n civil, y miembro del <em>European Law Institute<\/em> (ELI). Ostenta la Cruz Distinguida de 1\u00aa clase de la Orden de San Raimundo de Pe\u00f1afort.<\/p>\n<p><iframe loading=\"lazy\" title=\"YouTube video player\" src=\"https:\/\/www.youtube.com\/embed\/6-rPbCj7cJc?si=MFBFUOgwY0VDJg7Y\" width=\"560\" height=\"315\" frameborder=\"0\" allowfullscreen=\"allowfullscreen\"><\/iframe><\/p>\n","protected":false},"excerpt":{"rendered":"<p>En un acto celebrado en el Palacio de San Telmo y presidido por Juan Manuel Moreno Bonilla, el rector de la UPO se\u00f1ala la reforma de la oferta acad\u00e9mica y el impulso a la investigaci\u00f3n como prioridades para los pr\u00f3ximos seis a\u00f1os.<\/p>\n","protected":false},"author":6,"featured_media":30882979,"comment_status":"closed","ping_status":"open","sticky":false,"template":"","format":"standard","meta":{"_monsterinsights_skip_tracking":false,"_monsterinsights_sitenote_active":false,"_monsterinsights_sitenote_note":"","_monsterinsights_sitenote_category":0,"footnotes":""},"categories":[6],"tags":[3218,4021,203,3230,199,685,442],"class_list":["post-30882974","post","type-post","status-publish","format-standard","has-post-thumbnail","hentry","category-institucional","tag-elecciones-rectorales","tag-francisco-oliva-blazquez","tag-junta-de-andalucia","tag-presidente","tag-profesorado","tag-toma-de-posesion","tag-vicerrectorado"],"_links":{"self":[{"href":"https:\/\/www.upo.es\/diario\/wp-json\/wp\/v2\/posts\/30882974","targetHints":{"allow":["GET"]}}],"collection":[{"href":"https:\/\/www.upo.es\/diario\/wp-json\/wp\/v2\/posts"}],"about":[{"href":"https:\/\/www.upo.es\/diario\/wp-json\/wp\/v2\/types\/post"}],"author":[{"embeddable":true,"href":"https:\/\/www.upo.es\/diario\/wp-json\/wp\/v2\/users\/6"}],"replies":[{"embeddable":true,"href":"https:\/\/www.upo.es\/diario\/wp-json\/wp\/v2\/comments?post=30882974"}],"version-history":[{"count":8,"href":"https:\/\/www.upo.es\/diario\/wp-json\/wp\/v2\/posts\/30882974\/revisions"}],"predecessor-version":[{"id":30883026,"href":"https:\/\/www.upo.es\/diario\/wp-json\/wp\/v2\/posts\/30882974\/revisions\/30883026"}],"wp:featuredmedia":[{"embeddable":true,"href":"https:\/\/www.upo.es\/diario\/wp-json\/wp\/v2\/media\/30882979"}],"wp:attachment":[{"href":"https:\/\/www.upo.es\/diario\/wp-json\/wp\/v2\/media?parent=30882974"}],"wp:term":[{"taxonomy":"category","embeddable":true,"href":"https:\/\/www.upo.es\/diario\/wp-json\/wp\/v2\/categories?post=30882974"},{"taxonomy":"post_tag","embeddable":true,"href":"https:\/\/www.upo.es\/diario\/wp-json\/wp\/v2\/tags?post=30882974"}],"curies":[{"name":"wp","href":"https:\/\/api.w.org\/{rel}","templated":true}]}}