{"id":30882998,"date":"2024-07-03T11:47:58","date_gmt":"2024-07-03T09:47:58","guid":{"rendered":"https:\/\/www.upo.es\/diario\/?p=30882998"},"modified":"2024-07-04T13:06:20","modified_gmt":"2024-07-04T11:06:20","slug":"la-mujer-ha-sido-la-gran-olvidada-de-la-historia-y-de-la-literatura-y-su-papel-ha-estado-en-los-margenes","status":"publish","type":"post","link":"https:\/\/www.upo.es\/diario\/cursos-verano\/2024\/07\/la-mujer-ha-sido-la-gran-olvidada-de-la-historia-y-de-la-literatura-y-su-papel-ha-estado-en-los-margenes\/","title":{"rendered":"\u201cLa mujer ha sido la gran olvidada de la Historia y de la Literatura y su papel ha estado en los m\u00e1rgenes\u201d"},"content":{"rendered":"<figure id=\"attachment_30883002\" aria-describedby=\"caption-attachment-30883002\" style=\"width: 750px\" class=\"wp-caption aligncenter\"><a href=\"https:\/\/www.upo.es\/diario\/wp-content\/uploads\/2024\/07\/Eva-Diaz_Ana-Mercedes_Francisco-Gallardo-scaled.jpg\"><img loading=\"lazy\" decoding=\"async\" class=\"size-large wp-image-30883002\" src=\"https:\/\/www.upo.es\/diario\/wp-content\/uploads\/2024\/07\/Eva-Diaz_Ana-Mercedes_Francisco-Gallardo-750x464.jpg\" alt=\"De izquierda a derecha, la escritora y periodista Eva D\u00edaz P\u00e9rez; la periodista Ana Mercedes Cano y el escritor Francisco Gallardo\" width=\"750\" height=\"464\" srcset=\"https:\/\/www.upo.es\/diario\/wp-content\/uploads\/2024\/07\/Eva-Diaz_Ana-Mercedes_Francisco-Gallardo-750x464.jpg 750w, https:\/\/www.upo.es\/diario\/wp-content\/uploads\/2024\/07\/Eva-Diaz_Ana-Mercedes_Francisco-Gallardo-420x260.jpg 420w, https:\/\/www.upo.es\/diario\/wp-content\/uploads\/2024\/07\/Eva-Diaz_Ana-Mercedes_Francisco-Gallardo-768x475.jpg 768w, https:\/\/www.upo.es\/diario\/wp-content\/uploads\/2024\/07\/Eva-Diaz_Ana-Mercedes_Francisco-Gallardo-1536x949.jpg 1536w, https:\/\/www.upo.es\/diario\/wp-content\/uploads\/2024\/07\/Eva-Diaz_Ana-Mercedes_Francisco-Gallardo-2048x1266.jpg 2048w, https:\/\/www.upo.es\/diario\/wp-content\/uploads\/2024\/07\/Eva-Diaz_Ana-Mercedes_Francisco-Gallardo-1320x816.jpg 1320w\" sizes=\"auto, (max-width: 750px) 100vw, 750px\" \/><\/a><figcaption id=\"caption-attachment-30883002\" class=\"wp-caption-text\">Desde la izquierda, la escritora y periodista Eva D\u00edaz P\u00e9rez; la periodista Ana Mercedes Cano y el escritor Francisco Gallardo<\/figcaption><\/figure>\n<p>\u201cLa mujer ha sido la gran olvidada de la Historia y la Literatura, su papel ha estado en los m\u00e1rgenes, en la periferia e incluso ha sido silenciado\u201d. As\u00ed lo ha denunciado la<strong> periodista y escritora Eva D\u00edaz P\u00e9rez<\/strong>, para quien muchos campos del conocimiento han apartado el papel de la mujer como protagonista y como sujeto creador, por lo que ha reivindicado a la literatura actual el ejercicio de un \u201cacto de justicia po\u00e9tica\u201d al rescatar a las mujeres silenciadas narrando la historia de sus vidas.<\/p>\n<p>D\u00edaz P\u00e9rez ha hecho estas manifestaciones con motivo de su participaci\u00f3n en una mesa redonda durante el <strong>curso \u2018Mujeres y la Historia, la historia de las mujeres\u2019<\/strong>, que se imparte desde el pasado lunes en la sede de la UPO en Carmona bajo la direcci\u00f3n de Amparo Rubiales y Mercedes de Pablos, y la codirecci\u00f3n de las profesoras Lina G\u00e1lvez, Adela Mu\u00f1oz y Blanca Rodr\u00edguez.<\/p>\n<p>A juicio de la escritora sevillana, es \u201cevidente\u201d que la historia no est\u00e1 completa porque tiene \u201cmuchos vac\u00edos\u201d, si bien \u201cvivimos una \u00e9poca afortunada en la revisi\u00f3n del canon y con un particular inter\u00e9s en recuperar a esa mitad de la humanidad que ha sido invisibilizada\u201d porque estaban alejadas de los centros de poder, pero \u201ccuando investigas te das cuenta de que estaban ah\u00ed y que su papel era importante\u201d, por lo que s\u00f3lo hay que tener un poco de curiosidad para \u201calumbrar esa penumbra en la que han habitado\u201d, ha subrayado.<\/p>\n<p>En este sentido, Eva D\u00edaz P\u00e9rez ha se\u00f1alado importantes avances en el que ha calificado como un \u201cmomento muy luminoso de nuestra Historia\u201d, aunque ha reconocido que \u201cqueda mucho por hacer\u201d para llevar a cabo una \u201cnecesaria y justa revisi\u00f3n de la historia\u201d que, seg\u00fan la periodista, tiene que partir de una \u201ccuriosidad general de todos, no s\u00f3lo de las mujeres\u201d, para que la lectura de la historia sea de verdad \u201ccompleta e integradora\u201d.<\/p>\n<p>La periodista ha considerado que es preciso seguir luchando por la igualdad entre hombres y mujeres en el mundo del trabajo y de la vida cotidiana, donde a\u00fan perviven micromachismos y lastres. As\u00ed, \u201clas mujeres siguen ocup\u00e1ndose de los asuntos pragm\u00e1ticos de la vida mientras que los hombres pueden ocuparse del mundo de las ideas\u201d, ha lamentado.<\/p>\n<p>D\u00edaz P\u00e9rez ha puesto en valor el rescate reciente de las mujeres de la Generaci\u00f3n del 27 o de los casos de Mar\u00eda de Zayas o Ana de Caro Mall\u00e9n en el Siglo de Oro, as\u00ed como la nueva \u201cmirada de \u00e9poca\u201d sobre Emilia Pardo Baz\u00e1n o Cecilia B\u00f6hl de Faber, o la importancia de las mujeres de la \u201cEdad de Plata\u201d como Luisa Carn\u00e9s, Mar\u00eda Teresa Le\u00f3n, Concha M\u00e9ndez, Mar\u00eda Zambrano o Rosa Chacel que, \u201caunque no aparecen en la famosa fotograf\u00eda de la Generaci\u00f3n del 27, sin duda pertenecen a ella\u201d.<\/p>\n<p>Por \u00faltimo, ha destacado el caso de las monjas escritoras y ha reivindicado rescatar su obra \u201cm\u00e1s all\u00e1 de la visi\u00f3n puramente religiosa\u201d, ya que ha asegurado que se trataba de mujeres que eleg\u00edan la celda conventual como una suerte de la habitaci\u00f3n propia que defend\u00eda Virginia Woolf como el espacio necesario que requer\u00eda la independencia de una autora. \u201cCreo que de alguna manera aquellas mujeres prefer\u00edan la \u2018libertad\u2019 del convento a la de otras opresiones como el destino del matrimonio o la crianza de los hijos\u201d, ha concluido.<\/p>\n<p>Fuente: Fundaci\u00f3n Universidad Pablo de Olavide<\/p>\n","protected":false},"excerpt":{"rendered":"<p>La periodista y escritora Eva D\u00edaz P\u00e9rez reivindica como un \u201cacto de justicia po\u00e9tica\u201d rescatar a las mujeres silenciadas narrando la historia de sus vidas.<\/p>\n","protected":false},"author":6,"featured_media":30883002,"comment_status":"closed","ping_status":"open","sticky":false,"template":"","format":"standard","meta":{"_monsterinsights_skip_tracking":false,"_monsterinsights_sitenote_active":false,"_monsterinsights_sitenote_note":"","_monsterinsights_sitenote_category":0,"footnotes":""},"categories":[729],"tags":[23,22,2706,150,5883,519],"class_list":["post-30882998","post","type-post","status-publish","format-standard","has-post-thumbnail","hentry","category-cursos-verano","tag-carmona","tag-cursos-de-verano","tag-estudios-de-genero","tag-historia","tag-igualdad-de-genero","tag-olavide-en-carmona"],"_links":{"self":[{"href":"https:\/\/www.upo.es\/diario\/wp-json\/wp\/v2\/posts\/30882998","targetHints":{"allow":["GET"]}}],"collection":[{"href":"https:\/\/www.upo.es\/diario\/wp-json\/wp\/v2\/posts"}],"about":[{"href":"https:\/\/www.upo.es\/diario\/wp-json\/wp\/v2\/types\/post"}],"author":[{"embeddable":true,"href":"https:\/\/www.upo.es\/diario\/wp-json\/wp\/v2\/users\/6"}],"replies":[{"embeddable":true,"href":"https:\/\/www.upo.es\/diario\/wp-json\/wp\/v2\/comments?post=30882998"}],"version-history":[{"count":4,"href":"https:\/\/www.upo.es\/diario\/wp-json\/wp\/v2\/posts\/30882998\/revisions"}],"predecessor-version":[{"id":30883005,"href":"https:\/\/www.upo.es\/diario\/wp-json\/wp\/v2\/posts\/30882998\/revisions\/30883005"}],"wp:featuredmedia":[{"embeddable":true,"href":"https:\/\/www.upo.es\/diario\/wp-json\/wp\/v2\/media\/30883002"}],"wp:attachment":[{"href":"https:\/\/www.upo.es\/diario\/wp-json\/wp\/v2\/media?parent=30882998"}],"wp:term":[{"taxonomy":"category","embeddable":true,"href":"https:\/\/www.upo.es\/diario\/wp-json\/wp\/v2\/categories?post=30882998"},{"taxonomy":"post_tag","embeddable":true,"href":"https:\/\/www.upo.es\/diario\/wp-json\/wp\/v2\/tags?post=30882998"}],"curies":[{"name":"wp","href":"https:\/\/api.w.org\/{rel}","templated":true}]}}