{"id":30883006,"date":"2024-07-03T18:11:53","date_gmt":"2024-07-03T16:11:53","guid":{"rendered":"https:\/\/www.upo.es\/diario\/?p=30883006"},"modified":"2024-07-04T13:19:57","modified_gmt":"2024-07-04T11:19:57","slug":"mercedes-de-pablos-sobre-la-conciliacion-es-una-de-las-mayores-aportaciones-del-feminismo","status":"publish","type":"post","link":"https:\/\/www.upo.es\/diario\/cursos-verano\/2024\/07\/mercedes-de-pablos-sobre-la-conciliacion-es-una-de-las-mayores-aportaciones-del-feminismo\/","title":{"rendered":"Mercedes de Pablos sobre la conciliaci\u00f3n: \u00abEs una de las mayores aportaciones del feminismo\u00bb"},"content":{"rendered":"<figure id=\"attachment_30883008\" aria-describedby=\"caption-attachment-30883008\" style=\"width: 703px\" class=\"wp-caption aligncenter\"><a href=\"https:\/\/www.upo.es\/diario\/wp-content\/uploads\/2024\/07\/Mercedes-de-Pablos.jpg\"><img loading=\"lazy\" decoding=\"async\" class=\"size-large wp-image-30883008\" src=\"https:\/\/www.upo.es\/diario\/wp-content\/uploads\/2024\/07\/Mercedes-de-Pablos-703x525.jpg\" alt=\"Mercedes de Pablos en la sede de la UPO en Carmona\" width=\"703\" height=\"525\" srcset=\"https:\/\/www.upo.es\/diario\/wp-content\/uploads\/2024\/07\/Mercedes-de-Pablos-703x525.jpg 703w, https:\/\/www.upo.es\/diario\/wp-content\/uploads\/2024\/07\/Mercedes-de-Pablos-420x314.jpg 420w, https:\/\/www.upo.es\/diario\/wp-content\/uploads\/2024\/07\/Mercedes-de-Pablos-768x573.jpg 768w, https:\/\/www.upo.es\/diario\/wp-content\/uploads\/2024\/07\/Mercedes-de-Pablos.jpg 1279w\" sizes=\"auto, (max-width: 703px) 100vw, 703px\" \/><\/a><figcaption id=\"caption-attachment-30883008\" class=\"wp-caption-text\">Mercedes de Pablos en la sede de la UPO en Carmona<\/figcaption><\/figure>\n<p>La periodista y escritora<strong> Mercedes de Pablos Cand\u00f3n<\/strong> ha declarado que \u00abla conciliaci\u00f3n\u00bb ha sido una de las mayores aportaciones del feminismo \u00abpara la calidad de vida de todos\u00bb, alegando que la propuesta de la jornada laboral de 35 horas es \u00abcasi una proclama feminista\u00bb, y que \u00abla organizaci\u00f3n del tiempo es fundamental para no \u00abdejar de lado otros aspectos que nos hacen humanos\u00bb, para empezar a \u00abtrabajar para vivir, y no vivir para trabajar\u00bb.<\/p>\n<p>As\u00ed lo ha manifestado con motivo de su participaci\u00f3n en el<strong> curso &#8216;Mujeres y la Historia, la historia de las mujeres&#8217;<\/strong>, que dirige junto con la doctora en Derecho Amparo Rubiales Torrej\u00f3n y que comenz\u00f3 el pasado lunes en la sede de la Universidad Pablo de Olavide en Carmona.<\/p>\n<p>Dicho curso tambi\u00e9n est\u00e1 codirigido por la eurodiputada y catedr\u00e1tica de Historia Econ\u00f3mica Lina G\u00e1lvez Mu\u00f1oz; la catedr\u00e1tica de Qu\u00edmica Inorg\u00e1nica Adela Mu\u00f1oz P\u00e1ez y la profesora titular de Derecho Constitucional Blanca Rodr\u00edguez Ruiz, adem\u00e1s de estar coordinado por la arquitecta y cofundadora de TerritoriAs Alicia P\u00e9rez Garc\u00eda.<\/p>\n<p><strong>Ha definido el feminismo como un \u00abmovimiento pol\u00edtico\u00bb y una \u00abideolog\u00eda\u00bb, porque la igualdad es un \u00abvalor con el que uno puede sentirse o no identificado\u00bb<\/strong>, pero ha resaltado que, adem\u00e1s, tambi\u00e9n en un movimiento \u00abque tiene que ver con las relaciones personales, con nuestra espiritualidad y con nuestra forma de amar\u00bb. \u00abTiene que ver con la manera en que los hombres y las mujeres nos vemos en el mundo y nos beneficia a todos. Es antisexismo\u00bb, ha asegurado.<\/p>\n<p>Tambi\u00e9n ha se\u00f1alado que es <strong>\u00abel movimiento emancipatorio m\u00e1s interesante que ha ocurrido en el siglo XX\u00bb y el \u00abprotagonista de los grandes cambios sociales del siglo XXI\u00bb<\/strong>, por todo lo que significa en cuanto a revoluci\u00f3n, \u00abtanto en lo p\u00fablico como en lo privado\u00bb. A ra\u00edz de esa \u00absacudida emancipatoria por la igualdad\u00bb se ha descubierto la \u00abdiversidad\u00bb, de la que el feminismo \u00abno es ajeno\u00bb, y se extrapola a nivel internacional, ya que \u00abtiene que ver con los derechos humanos, que engloban el derecho a la igualdad\u00bb.<\/p>\n<p>En opini\u00f3n de la periodista, hay dos momentos de la historia de Espa\u00f1a de los que \u00abdeber\u00edamos de sentirnos orgullosos\u00bb en este \u00e1mbito: Por un lado, las vanguardias de finales del siglo XIX y principios del XX &#8211;representadas por figuras como Clara Campoamor&#8211;, concretando el caso de Andaluc\u00eda con la \u00abConstituci\u00f3n non nata regionalista de Antequera\u00bb, la cual recog\u00eda en su art\u00edculo cuatro \u00abla igualdad entre hombres y mujeres\u00bb a pesar de que faltaban m\u00e1s de 30 a\u00f1os para que pudiera darse el \u00absufragio universal en Europa\u00bb; por otro lado, ha mencionado la\u00a0 \u00abley de igualdad integral\u00bb, de 2004 y 2007, y una \u00abley de derechos del matrimonio igualitario\u00bb, siendo Espa\u00f1a uno de los \u00abprimeros pa\u00edses\u00bb en tener este tipo de leyes.<\/p>\n<p>Sin embargo, <strong>tambi\u00e9n ha advertido de que existen \u00abmuchas amenazas\u00bb al encontrarnos en un momento \u00abmuy complejo de las relaciones internacionales, las relaciones pol\u00edticas y, sin duda, del sistema econ\u00f3mico<\/strong> en el que vivimos &#8211;en el que se ha movido el neoliberalismo, la socialdemocracia o el Estado del Bienestar&#8211;\u00ab. \u00abPara algunos, lo f\u00e1cil ser\u00eda que las mujeres volvieran a casa, se callaran y ocuparan ese puesto invisible del trabajo no remunerado en el hogar que los mantiene a flote\u00bb, ha apuntado, y que \u00abtambi\u00e9n se puede retroceder\u00bb, como la mujer moderna de los a\u00f1os veinte y treinta en nuestro pa\u00eds, que desapareci\u00f3 al final de la Guerra Civil\u00bb.<\/p>\n<p>En cuanto al marco legal sobre este aspecto, De Pablos ha afirmado que \u00abdebe estar sustentado en pol\u00edticas activas de promover la igualdad y luchar contra la desigualdad en todos los sentidos\u00bb y no aplicar leyes \u00abque se acaben derogando por falta de presupuesto\u00bb. \u00abTodav\u00eda nos falta mucho por poner en marcha esas leyes y protocolos de pol\u00edticas activas que garanticen, adem\u00e1s de la presencia de las mujeres, la igualdad de condiciones\u00bb, ha explicado.<\/p>\n<p>Para terminar, ha apostado por \u00abrealizar un buen di\u00e1gnostico de la sociedad\u00bb para comprender en qu\u00e9 situaci\u00f3n se encuentra la mujer para acabar con la desiguladad de g\u00e9nero, junto con la aplicaci\u00f3n de las \u00abpol\u00edticas activas\u00bb ya mencionadas, y que no olvidemos que es \u00abuna conquista de derechos humanos que nos beneficia a todos\u00bb. \u00abNo hay nada m\u00e1s importante como el derecho a decidir tu lugar en el mundo\u00bb, ha concluido.<\/p>\n<p>Fuente: Europa Press<\/p>\n","protected":false},"excerpt":{"rendered":"<p>La periodista y escritora Mercedes de Pablos Cand\u00f3n ha declarado que \u00abla conciliaci\u00f3n\u00bb ha sido una de las mayores aportaciones del feminismo \u00abpara la calidad de vida de todos\u00bb, alegando que la propuesta de la jornada laboral de 35 horas es \u00abcasi una proclama feminista\u00bb, y que \u00abla organizaci\u00f3n del tiempo es fundamental para no \u00abdejar de lado otros aspectos que nos hacen humanos\u00bb, para empezar a \u00abtrabajar para vivir, y no vivir para trabajar\u00bb.<\/p>\n","protected":false},"author":6,"featured_media":30883008,"comment_status":"closed","ping_status":"open","sticky":false,"template":"","format":"standard","meta":{"_monsterinsights_skip_tracking":false,"_monsterinsights_sitenote_active":false,"_monsterinsights_sitenote_note":"","_monsterinsights_sitenote_category":0,"footnotes":""},"categories":[729],"tags":[22,890,5883,519],"class_list":["post-30883006","post","type-post","status-publish","format-standard","has-post-thumbnail","hentry","category-cursos-verano","tag-cursos-de-verano","tag-feminismo","tag-igualdad-de-genero","tag-olavide-en-carmona"],"_links":{"self":[{"href":"https:\/\/www.upo.es\/diario\/wp-json\/wp\/v2\/posts\/30883006","targetHints":{"allow":["GET"]}}],"collection":[{"href":"https:\/\/www.upo.es\/diario\/wp-json\/wp\/v2\/posts"}],"about":[{"href":"https:\/\/www.upo.es\/diario\/wp-json\/wp\/v2\/types\/post"}],"author":[{"embeddable":true,"href":"https:\/\/www.upo.es\/diario\/wp-json\/wp\/v2\/users\/6"}],"replies":[{"embeddable":true,"href":"https:\/\/www.upo.es\/diario\/wp-json\/wp\/v2\/comments?post=30883006"}],"version-history":[{"count":2,"href":"https:\/\/www.upo.es\/diario\/wp-json\/wp\/v2\/posts\/30883006\/revisions"}],"predecessor-version":[{"id":30883009,"href":"https:\/\/www.upo.es\/diario\/wp-json\/wp\/v2\/posts\/30883006\/revisions\/30883009"}],"wp:featuredmedia":[{"embeddable":true,"href":"https:\/\/www.upo.es\/diario\/wp-json\/wp\/v2\/media\/30883008"}],"wp:attachment":[{"href":"https:\/\/www.upo.es\/diario\/wp-json\/wp\/v2\/media?parent=30883006"}],"wp:term":[{"taxonomy":"category","embeddable":true,"href":"https:\/\/www.upo.es\/diario\/wp-json\/wp\/v2\/categories?post=30883006"},{"taxonomy":"post_tag","embeddable":true,"href":"https:\/\/www.upo.es\/diario\/wp-json\/wp\/v2\/tags?post=30883006"}],"curies":[{"name":"wp","href":"https:\/\/api.w.org\/{rel}","templated":true}]}}