{"id":30883022,"date":"2024-07-04T18:11:39","date_gmt":"2024-07-04T16:11:39","guid":{"rendered":"https:\/\/www.upo.es\/diario\/?p=30883022"},"modified":"2024-07-04T18:11:39","modified_gmt":"2024-07-04T16:11:39","slug":"crue-celebra-30-anos-de-compromiso-con-el-sistema-universitario-espanol","status":"publish","type":"post","link":"https:\/\/www.upo.es\/diario\/institucional\/2024\/07\/crue-celebra-30-anos-de-compromiso-con-el-sistema-universitario-espanol\/","title":{"rendered":"CRUE celebra 30 a\u00f1os de compromiso con el Sistema Universitario Espa\u00f1ol"},"content":{"rendered":"<figure id=\"attachment_30883023\" aria-describedby=\"caption-attachment-30883023\" style=\"width: 750px\" class=\"wp-caption aligncenter\"><a href=\"https:\/\/www.upo.es\/diario\/wp-content\/uploads\/2024\/07\/CRUE-30-aniversario-scaled.jpg\"><img loading=\"lazy\" decoding=\"async\" class=\"size-large wp-image-30883023\" src=\"https:\/\/www.upo.es\/diario\/wp-content\/uploads\/2024\/07\/CRUE-30-aniversario-750x377.jpg\" alt=\"Encuentro con motivo de  los 30 a\u00f1os de CRUE Universidades Espa\u00f1olas\" width=\"750\" height=\"377\" srcset=\"https:\/\/www.upo.es\/diario\/wp-content\/uploads\/2024\/07\/CRUE-30-aniversario-750x377.jpg 750w, https:\/\/www.upo.es\/diario\/wp-content\/uploads\/2024\/07\/CRUE-30-aniversario-420x211.jpg 420w, https:\/\/www.upo.es\/diario\/wp-content\/uploads\/2024\/07\/CRUE-30-aniversario-768x386.jpg 768w, https:\/\/www.upo.es\/diario\/wp-content\/uploads\/2024\/07\/CRUE-30-aniversario-1536x771.jpg 1536w, https:\/\/www.upo.es\/diario\/wp-content\/uploads\/2024\/07\/CRUE-30-aniversario-2048x1029.jpg 2048w, https:\/\/www.upo.es\/diario\/wp-content\/uploads\/2024\/07\/CRUE-30-aniversario-1320x663.jpg 1320w\" sizes=\"auto, (max-width: 750px) 100vw, 750px\" \/><\/a><figcaption id=\"caption-attachment-30883023\" class=\"wp-caption-text\">La presidenta de CRUE, Eva Alc\u00f3n, con la vicepresidenta primera Mar\u00eda Jes\u00fas Montero, el secretario de Estado Juan Cruz Cigudosa, el secretario general de Universidades, Francisco Garc\u00eda, y rectoras y rectores del Comit\u00e9 Permanente de CRUE<\/figcaption><\/figure>\n<p>La<strong> Conferencia de Rectores y Rectoras de las Universidades Espa\u00f1olas (CRUE) celebr\u00f3 su XXX aniversario<\/strong> con un encuentro en el que la presidenta de CRUE y rectora de la Universitat Jaume I (UJI),\u00a0<strong>Eva Alc\u00f3n<\/strong>, record\u00f3 la importancia de la colaboraci\u00f3n entre instituciones y entidades y agradeci\u00f3 a los asistentes el esfuerzo conjunto realizado por todos para ayudar a \u00abmejorar el Sistema Universitario Espa\u00f1ol\u00bb y \u00abresponder desde el rigor y con responsabilidad a las demandas sociales\u00bb. Entre los invitados, estuvieron presentes la vicepresidenta primera del Gobierno y ministra de Hacienda,\u00a0<strong>Mar\u00eda Jes\u00fas Montero<\/strong>; el Defensor del Pueblo,\u00a0<strong>\u00c1ngel Gabilondo<\/strong>; el secretario de Estado de Ciencia, Innovaci\u00f3n y Universidades,\u00a0<strong>Juan Cruz<\/strong>, y el secretario general iberoamericano,\u00a0<strong>Andr\u00e9s Allamand<\/strong>.<\/p>\n<figure id=\"attachment_30883024\" aria-describedby=\"caption-attachment-30883024\" style=\"width: 322px\" class=\"wp-caption alignright\"><a href=\"https:\/\/www.upo.es\/diario\/wp-content\/uploads\/2024\/07\/CRUE-30-aniversario-Eva-Alcon.jpg\"><img loading=\"lazy\" decoding=\"async\" class=\"wp-image-30883024 size-medium\" src=\"https:\/\/www.upo.es\/diario\/wp-content\/uploads\/2024\/07\/CRUE-30-aniversario-Eva-Alcon-322x420.jpg\" alt=\"Eva Alc\u00f3n, presidenta de CRUE\" width=\"322\" height=\"420\" srcset=\"https:\/\/www.upo.es\/diario\/wp-content\/uploads\/2024\/07\/CRUE-30-aniversario-Eva-Alcon-322x420.jpg 322w, https:\/\/www.upo.es\/diario\/wp-content\/uploads\/2024\/07\/CRUE-30-aniversario-Eva-Alcon-402x525.jpg 402w, https:\/\/www.upo.es\/diario\/wp-content\/uploads\/2024\/07\/CRUE-30-aniversario-Eva-Alcon.jpg 476w\" sizes=\"auto, (max-width: 322px) 100vw, 322px\" \/><\/a><figcaption id=\"caption-attachment-30883024\" class=\"wp-caption-text\">Eva Alc\u00f3n, presidenta de CRUE<\/figcaption><\/figure>\n<p>Durante su discurso, Alc\u00f3n subray\u00f3 el <strong>papel de la Universidad \u00abcomo instituci\u00f3n clave en el progreso social\u00bb<\/strong> y el de CRUE como \u00abasociaci\u00f3n viva y din\u00e1mica, comprometida con los grandes desaf\u00edos de la d\u00e9cada\u00bb. <strong>La presidenta record\u00f3 el esfuerzo profesional y personal de la comunidad universitaria para mantener la calidad del sistema durante la \u00e9poca de los dr\u00e1sticos recortes impuestos por la crisis econ\u00f3mica de 2008 y, tambi\u00e9n, con la irrupci\u00f3n de la pandemia de la Covid 19<\/strong>, cuando toda la docencia presencial se traslad\u00f3 en un tiempo r\u00e9cord a otra de emergencia en remoto. En este punto, Alc\u00f3n agradeci\u00f3 la colaboraci\u00f3n y cooperaci\u00f3n de las entidades e instituciones que en aquellos momentos tan duros dieron \u00ablo mejor por el bien conjunto de la sociedad\u00bb.<\/p>\n<p>La presidenta de CRUE afirm\u00f3 que <strong>\u00ablos j\u00f3venes creen en la Universidad y apuestan por ella como inversi\u00f3n de futuro y espacio de oportunidades\u00bb<\/strong>, enfatiz\u00f3 que la Universidad es cada vez m\u00e1s inclusiva y diversa e identific\u00f3 los desaf\u00edos que afronta el Sistema Universitario, entre ellos, el aumento de la pol\u00edtica de becas, el acercamiento de la investigaci\u00f3n al sector productivo y la consecuci\u00f3n de una igualdad real entre hombres y mujeres. Para terminar, Alc\u00f3n dio las gracias a los asistentes por \u00abestar al lado de las universidades\u00bb.<\/p>\n<p>A lo largo de su intervenci\u00f3n, la presidenta de CRUE destac\u00f3 el trabajo realizado \u00aba favor del consenso y el entendimiento\u00bb, as\u00ed como \u00abel reto\u00bb actual que supone \u00abla implantaci\u00f3n de la LOSU\u00bb. En este sentido, Alc\u00f3n valor\u00f3 la decisi\u00f3n del Gobierno de financiar 3.400 plazas de ayudante doctor ya desde el pr\u00f3ximo curso y la ratificaci\u00f3n del programa por parte de las comunidades aut\u00f3nomas. \u00abAunque ha costado, debe ser el punto de partida de nuevos acuerdos para fortalecer el Sistema Universitario Espa\u00f1ol\u00bb, dijo la, tambi\u00e9n, rectora de la UJI.<\/p>\n<p>Por su parte, la vicepresidenta primera del Gobierno y ministra de Hacienda, <strong>Mar\u00eda Jes\u00fas Montero, calific\u00f3 a CRUE como \u00abactor imprescindible\u00bb, no solo por su labor en el \u00e1mbito educativo, sino tambi\u00e9n \u00absocial y pol\u00edtico\u00bb<\/strong>. Asimismo, defini\u00f3 a la asociaci\u00f3n como la \u00abvoz de las universidades ante las empresas y la sociedad\u00bb y apunt\u00f3 que \u00ablo ha hecho proponiendo y compartiendo propuestas reales con vocaci\u00f3n de servicio a la sociedad espa\u00f1ola\u00bb.<\/p>\n<p>Durante este evento, se homenaje\u00f3 a antiguos presidentes de CRUE y miembros del Comit\u00e9 Permanente, que dieron testimonio de sus vivencias al frente de sus respectivas universidades y destacaron del papel que jug\u00f3 CRUE desde sus inicios.<\/p>\n<p>Fuente: CRUE Universidades Espa\u00f1olas<\/p>\n","protected":false},"excerpt":{"rendered":"<p>La Conferencia de Rectores y Rectoras de las Universidades Espa\u00f1olas (CRUE) celebr\u00f3 su XXX aniversario con un encuentro en el que la presidenta de CRUE y rectora de la Universitat Jaume I (UJI),\u00a0Eva Alc\u00f3n, record\u00f3 la importancia de la colaboraci\u00f3n entre instituciones y entidades y agradeci\u00f3 a los asistentes el esfuerzo conjunto realizado por todos para ayudar a \u00abmejorar el<a class=\"read-more\" href=\"https:\/\/www.upo.es\/diario\/institucional\/2024\/07\/crue-celebra-30-anos-de-compromiso-con-el-sistema-universitario-espanol\/\">[Read More&#8230;]<\/a><\/p>\n","protected":false},"author":6,"featured_media":30883023,"comment_status":"closed","ping_status":"open","sticky":false,"template":"","format":"standard","meta":{"_monsterinsights_skip_tracking":false,"_monsterinsights_sitenote_active":false,"_monsterinsights_sitenote_note":"","_monsterinsights_sitenote_category":0,"footnotes":""},"categories":[6],"tags":[568,4124,39],"class_list":["post-30883022","post","type-post","status-publish","format-standard","has-post-thumbnail","hentry","category-institucional","tag-aniversario","tag-crue-universidades-espanolas","tag-universidades"],"_links":{"self":[{"href":"https:\/\/www.upo.es\/diario\/wp-json\/wp\/v2\/posts\/30883022","targetHints":{"allow":["GET"]}}],"collection":[{"href":"https:\/\/www.upo.es\/diario\/wp-json\/wp\/v2\/posts"}],"about":[{"href":"https:\/\/www.upo.es\/diario\/wp-json\/wp\/v2\/types\/post"}],"author":[{"embeddable":true,"href":"https:\/\/www.upo.es\/diario\/wp-json\/wp\/v2\/users\/6"}],"replies":[{"embeddable":true,"href":"https:\/\/www.upo.es\/diario\/wp-json\/wp\/v2\/comments?post=30883022"}],"version-history":[{"count":1,"href":"https:\/\/www.upo.es\/diario\/wp-json\/wp\/v2\/posts\/30883022\/revisions"}],"predecessor-version":[{"id":30883025,"href":"https:\/\/www.upo.es\/diario\/wp-json\/wp\/v2\/posts\/30883022\/revisions\/30883025"}],"wp:featuredmedia":[{"embeddable":true,"href":"https:\/\/www.upo.es\/diario\/wp-json\/wp\/v2\/media\/30883023"}],"wp:attachment":[{"href":"https:\/\/www.upo.es\/diario\/wp-json\/wp\/v2\/media?parent=30883022"}],"wp:term":[{"taxonomy":"category","embeddable":true,"href":"https:\/\/www.upo.es\/diario\/wp-json\/wp\/v2\/categories?post=30883022"},{"taxonomy":"post_tag","embeddable":true,"href":"https:\/\/www.upo.es\/diario\/wp-json\/wp\/v2\/tags?post=30883022"}],"curies":[{"name":"wp","href":"https:\/\/api.w.org\/{rel}","templated":true}]}}