{"id":30883039,"date":"2024-07-06T07:00:27","date_gmt":"2024-07-06T05:00:27","guid":{"rendered":"https:\/\/www.upo.es\/diario\/?p=30883039"},"modified":"2024-07-05T15:32:13","modified_gmt":"2024-07-05T13:32:13","slug":"la-humanizacion-de-la-salud-y-la-orientacion-para-la-traduccion-profesional-se-estudian-a-partir-del-lunes","status":"publish","type":"post","link":"https:\/\/www.upo.es\/diario\/cursos-verano\/2024\/07\/la-humanizacion-de-la-salud-y-la-orientacion-para-la-traduccion-profesional-se-estudian-a-partir-del-lunes\/","title":{"rendered":"La humanizaci\u00f3n de la salud y la orientaci\u00f3n para la traducci\u00f3n profesional se estudian a partir del lunes"},"content":{"rendered":"<p><a href=\"https:\/\/www.upo.es\/diario\/wp-content\/uploads\/2023\/11\/cursos-de-verano-cabecera-web-1-1024x189-1.png\"><img loading=\"lazy\" decoding=\"async\" class=\"aligncenter size-large wp-image-30880316\" src=\"https:\/\/www.upo.es\/diario\/wp-content\/uploads\/2023\/11\/cursos-de-verano-cabecera-web-1-1024x189-1-750x138.png\" alt=\"Cursos de Verano\" width=\"750\" height=\"138\" srcset=\"https:\/\/www.upo.es\/diario\/wp-content\/uploads\/2023\/11\/cursos-de-verano-cabecera-web-1-1024x189-1-750x138.png 750w, https:\/\/www.upo.es\/diario\/wp-content\/uploads\/2023\/11\/cursos-de-verano-cabecera-web-1-1024x189-1-420x78.png 420w, https:\/\/www.upo.es\/diario\/wp-content\/uploads\/2023\/11\/cursos-de-verano-cabecera-web-1-1024x189-1-768x142.png 768w, https:\/\/www.upo.es\/diario\/wp-content\/uploads\/2023\/11\/cursos-de-verano-cabecera-web-1-1024x189-1.png 1024w\" sizes=\"auto, (max-width: 750px) 100vw, 750px\" \/><\/a>Dos seminarios abrir\u00e1n el pr\u00f3ximo lunes 8 de julio la programaci\u00f3n de la cuarta semana de la XXII edici\u00f3n de los Cursos de Verano de la Universidad Pablo de Olavide en Carmona. Ser\u00e1n los <strong>cursos \u2018Humanizar la salud para mejorar la vida de las personas\u2019 y \u2018Orientaciones y herramientas para la traducci\u00f3n profesional\u2019<\/strong>, celebr\u00e1ndose el primero de ellos en formato de presencia simult\u00e1nea, mientras que el segundo en online.<\/p>\n<p>El curso \u2018Humanizar la salud para mejorar la vida de las personas\u2019, que se celebrar\u00e1 del 8 al 10 de julio, est\u00e1 <strong>dirigido por doctor en Medicina y Cirug\u00eda y especialista en Urolog\u00eda Juan Manuel Poyato Gal\u00e1n<\/strong>. Este curso es una modalidad docente innovadora en la que se abordan, de manera integradora y cabal, los aspectos fundamentales del moderno escenario de interacci\u00f3n entre la humanizaci\u00f3n, la \u00e9tica de las Ciencias de la Salud y los nuevos esquemas de ayuda en la toma de decisiones compartidas.<\/p>\n<p>En la jornada del lunes se estudiar\u00e1n temas como los modelos de comunicaci\u00f3n en salud, la incertidumbre y resoluci\u00f3n de conflictos, la toma de decisiones en salud mental, la Ley 41\/2002 de Autonom\u00eda del Paciente, los primeros pasos en la humanizaci\u00f3n de la asistencia o la bio\u00e9tica asistencial.<\/p>\n<p>Adem\u00e1s del director del curso, el lunes participar\u00e1n destacados especialistas, como el doctor en Medicina y Cirug\u00eda y especialista en Medicina Interna Fernando Gamboa; el jefe de Servicio de Psiquiatr\u00eda Forense del Instituto de Medicina Legal de Sevilla Julio Antonio Guija Villa; la supervisora de Enfermer\u00eda Elena Mar\u00eda Reyes Lomba; el psic\u00f3logo cl\u00ednico Francisco Javier Hurtado N\u00fa\u00f1ez o el profesor titular del Departamento de Psiquiatr\u00eda de la Universidad de Sevilla Lucas Giner Jim\u00e9nez.<\/p>\n<p>Adem\u00e1s del seminario anterior, tambi\u00e9n dar\u00e1 comienzo el pr\u00f3ximo lunes el curso <strong>\u2018Orientaciones y herramientas para la traducci\u00f3n profesional\u2019<\/strong>, dirigido por las profesoras del Departamento de Filolog\u00eda y Traducci\u00f3n de la Universidad Pablo de Olavide <strong>Concepci\u00f3n Mart\u00edn Mart\u00edn-Mora e Isabel Jim\u00e9nez Guti\u00e9rrez<\/strong> y que se celebrar\u00e1 los d\u00edas 8 y 9 de julio.<\/p>\n<p>Este curso se concibe como un punto de partida desde el que orientar el inicio de la carrera profesional en el mundo de la traducci\u00f3n. En \u00e9l se abordar\u00e1n cuestiones recurrentes al dar este paso, como la especializaci\u00f3n, la formaci\u00f3n continua, el contacto con potenciales clientes, la fiscalidad, la productividad y otras perspectivas laborales.<\/p>\n<p>Entre los temas que se estudiar\u00e1n en este seminario en la jornada del 8 de julio, destacan las opciones formativas y salidas profesionales despu\u00e9s de la realizaci\u00f3n del Grado en Traducci\u00f3n e Interpretaci\u00f3n; la marca personal del traductor profesional; el asociacionismo, la deontolog\u00eda, la facturaci\u00f3n y la fiscalidad en la traducci\u00f3n profesional o las redes sociales.<\/p>\n<p>A lo largo del lunes participar\u00e1n profesionales como la profesora Cristina Rodr\u00edguez-Faneca, del \u00c1rea de Traducci\u00f3n e Interpretaci\u00f3n de la Universidad de C\u00f3rdoba; Sergio Espa\u00f1a P\u00e9rez, profesor del Departamento de Filolog\u00eda y Traducci\u00f3n de la Universidad Pablo de Olavide; Mari\u00e1n Amigueti Camerino, consultora de marca personal y traductora aut\u00f3noma y Silvia Nieto Cort\u00e9s, traductora y correctora aut\u00f3noma.<\/p>\n<p>Para consultar los <strong>programas de los cursos<\/strong>:<\/p>\n<ul>\n<li><a href=\"https:\/\/www.upo.es\/formacionpermanente\/cursos-de-verano\/humanizar-la-salud-para-mejorar-la-vida-de-las-personas\/\">Humanizar la salud para mejorar la vida de las personas (del 8 al 10 de julio)<\/a><\/li>\n<li><a href=\"https:\/\/www.upo.es\/formacionpermanente\/cursos-de-verano\/orientaciones-y-herramientas-para-la-traduccion-profesional\/\"> Orientaciones y herramientas para la traducci\u00f3n profesional<\/a> (8 y 9 de julio)<\/li>\n<\/ul>\n<p>Asimismo, <strong>durante la semana se celebrar\u00e1n los siguientes cursos:<\/strong><\/p>\n<ul>\n<li><a href=\"https:\/\/www.upo.es\/formacionpermanente\/cursos-de-verano\/la-magia-tras-el-telon-secretos-y-estrategias-para-una-produccion-escenica-exitosa\/\">La magia tras el tel\u00f3n. Secretos y estrategias para una producci\u00f3n esc\u00e9nica exitosa <\/a>(9 y 11 de julio).<\/li>\n<li><a href=\"https:\/\/www.upo.es\/formacionpermanente\/cursos-de-verano\/gastronomia-y-nutricion-deportiva\/\">Gastronom\u00eda y nutrici\u00f3n deportiva<\/a> (9 y 10 de julio).<\/li>\n<li><a href=\"https:\/\/www.upo.es\/formacionpermanente\/cursos-de-verano\/el-abordaje-de-la-patologia-del-dolor-a-traves-de-la-fisioterapia\/\">El abordaje de la patolog\u00eda del dolor a trav\u00e9s de la fisioterapia <\/a>(10 y 11 de julio)<\/li>\n<li><a href=\"https:\/\/www.upo.es\/formacionpermanente\/cursos-de-verano\/salud-femenina-nutricion-psicologia-y-ejercicio\/\">Salud femenina: nutrici\u00f3n, psicolog\u00eda y ejercicio<\/a> (11 y 12 de julio)<\/li>\n<li><a href=\"https:\/\/www.upo.es\/formacionpermanente\/cursos-de-verano\/buonissimo-taller-de-cocina-italiana\/\">Buonissimo! Taller de cocina italiana <\/a>(11 y 12 de julio)<\/li>\n<li><a href=\"https:\/\/www.upo.es\/formacionpermanente\/cursos-de-verano\/liderazgo-para-el-bienestar-y-la-salud-mental-en-la-empresa-del-siglo-xxi\/\">Liderazgo para el bienestar y la salud mental en la empresa del siglo XXI <\/a>(11 y 12 de julio).<\/li>\n<\/ul>\n<p>&nbsp;<\/p>\n<p>Fuente: Fundaci\u00f3n Universidad Pablo de Olavide<\/p>\n","protected":false},"excerpt":{"rendered":"<p>Dos seminarios abrir\u00e1n el pr\u00f3ximo lunes 8 de julio la programaci\u00f3n de la cuarta semana de la XXII edici\u00f3n de los Cursos de Verano de la Universidad Pablo de Olavide en Carmona. Ser\u00e1n los cursos \u2018Humanizar la salud para mejorar la vida de las personas\u2019 y \u2018Orientaciones y herramientas para la traducci\u00f3n profesional\u2019, celebr\u00e1ndose el primero de ellos en formato de presencia simult\u00e1nea, mientras que el segundo en online.<\/p>\n","protected":false},"author":6,"featured_media":30880319,"comment_status":"closed","ping_status":"open","sticky":false,"template":"","format":"standard","meta":{"_monsterinsights_skip_tracking":false,"_monsterinsights_sitenote_active":false,"_monsterinsights_sitenote_note":"","_monsterinsights_sitenote_category":0,"footnotes":""},"categories":[729],"tags":[23,927,22,1111,519],"class_list":["post-30883039","post","type-post","status-publish","format-standard","has-post-thumbnail","hentry","category-cursos-verano","tag-carmona","tag-ciencias-de-la-salud","tag-cursos-de-verano","tag-filologia-y-traduccion","tag-olavide-en-carmona"],"_links":{"self":[{"href":"https:\/\/www.upo.es\/diario\/wp-json\/wp\/v2\/posts\/30883039","targetHints":{"allow":["GET"]}}],"collection":[{"href":"https:\/\/www.upo.es\/diario\/wp-json\/wp\/v2\/posts"}],"about":[{"href":"https:\/\/www.upo.es\/diario\/wp-json\/wp\/v2\/types\/post"}],"author":[{"embeddable":true,"href":"https:\/\/www.upo.es\/diario\/wp-json\/wp\/v2\/users\/6"}],"replies":[{"embeddable":true,"href":"https:\/\/www.upo.es\/diario\/wp-json\/wp\/v2\/comments?post=30883039"}],"version-history":[{"count":4,"href":"https:\/\/www.upo.es\/diario\/wp-json\/wp\/v2\/posts\/30883039\/revisions"}],"predecessor-version":[{"id":30883043,"href":"https:\/\/www.upo.es\/diario\/wp-json\/wp\/v2\/posts\/30883039\/revisions\/30883043"}],"wp:featuredmedia":[{"embeddable":true,"href":"https:\/\/www.upo.es\/diario\/wp-json\/wp\/v2\/media\/30880319"}],"wp:attachment":[{"href":"https:\/\/www.upo.es\/diario\/wp-json\/wp\/v2\/media?parent=30883039"}],"wp:term":[{"taxonomy":"category","embeddable":true,"href":"https:\/\/www.upo.es\/diario\/wp-json\/wp\/v2\/categories?post=30883039"},{"taxonomy":"post_tag","embeddable":true,"href":"https:\/\/www.upo.es\/diario\/wp-json\/wp\/v2\/tags?post=30883039"}],"curies":[{"name":"wp","href":"https:\/\/api.w.org\/{rel}","templated":true}]}}