{"id":30883051,"date":"2024-07-01T10:11:02","date_gmt":"2024-07-01T08:11:02","guid":{"rendered":"https:\/\/www.upo.es\/diario\/?p=30883051"},"modified":"2024-07-08T10:19:17","modified_gmt":"2024-07-08T08:19:17","slug":"coro-de-la-upo-agenda-cultural-upo","status":"publish","type":"post","link":"https:\/\/www.upo.es\/diario\/video\/2024\/07\/coro-de-la-upo-agenda-cultural-upo\/","title":{"rendered":"Coro de la UPO. Agenda Cultural UPO"},"content":{"rendered":"<p><iframe loading=\"lazy\" title=\"YouTube video player\" src=\"https:\/\/www.youtube.com\/embed\/YW_heKy8xa0?si=FJiwe3Q11Mstzl1Y\" width=\"560\" height=\"315\" frameborder=\"0\" allowfullscreen=\"allowfullscreen\"><\/iframe><\/p>\n<p>En el marco de la programaci\u00f3n cultural de la UPO para el curso 2023\/2024, el<strong> Coro de la UPO<\/strong> ofreci\u00f3 el concierto <strong>&#8216;The Beatles. Desde la psicodelia a la meditaci\u00f3n&#8217;<\/strong> en la Sala La Fundici\u00f3n de Sevilla el 28 de junio de 2024. Junto con el Coro de la UPO, estuvieron los m\u00fasicos Nico Hern\u00e1ndez, Alejandro Rodr\u00edguez Morata, Mario Rodr\u00edguez Rodr\u00edguez, Carlos Cata y Chano Robles. El espect\u00e1culo fue dirigido a nivel art\u00edstico por Miguel Rodr\u00edguez y a nivel musical, Jorge R. Morata<\/p>\n","protected":false},"excerpt":{"rendered":"<p>En el marco de la programaci\u00f3n cultural de la UPO para el curso 2023\/2024, el Coro de la UPO ofreci\u00f3 el concierto &#8216;The Beatles. Desde la psicodelia a la meditaci\u00f3n&#8217; en la Sala La Fundici\u00f3n de Sevilla el 28 de junio de 2024.<\/p>\n","protected":false},"author":4,"featured_media":30883052,"comment_status":"closed","ping_status":"open","sticky":false,"template":"","format":"video","meta":{"_monsterinsights_skip_tracking":false,"_monsterinsights_sitenote_active":false,"_monsterinsights_sitenote_note":"","_monsterinsights_sitenote_category":0,"footnotes":""},"categories":[6038],"tags":[7982,71,5834,3746,8880,8881],"class_list":["post-30883051","post","type-post","status-publish","format-video","has-post-thumbnail","hentry","category-video","tag-agenda-cultural","tag-coro","tag-cultura","tag-servicio-de-extension-cultural","tag-the-beatles","tag-vicerrectorado-de-cultura-y-politicas","post_format-post-format-video"],"_links":{"self":[{"href":"https:\/\/www.upo.es\/diario\/wp-json\/wp\/v2\/posts\/30883051","targetHints":{"allow":["GET"]}}],"collection":[{"href":"https:\/\/www.upo.es\/diario\/wp-json\/wp\/v2\/posts"}],"about":[{"href":"https:\/\/www.upo.es\/diario\/wp-json\/wp\/v2\/types\/post"}],"author":[{"embeddable":true,"href":"https:\/\/www.upo.es\/diario\/wp-json\/wp\/v2\/users\/4"}],"replies":[{"embeddable":true,"href":"https:\/\/www.upo.es\/diario\/wp-json\/wp\/v2\/comments?post=30883051"}],"version-history":[{"count":1,"href":"https:\/\/www.upo.es\/diario\/wp-json\/wp\/v2\/posts\/30883051\/revisions"}],"predecessor-version":[{"id":30883053,"href":"https:\/\/www.upo.es\/diario\/wp-json\/wp\/v2\/posts\/30883051\/revisions\/30883053"}],"wp:featuredmedia":[{"embeddable":true,"href":"https:\/\/www.upo.es\/diario\/wp-json\/wp\/v2\/media\/30883052"}],"wp:attachment":[{"href":"https:\/\/www.upo.es\/diario\/wp-json\/wp\/v2\/media?parent=30883051"}],"wp:term":[{"taxonomy":"category","embeddable":true,"href":"https:\/\/www.upo.es\/diario\/wp-json\/wp\/v2\/categories?post=30883051"},{"taxonomy":"post_tag","embeddable":true,"href":"https:\/\/www.upo.es\/diario\/wp-json\/wp\/v2\/tags?post=30883051"}],"curies":[{"name":"wp","href":"https:\/\/api.w.org\/{rel}","templated":true}]}}