{"id":30883095,"date":"2024-07-09T17:52:29","date_gmt":"2024-07-09T15:52:29","guid":{"rendered":"https:\/\/www.upo.es\/diario\/?p=30883095"},"modified":"2024-07-19T10:44:04","modified_gmt":"2024-07-19T08:44:04","slug":"las-universidades-de-jaen-almeria-granada-cadiz-y-pablo-de-olavide-ponen-en-marcha-el-instituto-europeo-de-sostenibilidad-en-gestion","status":"publish","type":"post","link":"https:\/\/www.upo.es\/diario\/institucional\/2024\/07\/las-universidades-de-jaen-almeria-granada-cadiz-y-pablo-de-olavide-ponen-en-marcha-el-instituto-europeo-de-sostenibilidad-en-gestion\/","title":{"rendered":"Las Universidades de Ja\u00e9n, Almer\u00eda, Granada, C\u00e1diz y Pablo de Olavide ponen en marcha el Instituto Europeo de Sostenibilidad en Gesti\u00f3n"},"content":{"rendered":"<figure id=\"attachment_30883098\" aria-describedby=\"caption-attachment-30883098\" style=\"width: 750px\" class=\"wp-caption aligncenter\"><a href=\"https:\/\/www.upo.es\/diario\/wp-content\/uploads\/2024\/07\/instituto_IESG_presentacion-grupo.jpg\"><img loading=\"lazy\" decoding=\"async\" class=\"wp-image-30883098 size-large\" src=\"https:\/\/www.upo.es\/diario\/wp-content\/uploads\/2024\/07\/instituto_IESG_presentacion-grupo-e1720540106719-750x433.jpg\" alt=\"Los rectores de las cinco universidades que forman este nuevo instituto de investigaci\u00f3n e integrantes del mismo.\" width=\"750\" height=\"433\" srcset=\"https:\/\/www.upo.es\/diario\/wp-content\/uploads\/2024\/07\/instituto_IESG_presentacion-grupo-e1720540106719-750x433.jpg 750w, https:\/\/www.upo.es\/diario\/wp-content\/uploads\/2024\/07\/instituto_IESG_presentacion-grupo-e1720540106719-420x242.jpg 420w, https:\/\/www.upo.es\/diario\/wp-content\/uploads\/2024\/07\/instituto_IESG_presentacion-grupo-e1720540106719-768x443.jpg 768w, https:\/\/www.upo.es\/diario\/wp-content\/uploads\/2024\/07\/instituto_IESG_presentacion-grupo-e1720540106719-1536x887.jpg 1536w, https:\/\/www.upo.es\/diario\/wp-content\/uploads\/2024\/07\/instituto_IESG_presentacion-grupo-e1720540106719-1320x762.jpg 1320w, https:\/\/www.upo.es\/diario\/wp-content\/uploads\/2024\/07\/instituto_IESG_presentacion-grupo-e1720540106719.jpg 2048w\" sizes=\"auto, (max-width: 750px) 100vw, 750px\" \/><\/a><figcaption id=\"caption-attachment-30883098\" class=\"wp-caption-text\">Los rectores de las cinco universidades que forman este nuevo instituto de investigaci\u00f3n e integrantes del mismo.<\/figcaption><\/figure>\n<p>Los rectores <strong>Nicol\u00e1s Ruiz Reyes <\/strong>(UJA), <strong>Jos\u00e9 Joaqu\u00edn C\u00e9spedes Lorente<\/strong> (UAL),\u00a0<strong>Casimiro Mantell Serrano <\/strong>(UCA), <strong>Pedro Mercado Pacheco<\/strong>\u00a0(UGR) y <strong>Francisco Oliva Bl\u00e1zquez <\/strong>(UPO) han presentado este martes en Ja\u00e9n el <strong><a href=\"http:\/\/iesg.es\">Instituto Europeo de Sostenibilidad en Gesti\u00f3n<\/a>, pionero en Espa\u00f1a, que tiene como objetivo dar respuesta, con soluciones innovadoras y pr\u00e1cticas, a los desaf\u00edos globales y locales a los que se enfrenta la sociedad<\/strong>.<\/p>\n<p>El director de este nuevo instituto de investigaci\u00f3n (iESG), el catedr\u00e1tico de Organizaci\u00f3n de Empresas de la UJA <strong>Jos\u00e9 Moyano Fuentes<\/strong>, ha explicado que el mismo surge como un proyecto para sensibilizar a la sociedad sobre la importancia de la formaci\u00f3n especializada, de la investigaci\u00f3n y de la innovaci\u00f3n en estrategias y pr\u00e1cticas de gesti\u00f3n ambiental, social y gobernanza. \u201cLa premisa fundamental que subyace en su concepci\u00f3n es la convicci\u00f3n de que el valor agregado del conocimiento y experiencia de los grupos de investigaci\u00f3n de las distintas universidades supera la mera suma de esos grupos a nivel individual. En este sentido, <strong>la colaboraci\u00f3n e integraci\u00f3n de los miembros de esta alianza no solo fomentar\u00e1 la generaci\u00f3n de ideas innovadoras, sino que tambi\u00e9n propiciar\u00e1 soluciones pioneras que act\u00faen como referente para orientar la gesti\u00f3n de las organizaciones hacia enfoques m\u00e1s responsables y eficaces formando, a su vez, a la pr\u00f3xima generaci\u00f3n de l\u00edderes en sostenibilidad\u201d<\/strong>, ha declarado.<\/p>\n<p>En concreto, est\u00e1 <strong>integrado por 11 grupos de investigaci\u00f3n de las 5 universidades andaluzas, form\u00e1ndolo m\u00e1s de 70 investigadores.<\/strong> En este sentido, la actividad de investigaci\u00f3n, transferencia y formaci\u00f3n del Instituto gira en torno a<strong> cinco grandes l\u00edneas de investigaci\u00f3n<\/strong> que muestran su car\u00e1cter colaborativo y su potencial para que existan sinergias: <strong>Estrategia y Sostenibilidad; Gesti\u00f3n Internacional y Sostenibilidad; Gesti\u00f3n de operaciones, digitalizaci\u00f3n y cadena de suministro sostenible; Innovaci\u00f3n y Emprendimiento sostenibles; y Recursos Humanos y Sostenibilidad<\/strong>. \u201cEl iESG se presenta como un centro de investigaci\u00f3n comprometido con la excelencia y la innovaci\u00f3n sobre sostenibilidad en gesti\u00f3n en aras a conseguir una sociedad m\u00e1s equitativa y respetuosa con el medio ambiente\u201d, ha indicado Jos\u00e9 Moyano.<\/p>\n<figure id=\"attachment_30883101\" aria-describedby=\"caption-attachment-30883101\" style=\"width: 420px\" class=\"wp-caption alignright\"><a href=\"https:\/\/www.upo.es\/diario\/wp-content\/uploads\/2024\/07\/instituto_IESG_presentacion.jpg\"><img loading=\"lazy\" decoding=\"async\" class=\"wp-image-30883101 size-medium\" src=\"https:\/\/www.upo.es\/diario\/wp-content\/uploads\/2024\/07\/instituto_IESG_presentacion-420x315.jpg\" alt=\"Casimiro Mantell, Pedro Mercado , Jos\u00e9 Moyano , Nicol\u00e1s Ruiz , Francisco Oliva y Jos\u00e9 J. C\u00e9spedes\" width=\"420\" height=\"315\" srcset=\"https:\/\/www.upo.es\/diario\/wp-content\/uploads\/2024\/07\/instituto_IESG_presentacion-420x315.jpg 420w, https:\/\/www.upo.es\/diario\/wp-content\/uploads\/2024\/07\/instituto_IESG_presentacion-700x525.jpg 700w, https:\/\/www.upo.es\/diario\/wp-content\/uploads\/2024\/07\/instituto_IESG_presentacion-768x576.jpg 768w, https:\/\/www.upo.es\/diario\/wp-content\/uploads\/2024\/07\/instituto_IESG_presentacion-1536x1152.jpg 1536w, https:\/\/www.upo.es\/diario\/wp-content\/uploads\/2024\/07\/instituto_IESG_presentacion-1320x990.jpg 1320w, https:\/\/www.upo.es\/diario\/wp-content\/uploads\/2024\/07\/instituto_IESG_presentacion.jpg 2048w\" sizes=\"auto, (max-width: 420px) 100vw, 420px\" \/><\/a><figcaption id=\"caption-attachment-30883101\" class=\"wp-caption-text\">Casimiro Mantell, Pedro Mercado, Jos\u00e9 Moyano, Nicol\u00e1s Ruiz, Francisco Oliva y Jos\u00e9 J. C\u00e9spedes<\/figcaption><\/figure>\n<p><strong>Nicol\u00e1s Ruiz<\/strong> ha destacado que este nuevo instituto de investigaci\u00f3n interuniversitario \u201ces uno de los m\u00e1s potentes en el \u00e1mbito de la econom\u00eda y la empresa a nivel nacional, tanto por el n\u00famero y calidad de sus investigadores, como por el prestigio de las universidades integrantes\u201d. En este sentido, ha apuntado que esta alianza interuniversitaria va a permitir \u201cgenerar conocimiento e innovaci\u00f3n, desarrollar proyectos \u00fatiles y de alto impacto y contribuir a la formaci\u00f3n de profesionales altamente cualificados en este \u00e1mbito\u201d, adem\u00e1s de permitir mejorar la competitividad nacional e internacional de los grupos de investigaci\u00f3n que lo integran. \u201cTeniendo presente que el foco de atenci\u00f3n del instituto se sit\u00faa en torno a la necesidad de compatibilizar la gesti\u00f3n de organizaciones con el bienestar social y el respeto al medio ambiente, vamos a poner en marcha soluciones que orienten la organizaci\u00f3n de empresas, administraciones y otras entidades hacia enfoques m\u00e1s responsables, eficientes y, sobre todo, m\u00e1s sostenibles, siendo en nuestro caso un potente instrumento m\u00e1s al servicio del territorio y la sociedad jiennense\u201d, ha afirmado el rector de la UJA.<\/p>\n<p>El rector de la Universidad Pablo de Olavide,<strong> Francisco Oliva<\/strong>, ha puesto en valor este nuevo instituto de investigaci\u00f3n y especialmente su car\u00e1cter interuniversitario, \u00abalgo fundamental y tremendamente positivo\u00bb, considerando que \u201clo que une a las universidades las har\u00e1 m\u00e1s fuertes\u201d. En segundo lugar, ha indicado que permitir\u00e1, gracias a la uni\u00f3n de su alrededor de 70 investigadores, \u201crealizar una mejor investigaci\u00f3n y por tanto una mejor transferencia del conocimiento, as\u00ed como una optimizaci\u00f3n de nuestros recursos y un desarrollo mejor del sistema universitario y de nuestras sociedades\u00bb. En tercer lugar, se ha referido a su objetivo estrat\u00e9gico, la sostenibilidad en la gesti\u00f3n, \u201calgo fundamental, puesto que los ODS est\u00e1n ah\u00ed y todos debemos formar parte de su cumplimiento\u201d.<\/p>\n<p>El rector de la Universidad de Almer\u00eda, <strong>Jos\u00e9 J. C\u00e9spedes<\/strong>, se ha referido a c\u00f3mo surgi\u00f3 el proyecto ante la necesidad de contar con un foro de investigaci\u00f3n donde desarrollar I+D+i e incluso la puesta en marcha de un programa interuniversitario de doctorado que sirvi\u00f3 de germen a un instituto, \u201cque aborda una tem\u00e1tica relacionada con la sostenibilidad aplicada a cualquier tipo de organizaci\u00f3n, fundamental en el contexto actual\u201d. \u201cSe trata de una oportunidad para los investigadores que forman parte de \u00e9l y para que las universidades desarrollemos todo nuestro potencial\u201d, ha indicado Jos\u00e9 J. C\u00e9spedes.<\/p>\n<p><strong>Casimiro Mantell<\/strong>, rector de la Universidad de C\u00e1diz, se ha referido a la dificultad de contar con un instituto de investigaci\u00f3n y el camino que tiene para desarrollarse en un \u00e1mbito \u201cque est\u00e1 en boca de todos como es la sostenibilidad, no solo ambiental, sino social o econ\u00f3mica\u201d. Asimismo, ha remarcado que \u201ctener este instituto nos ofrece un marco para tener la posibilidad de asesoramiento en la gesti\u00f3n que desarrollamos desde las Universidades\u201d.<\/p>\n<p>El rector de la Universidad de Granada, <strong>Pedro Mercado<\/strong>, ha resaltado que con la presentaci\u00f3n de este instituto se visualiza la necesidad de trabajar de otra manera. \u201cHacerlo de forma interuniversitaria nos pone en situaci\u00f3n de c\u00f3mo hay que trabajar en la \u00e9poca en la que nos ha tocado gestionar las universidades, donde el conocimiento es global y cuantas m\u00e1s sinergias existan, m\u00e1s trascendencia social tendr\u00e1\u201d. Adem\u00e1s, se ha referido a su marchamo europeo, \u201clo que nos sit\u00faa en un terreno para establecer desde las universidades andaluzas una proyecci\u00f3n de nuestro conocimiento, que este instituto ya atesora por los grupos de investigaci\u00f3n que ha reunido, pero que tiene que proyectar\u201d.<\/p>\n<p>M\u00e1s informaci\u00f3n: <strong><a href=\"https:\/\/www.iesg.es\/\">www.iesg.es<\/a><\/strong><\/p>\n<p>Fuente: Universidad de Ja\u00e9n<\/p>\n","protected":false},"excerpt":{"rendered":"<p>El iESG surge como un proyecto para sensibilizar a la sociedad sobre la importancia de la formaci\u00f3n especializada, de la investigaci\u00f3n y de la innovaci\u00f3n en estrategias y pr\u00e1cticas de gesti\u00f3n ambiental, social y gobernanza.<\/p>\n","protected":false},"author":6,"featured_media":30883098,"comment_status":"closed","ping_status":"open","sticky":false,"template":"","format":"standard","meta":{"_monsterinsights_skip_tracking":false,"_monsterinsights_sitenote_active":false,"_monsterinsights_sitenote_note":"","_monsterinsights_sitenote_category":0,"footnotes":""},"categories":[6],"tags":[2135,2134,5770,2839,8885,1279,832,1343,3190,1157,1453],"class_list":["post-30883095","post","type-post","status-publish","format-standard","has-post-thumbnail","hentry","category-institucional","tag-calidad-e-innovacion","tag-digitalizacion","tag-equipo-investigacion","tag-gestion-empresarial","tag-instituto-interuniversitario","tag-recursos-humanos","tag-sostenibilidad","tag-universidad-de-almeria","tag-universidad-de-cadiz","tag-universidad-de-granada","tag-universidad-de-jaen"],"_links":{"self":[{"href":"https:\/\/www.upo.es\/diario\/wp-json\/wp\/v2\/posts\/30883095","targetHints":{"allow":["GET"]}}],"collection":[{"href":"https:\/\/www.upo.es\/diario\/wp-json\/wp\/v2\/posts"}],"about":[{"href":"https:\/\/www.upo.es\/diario\/wp-json\/wp\/v2\/types\/post"}],"author":[{"embeddable":true,"href":"https:\/\/www.upo.es\/diario\/wp-json\/wp\/v2\/users\/6"}],"replies":[{"embeddable":true,"href":"https:\/\/www.upo.es\/diario\/wp-json\/wp\/v2\/comments?post=30883095"}],"version-history":[{"count":6,"href":"https:\/\/www.upo.es\/diario\/wp-json\/wp\/v2\/posts\/30883095\/revisions"}],"predecessor-version":[{"id":30883104,"href":"https:\/\/www.upo.es\/diario\/wp-json\/wp\/v2\/posts\/30883095\/revisions\/30883104"}],"wp:featuredmedia":[{"embeddable":true,"href":"https:\/\/www.upo.es\/diario\/wp-json\/wp\/v2\/media\/30883098"}],"wp:attachment":[{"href":"https:\/\/www.upo.es\/diario\/wp-json\/wp\/v2\/media?parent=30883095"}],"wp:term":[{"taxonomy":"category","embeddable":true,"href":"https:\/\/www.upo.es\/diario\/wp-json\/wp\/v2\/categories?post=30883095"},{"taxonomy":"post_tag","embeddable":true,"href":"https:\/\/www.upo.es\/diario\/wp-json\/wp\/v2\/tags?post=30883095"}],"curies":[{"name":"wp","href":"https:\/\/api.w.org\/{rel}","templated":true}]}}