{"id":30883113,"date":"2024-07-09T15:40:20","date_gmt":"2024-07-09T13:40:20","guid":{"rendered":"https:\/\/www.upo.es\/diario\/?p=30883113"},"modified":"2024-07-10T11:43:59","modified_gmt":"2024-07-10T09:43:59","slug":"especialista-alerta-de-que-vivimos-un-tsunami-tecnologico-en-el-que-el-paciente-y-su-familia-son-lo-ultimo","status":"publish","type":"post","link":"https:\/\/www.upo.es\/diario\/cursos-verano\/2024\/07\/especialista-alerta-de-que-vivimos-un-tsunami-tecnologico-en-el-que-el-paciente-y-su-familia-son-lo-ultimo\/","title":{"rendered":"Especialista alerta de que vivimos un \u00abtsunami tecnol\u00f3gico\u00bb en el que el paciente y su familia \u00abson lo \u00faltimo\u00bb"},"content":{"rendered":"<figure id=\"attachment_30883115\" aria-describedby=\"caption-attachment-30883115\" style=\"width: 727px\" class=\"wp-caption aligncenter\"><img loading=\"lazy\" decoding=\"async\" class=\"size-large wp-image-30883115\" src=\"https:\/\/www.upo.es\/diario\/wp-content\/uploads\/2024\/07\/Carlos-Alvarez_20240709-727x525.jpg\" alt=\"Carlos \u00c1lvarez Leiva en la sede de la UPO en Carmona\" width=\"727\" height=\"525\" srcset=\"https:\/\/www.upo.es\/diario\/wp-content\/uploads\/2024\/07\/Carlos-Alvarez_20240709-727x525.jpg 727w, https:\/\/www.upo.es\/diario\/wp-content\/uploads\/2024\/07\/Carlos-Alvarez_20240709-420x303.jpg 420w, https:\/\/www.upo.es\/diario\/wp-content\/uploads\/2024\/07\/Carlos-Alvarez_20240709-768x555.jpg 768w, https:\/\/www.upo.es\/diario\/wp-content\/uploads\/2024\/07\/Carlos-Alvarez_20240709.jpg 1102w\" sizes=\"auto, (max-width: 727px) 100vw, 727px\" \/><figcaption id=\"caption-attachment-30883115\" class=\"wp-caption-text\">Carlos \u00c1lvarez Leiva en la sede de la UPO en Carmona<\/figcaption><\/figure>\n<p>El especialista en Cuidados Intensivos y Medicina de Cat\u00e1strofes <strong>Carlos \u00c1lvarez Leiva ha reclamado el binomio \u00abpaciente-familia\u00bb a la hora de \u00abhumanizar\u00bb y tratar a los pacientes<\/strong>. Ha reivindicado que esta forma de gestionar la salud es \u00abnecesaria\u00bb ya que vivimos un \u00abtsunami tecnol\u00f3gico\u00bb en el que el paciente, y sobre todo su familia, con \u00abmucha frecuencia\u00bb son lo \u00faltimo, y que hay que prestar \u00abmenos atenci\u00f3n\u00bb a los ordenadores y m\u00e1s a las personas.<\/p>\n<p>As\u00ed lo ha manifestado con motivo de su participaci\u00f3n en el <strong>curso de verano &#8216;Humanizar la salud para mejorar la vida de las personas&#8217;<\/strong>, dirigido por el m\u00e9dico especialista en Urolog\u00eda del Hospital de Valme Juan Manuel Poyato Gal\u00e1n, que comenz\u00f3 el pasado lunes en la sede de la Universidad Pablo de Olavide en Carmona (Sevilla).<\/p>\n<p>Ha expresado que <strong>la \u00abhumanizaci\u00f3n\u00bb en el contexto sanitario implica \u00abestar m\u00e1s cerca del paciente\u00bb y que note la presencia del m\u00e9dico mientras le atiende, aunque ha recalcado que consiste tambi\u00e9n en tratar al entorno familiar<\/strong>, ya que \u00absufre con el paciente y al que muchas veces no se le presta la suficiente atenci\u00f3n\u00bb. Seg\u00fan su criterio, el \u00abbinomio paciente-familia\u00bb forma lo que significa \u00abhumanizar\u00bb la asistencia de los enfermos.<\/p>\n<p>En este sentido, la \u00e9tica juega un papel importante, aunque ha a\u00f1adido que es \u00abmuy personal\u00bb y no es \u00absencillo\u00bb combinar los valores con la ciencia. \u00abProviene de uno mismo, del entorno en el que uno se ha criado, de la capacidad de gestionar tus propias emociones y de tu experiencia de vida, que implica un comportamiento concreto. Es una forma de vivir\u00bb, ha relatado, por lo que el trato con el paciente ser\u00e1 de una manera u otra dependiendo de este factor.<\/p>\n<p>Sin embargo, ha mencionado que, por otro lado, se encuentra la \u00ab\u00e9tica m\u00e9dica\u00bb, que se diferencia de cualquier otro tipo de \u00e9tica en que \u00abexisten aspectos de la vida de los pacientes que el m\u00e9dico tiene que combinar, como los momentos finales de su vida o situaciones complejas\u00bb. En su opini\u00f3n, conlleva que el profesional sea \u00abm\u00e1s responsable en las decisiones que toma y que, a veces, no le trasmita a la familia las que son m\u00e1s duras o dolorosas\u00bb para que los familiares no se vean obligados a \u00abtomar una decisi\u00f3n de un proceso que es irreversible\u00bb, y as\u00ed \u00abquitarles ese dolor\u00bb.<\/p>\n<p>En relaci\u00f3n a la toma de decisiones, ha reiterado que, aparte de informar al paciente sobre las decisiones legales que posee, a veces los m\u00e9dicos \u00abtienen que tomar decisiones que son acad\u00e9micamente dif\u00edciles\u00bb y que no se \u00abpuede cargar a la familia con ese peso\u00bb porque, adem\u00e1s, el m\u00e9dico tiene \u00abm\u00e1s elementos de juicio\u00bb para decidir. \u00c9l \u00abdetermina siempre una decisi\u00f3n muy acorde con la familia y el paciente\u00bb pero \u00ablibera a la familia cuando esa decisi\u00f3n es cruel, para que no se sienta responsable de un dolor inasumible\u00bb, ha explicado.<\/p>\n<p>En cuanto al trato de pacientes en cuidados intensivos, ha detallado que requiere tomar decisiones \u00abmuy r\u00e1pidas e inmediatas\u00bb al ser enfermos que se debaten \u00abentre la vida y la muerte\u00bb y que hay que ser \u00abmuy valiente y tomar riesgos\u00bb porque de eso depende la vida del paciente.<\/p>\n<p>Ha comparado, tambi\u00e9n, las diferencias que existen entre tomar decisiones en cuidados cr\u00edticos y en cat\u00e1strofes. \u00abEn cuidados cr\u00edticos no te faltan recursos, pero en una cat\u00e1strofe s\u00ed\u00bb, ha lamentado, y ha ejemplificado algunas de las situaciones a las que se tienen que enfrentar en dichas ocasiones, como decidir a qui\u00e9n se le administra ox\u00edgeno, porque a lo mejor solo tienes una botella, o elegir entre atender a un ni\u00f1o a una embarazada. \u00abSon situaciones m\u00e1s extremas que requieren m\u00e1s experiencia, capacidad y confianza en lo que haces\u00bb, ha se\u00f1alado.<\/p>\n<p>Para terminar, ha afirmado que \u00abel Sistema Andaluz de Salud\u00bb es un sistema que trata de acercarse a los pacientes, pero que la humanizaci\u00f3n de la salud \u00abno se encuentra en los sistemas, se encuentra en las personas\u00bb. \u00abSi los profesionales de la salud no lo viven con vocaci\u00f3n, el sistema no puede hacer nada\u00bb, ha concluido.<\/p>\n","protected":false},"excerpt":{"rendered":"<p>El especialista en Cuidados Intensivos y Medicina de Cat\u00e1strofes Carlos \u00c1lvarez Leiva ha reclamado el binomio \u00abpaciente-familia\u00bb a la hora de \u00abhumanizar\u00bb y tratar a los pacientes. Ha reivindicado que esta forma de gestionar la salud es \u00abnecesaria\u00bb ya que vivimos un \u00abtsunami tecnol\u00f3gico\u00bb en el que el paciente, y sobre todo su familia, con \u00abmucha frecuencia\u00bb son lo \u00faltimo, y que hay que prestar \u00abmenos atenci\u00f3n\u00bb a los ordenadores y m\u00e1s a las personas.<\/p>\n","protected":false},"author":6,"featured_media":30883115,"comment_status":"closed","ping_status":"open","sticky":false,"template":"","format":"standard","meta":{"_monsterinsights_skip_tracking":false,"_monsterinsights_sitenote_active":false,"_monsterinsights_sitenote_note":"","_monsterinsights_sitenote_category":0,"footnotes":""},"categories":[729],"tags":[23,22,519,218,3081,1224],"class_list":["post-30883113","post","type-post","status-publish","format-standard","has-post-thumbnail","hentry","category-cursos-verano","tag-carmona","tag-cursos-de-verano","tag-olavide-en-carmona","tag-salud","tag-sanidad","tag-tecnologia"],"_links":{"self":[{"href":"https:\/\/www.upo.es\/diario\/wp-json\/wp\/v2\/posts\/30883113","targetHints":{"allow":["GET"]}}],"collection":[{"href":"https:\/\/www.upo.es\/diario\/wp-json\/wp\/v2\/posts"}],"about":[{"href":"https:\/\/www.upo.es\/diario\/wp-json\/wp\/v2\/types\/post"}],"author":[{"embeddable":true,"href":"https:\/\/www.upo.es\/diario\/wp-json\/wp\/v2\/users\/6"}],"replies":[{"embeddable":true,"href":"https:\/\/www.upo.es\/diario\/wp-json\/wp\/v2\/comments?post=30883113"}],"version-history":[{"count":2,"href":"https:\/\/www.upo.es\/diario\/wp-json\/wp\/v2\/posts\/30883113\/revisions"}],"predecessor-version":[{"id":30883116,"href":"https:\/\/www.upo.es\/diario\/wp-json\/wp\/v2\/posts\/30883113\/revisions\/30883116"}],"wp:featuredmedia":[{"embeddable":true,"href":"https:\/\/www.upo.es\/diario\/wp-json\/wp\/v2\/media\/30883115"}],"wp:attachment":[{"href":"https:\/\/www.upo.es\/diario\/wp-json\/wp\/v2\/media?parent=30883113"}],"wp:term":[{"taxonomy":"category","embeddable":true,"href":"https:\/\/www.upo.es\/diario\/wp-json\/wp\/v2\/categories?post=30883113"},{"taxonomy":"post_tag","embeddable":true,"href":"https:\/\/www.upo.es\/diario\/wp-json\/wp\/v2\/tags?post=30883113"}],"curies":[{"name":"wp","href":"https:\/\/api.w.org\/{rel}","templated":true}]}}