{"id":30883131,"date":"2024-07-10T14:22:59","date_gmt":"2024-07-10T12:22:59","guid":{"rendered":"https:\/\/www.upo.es\/diario\/?p=30883131"},"modified":"2024-07-10T14:22:59","modified_gmt":"2024-07-10T12:22:59","slug":"tres-de-cada-diez-personas-padecen-dolor-cronico-un-20-por-ciento-mas-que-a-comienzos-de-siglo","status":"publish","type":"post","link":"https:\/\/www.upo.es\/diario\/cursos-verano\/2024\/07\/tres-de-cada-diez-personas-padecen-dolor-cronico-un-20-por-ciento-mas-que-a-comienzos-de-siglo\/","title":{"rendered":"Tres de cada diez personas padecen dolor cr\u00f3nico,  un 20 por ciento m\u00e1s que a comienzos de siglo"},"content":{"rendered":"<figure id=\"attachment_30883133\" aria-describedby=\"caption-attachment-30883133\" style=\"width: 750px\" class=\"wp-caption aligncenter\"><a href=\"https:\/\/www.upo.es\/diario\/wp-content\/uploads\/2024\/07\/Alvaro-Rodriguez_20240710.jpg\"><img loading=\"lazy\" decoding=\"async\" class=\"size-large wp-image-30883133\" src=\"https:\/\/www.upo.es\/diario\/wp-content\/uploads\/2024\/07\/Alvaro-Rodriguez_20240710-750x500.jpg\" alt=\"\u00c1lvaro Rodr\u00edguez durante el curso \u2018El abordaje de la patolog\u00eda del dolor a trav\u00e9s de la fisioterapia\u2019\" width=\"750\" height=\"500\" srcset=\"https:\/\/www.upo.es\/diario\/wp-content\/uploads\/2024\/07\/Alvaro-Rodriguez_20240710-750x500.jpg 750w, https:\/\/www.upo.es\/diario\/wp-content\/uploads\/2024\/07\/Alvaro-Rodriguez_20240710-420x280.jpg 420w, https:\/\/www.upo.es\/diario\/wp-content\/uploads\/2024\/07\/Alvaro-Rodriguez_20240710-768x512.jpg 768w, https:\/\/www.upo.es\/diario\/wp-content\/uploads\/2024\/07\/Alvaro-Rodriguez_20240710-1536x1023.jpg 1536w, https:\/\/www.upo.es\/diario\/wp-content\/uploads\/2024\/07\/Alvaro-Rodriguez_20240710-165x109.jpg 165w, https:\/\/www.upo.es\/diario\/wp-content\/uploads\/2024\/07\/Alvaro-Rodriguez_20240710-1320x879.jpg 1320w, https:\/\/www.upo.es\/diario\/wp-content\/uploads\/2024\/07\/Alvaro-Rodriguez_20240710.jpg 1600w\" sizes=\"auto, (max-width: 750px) 100vw, 750px\" \/><\/a><figcaption id=\"caption-attachment-30883133\" class=\"wp-caption-text\">\u00c1lvaro Rodr\u00edguez durante el curso \u2018El abordaje de la patolog\u00eda del dolor a trav\u00e9s de la fisioterapia\u2019<\/figcaption><\/figure>\n<p><strong>El 30% de la poblaci\u00f3n sufre dolor cr\u00f3nico, lo que supone un incremento de diez puntos con respecto a los datos de prevalencia de 2012 y del 20% en relaci\u00f3n al a\u00f1o 2000<\/strong>. As\u00ed lo ha advertido el profesor <strong>\u00c1lvaro Rodr\u00edguez<\/strong>, quien ha explicado que el dolor nocipl\u00e1stico (asociado a alteraciones del sistema nervioso), coloquialmente denominado cr\u00f3nico, se ha convertido en<strong> una \u201caut\u00e9ntica epidemia desde comienzos de siglo, por lo que es urgente adoptar medidas al respecto\u201d<\/strong>.<\/p>\n<p>Rodr\u00edguez ha hecho estas manifestaciones al hilo del <strong>curso \u2018El abordaje de la patolog\u00eda del dolor a trav\u00e9s de la fisioterapia\u2019<\/strong>, que se imparte en la sede de la Universidad Pablo de Olavide de Carmona entre hoy y ma\u00f1ana y que codirige junto a Inmaculada Villa del Pino, profesora del Centro Universitario San Isidoro, adscrito a la UPO.<\/p>\n<p>Para el especialista, <strong>el fisioterapeuta juega un papel crucial en el tratamiento del dolor<\/strong> desde una perspectiva conservadora que trata de \u201cevitar f\u00e1rmacos y cirug\u00edas como primera l\u00ednea de tratamiento en pr\u00e1cticamente todas las condiciones de dolor, especialmente en dolor cr\u00f3nico\u201d. As\u00ed, ha afirmado que desde la fisioterapia se pueden abordar todas aquellas dolencias \u201cque no presenten signos que puedan indicar una patolog\u00eda grave con se\u00f1ales de alarma que requieran una derivaci\u00f3n inmediata\u201d.<\/p>\n<p>El fisioterapeuta y profesor del Centro San Isidoro ha se\u00f1alado el estr\u00e9s asociado al actual estilo de vida como responsable del incremento de la prevalencia del dolor por la denominada \u201cinflamaci\u00f3n de bajo grado\u201d, por lo que ha recomendado un cambio de h\u00e1bitos de vida mediante la pr\u00e1ctica del ejercicio f\u00edsico terap\u00e9utico, el manejo del descanso y una alimentaci\u00f3n adecuada.<\/p>\n<p>No obstante, \u00c1lvaro Rodr\u00edguez ha aclarado que <strong>no se pueden dar \u201crecomendaciones exactas para todos los casos\u201d, ya que lo m\u00e1s importante es \u201cconocer el caso concreto de cada paciente y hacer una correcta valoraci\u00f3n del problema y de todos los factores asociados\u201d<\/strong>. A partir de ah\u00ed, se prescriben las indicaciones m\u00e1s adecuadas para cada caso en particular \u201cdesde un abordaje multidisciplinar y en estrecho contacto con los dem\u00e1s profesionales que participen en el tratamiento del paciente en cuesti\u00f3n\u201d para dise\u00f1ar las intervenciones espec\u00edficas, ha subrayado.<\/p>\n<p>En cuanto a la relaci\u00f3n causa-efecto entre los dolores f\u00edsicos y los problemas emocionales, el codirector del curso ha pedido no caer en el reduccionismo de \u201cproblema emocional que se traslada al cuerpo, error que cometi\u00f3 Descartes\u201d. En este sentido, Rodr\u00edguez ha aclarado que \u201cel estr\u00e9s o los estados de \u00e1nimo negativos producen la liberaci\u00f3n de cortisol y adrenalina que generan un estado inflamatorio en el sistema nervioso, de manera que no es que el problema psicol\u00f3gico se vaya al cuerpo, sino que el problema emocional cambia la qu\u00edmica del organismo y genera s\u00edntomas reales\u201d.<\/p>\n<p>Por \u00faltimo, el experto ha citado a autores para asegurar que \u201csi la medicina es la ciencia que da a\u00f1os a la vida, la fisioterapia da vida a los a\u00f1os\u201d, y el objetivo de \u00e9sta es \u201cmejorar la calidad de vida del paciente con beneficios en t\u00e9rminos de funcionalidad, fuerza, disminuci\u00f3n de la discapacidad o del riesgo de ca\u00eddas y lesiones en personas mayores, entre otros\u201d.<\/p>\n<p>Fuente: Fundaci\u00f3n Universidad Pablo de Olavide<\/p>\n","protected":false},"excerpt":{"rendered":"<p>Fisioterapeutas se\u00f1alan el estr\u00e9s como causa de esta \u201cepidemia\u201d y reclaman un cambio de h\u00e1bitos de vida con m\u00e1s ejercicio, descanso y buena alimentaci\u00f3n.<\/p>\n","protected":false},"author":6,"featured_media":30883133,"comment_status":"closed","ping_status":"open","sticky":false,"template":"","format":"standard","meta":{"_monsterinsights_skip_tracking":false,"_monsterinsights_sitenote_active":false,"_monsterinsights_sitenote_note":"","_monsterinsights_sitenote_category":0,"footnotes":""},"categories":[729],"tags":[23,773,22,881,762,519,218],"class_list":["post-30883131","post","type-post","status-publish","format-standard","has-post-thumbnail","hentry","category-cursos-verano","tag-carmona","tag-centro-universitario-san-isidoro","tag-cursos-de-verano","tag-dolor","tag-fisioterapia","tag-olavide-en-carmona","tag-salud"],"_links":{"self":[{"href":"https:\/\/www.upo.es\/diario\/wp-json\/wp\/v2\/posts\/30883131","targetHints":{"allow":["GET"]}}],"collection":[{"href":"https:\/\/www.upo.es\/diario\/wp-json\/wp\/v2\/posts"}],"about":[{"href":"https:\/\/www.upo.es\/diario\/wp-json\/wp\/v2\/types\/post"}],"author":[{"embeddable":true,"href":"https:\/\/www.upo.es\/diario\/wp-json\/wp\/v2\/users\/6"}],"replies":[{"embeddable":true,"href":"https:\/\/www.upo.es\/diario\/wp-json\/wp\/v2\/comments?post=30883131"}],"version-history":[{"count":2,"href":"https:\/\/www.upo.es\/diario\/wp-json\/wp\/v2\/posts\/30883131\/revisions"}],"predecessor-version":[{"id":30883134,"href":"https:\/\/www.upo.es\/diario\/wp-json\/wp\/v2\/posts\/30883131\/revisions\/30883134"}],"wp:featuredmedia":[{"embeddable":true,"href":"https:\/\/www.upo.es\/diario\/wp-json\/wp\/v2\/media\/30883133"}],"wp:attachment":[{"href":"https:\/\/www.upo.es\/diario\/wp-json\/wp\/v2\/media?parent=30883131"}],"wp:term":[{"taxonomy":"category","embeddable":true,"href":"https:\/\/www.upo.es\/diario\/wp-json\/wp\/v2\/categories?post=30883131"},{"taxonomy":"post_tag","embeddable":true,"href":"https:\/\/www.upo.es\/diario\/wp-json\/wp\/v2\/tags?post=30883131"}],"curies":[{"name":"wp","href":"https:\/\/api.w.org\/{rel}","templated":true}]}}