{"id":30883147,"date":"2024-07-12T13:03:28","date_gmt":"2024-07-12T11:03:28","guid":{"rendered":"https:\/\/www.upo.es\/diario\/?p=30883147"},"modified":"2024-07-12T13:03:28","modified_gmt":"2024-07-12T11:03:28","slug":"experto-cultural-destaca-la-amplia-demanda-social-en-el-sector-de-las-artes-escenicas","status":"publish","type":"post","link":"https:\/\/www.upo.es\/diario\/cursos-verano\/2024\/07\/experto-cultural-destaca-la-amplia-demanda-social-en-el-sector-de-las-artes-escenicas\/","title":{"rendered":"Experto cultural destaca la \u00abamplia demanda social\u00bb en el sector de las artes esc\u00e9nicas"},"content":{"rendered":"<figure id=\"attachment_30883151\" aria-describedby=\"caption-attachment-30883151\" style=\"width: 750px\" class=\"wp-caption aligncenter\"><a href=\"https:\/\/www.upo.es\/diario\/wp-content\/uploads\/2024\/07\/Salvador-Garcia.jpg\"><img loading=\"lazy\" decoding=\"async\" class=\"size-large wp-image-30883151\" src=\"https:\/\/www.upo.es\/diario\/wp-content\/uploads\/2024\/07\/Salvador-Garcia-750x500.jpg\" alt=\"\" width=\"750\" height=\"500\" srcset=\"https:\/\/www.upo.es\/diario\/wp-content\/uploads\/2024\/07\/Salvador-Garcia-750x500.jpg 750w, https:\/\/www.upo.es\/diario\/wp-content\/uploads\/2024\/07\/Salvador-Garcia-420x280.jpg 420w, https:\/\/www.upo.es\/diario\/wp-content\/uploads\/2024\/07\/Salvador-Garcia-768x512.jpg 768w, https:\/\/www.upo.es\/diario\/wp-content\/uploads\/2024\/07\/Salvador-Garcia-1536x1023.jpg 1536w, https:\/\/www.upo.es\/diario\/wp-content\/uploads\/2024\/07\/Salvador-Garcia-165x109.jpg 165w, https:\/\/www.upo.es\/diario\/wp-content\/uploads\/2024\/07\/Salvador-Garcia-1320x879.jpg 1320w, https:\/\/www.upo.es\/diario\/wp-content\/uploads\/2024\/07\/Salvador-Garcia.jpg 1600w\" sizes=\"auto, (max-width: 750px) 100vw, 750px\" \/><\/a><figcaption id=\"caption-attachment-30883151\" class=\"wp-caption-text\">Salvador Garc\u00eda.<\/figcaption><\/figure>\n<p>El director de industrias culturales de la Agencia Andaluza de Instituciones Culturales, <strong>Salvador Garc\u00eda<\/strong>, ha asegurado que existe una \u00abgran demanda del sector de las artes esc\u00e9nicas\u00bb y que el p\u00fablico \u00abresponde muy bien\u00bb a las propuestas que se llevan a cabo en este \u00e1mbito. \u00abNo solo consiste en el teatro, sino que tambi\u00e9n comprende conciertos, danza e incluso el flamenco, por lo que hay un amplio reclamo social\u00bb, ha afirmado.<\/p>\n<p>As\u00ed lo ha manifestado este jueves en una entrevista concedida a Europa Press con motivo de su participaci\u00f3n en el curso de verano<strong> &#8216;La magia tras el tel\u00f3n. Secretos y estrategias para una producci\u00f3n esc\u00e9nica exitosa&#8217;<\/strong>, dirigido por Francisco Miguel L\u00f3pez Hidalgo, tambi\u00e9n de la Agencia Andaluza de Instituciones Culturales, que ha finalizado este jueves en la sede de la Universidad Pablo de Olavide (UPO) en Carmona (Sevilla).<\/p>\n<p>Dicho seminario se ha enfocado en las diversas tareas que debe coordinar la persona responsable de la producci\u00f3n para asegurar que el espect\u00e1culo llegue al p\u00fablico en las \u00abmejores condiciones y cumpla con las expectativas m\u00ednimas de distribuci\u00f3n y exhibici\u00f3n\u00bb, ya que, en muchas ocasiones, los proyectos esc\u00e9nicos carecen de una \u00abmetodolog\u00eda eficaz\u00bb para gestionar las fases de planificaci\u00f3n, producci\u00f3n ejecutiva y distribuci\u00f3n y tienen que enfrentar dificultades en el estreno de sus espect\u00e1culos por problemas de rentabilidad art\u00edstica, econ\u00f3mica y profesional.<\/p>\n<p>Ha asegurado que existen \u00abmuchas maneras de buscar financiaci\u00f3n\u00bb, como por medio de estas subvenciones p\u00fablicas. Ha detallado que, una vez se tenga terminado el proyecto de producci\u00f3n del espect\u00e1culo, se traslada a una hoja presupuestaria y luego se presenta a las diferentes convocatorias que hayan salido, dentro del plazo de cada una de ellas. Adem\u00e1s, ha a\u00f1adido que estos procesos suelen ser \u00abmuy complejos\u00bb y por lo que ha recomendado vender el espect\u00e1culo \u00abantes de que se estrene, desde el mismos d\u00eda que la compa\u00f1\u00eda o productora tenga claro el espect\u00e1culo que van a representar\u00bb.<\/p>\n<p>\u00abDesde nuestra Agencia hay una orden anual de ayudas, que se puede consultar en nuestra p\u00e1gina web, donde vienen detallados todos los requisitos que se necesitan para poder presentar el proyecto en esa convocatoria\u00bb, ha informado, y ha se\u00f1alado que \u00abla mayor\u00eda de administraciones p\u00fablicas ofertan subvenciones para ayudar en la producci\u00f3n de proyectos esc\u00e9nicos\u00bb .<\/p>\n<p>Salvador Garc\u00eda ha explicado que un proyecto esc\u00e9nico se trata de \u00abplasmar la idea del creador en un escenario\u00bb mediante un proceso que \u00abtransforma esa idea en una realidad\u00bb. Para \u00e9l, lo m\u00e1s importante es la idea inicial, junto con la planificaci\u00f3n, que engloba organizar todos los recursos que ser\u00e1n necesarios tanto para antes del estreno como para despu\u00e9s &#8211;c\u00f3mo, cu\u00e1ndo y d\u00f3nde se va montar y estrenar el espect\u00e1culo&#8211;, y la viabilidad del proyecto. Para esto es necesario \u00abconocer las herramientas necesarias para que los proyectos se puedan llevar a cabo\u00bb, ha se\u00f1alado.<\/p>\n<p>Para terminar, ha explicado que la Agencia Andaluza de Instituciones Culturales es un ente instrumental de la Consejer\u00eda de Turismo, Cultura, y Deporte y que se encarga de poner en funcionamiento las pol\u00edticas culturales que decide la Consejer\u00eda\u00bb. Ha destacado algunas de las iniciativas que este organismo desarrolla, aparte de las ayudas p\u00fablicas ya mencionadas, como \u00abcolaborar con festivales de artes esc\u00e9nicas, teatros y realizar acciones formativas en esta materia\u00bb, aunque ha matizado que la oferta es \u00abmucho m\u00e1s amplia\u00bb, ha concluido.<\/p>\n<p>Fuente: Europa Press<\/p>\n","protected":false},"excerpt":{"rendered":"<p>El director de industrias culturales de la Agencia Andaluza de Instituciones Culturales, Salvador Garc\u00eda, ha asegurado que existe una \u00abgran demanda del sector de las artes esc\u00e9nicas\u00bb y que el p\u00fablico \u00abresponde muy bien\u00bb a las propuestas que se llevan a cabo en este \u00e1mbito. \u00abNo solo consiste en el teatro, sino que tambi\u00e9n comprende conciertos, danza e incluso el flamenco, por lo que hay un amplio reclamo social\u00bb, ha afirmado.<\/p>\n","protected":false},"author":2,"featured_media":30883151,"comment_status":"closed","ping_status":"open","sticky":false,"template":"","format":"standard","meta":{"_monsterinsights_skip_tracking":false,"_monsterinsights_sitenote_active":false,"_monsterinsights_sitenote_note":"","_monsterinsights_sitenote_category":0,"footnotes":""},"categories":[729],"tags":[2523,23,22],"class_list":["post-30883147","post","type-post","status-publish","format-standard","has-post-thumbnail","hentry","category-cursos-verano","tag-artes-escenicas","tag-carmona","tag-cursos-de-verano"],"_links":{"self":[{"href":"https:\/\/www.upo.es\/diario\/wp-json\/wp\/v2\/posts\/30883147","targetHints":{"allow":["GET"]}}],"collection":[{"href":"https:\/\/www.upo.es\/diario\/wp-json\/wp\/v2\/posts"}],"about":[{"href":"https:\/\/www.upo.es\/diario\/wp-json\/wp\/v2\/types\/post"}],"author":[{"embeddable":true,"href":"https:\/\/www.upo.es\/diario\/wp-json\/wp\/v2\/users\/2"}],"replies":[{"embeddable":true,"href":"https:\/\/www.upo.es\/diario\/wp-json\/wp\/v2\/comments?post=30883147"}],"version-history":[{"count":1,"href":"https:\/\/www.upo.es\/diario\/wp-json\/wp\/v2\/posts\/30883147\/revisions"}],"predecessor-version":[{"id":30883152,"href":"https:\/\/www.upo.es\/diario\/wp-json\/wp\/v2\/posts\/30883147\/revisions\/30883152"}],"wp:featuredmedia":[{"embeddable":true,"href":"https:\/\/www.upo.es\/diario\/wp-json\/wp\/v2\/media\/30883151"}],"wp:attachment":[{"href":"https:\/\/www.upo.es\/diario\/wp-json\/wp\/v2\/media?parent=30883147"}],"wp:term":[{"taxonomy":"category","embeddable":true,"href":"https:\/\/www.upo.es\/diario\/wp-json\/wp\/v2\/categories?post=30883147"},{"taxonomy":"post_tag","embeddable":true,"href":"https:\/\/www.upo.es\/diario\/wp-json\/wp\/v2\/tags?post=30883147"}],"curies":[{"name":"wp","href":"https:\/\/api.w.org\/{rel}","templated":true}]}}