{"id":30883222,"date":"2024-07-17T08:34:31","date_gmt":"2024-07-17T06:34:31","guid":{"rendered":"https:\/\/www.upo.es\/diario\/?p=30883222"},"modified":"2024-11-13T22:00:50","modified_gmt":"2024-11-13T21:00:50","slug":"declaracion-institucional-de-la-i-cumbre-de-rectores-y-rectora-de-universidades-publicas-canarias-y-andaluzas","status":"publish","type":"post","link":"https:\/\/www.upo.es\/diario\/institucional\/2024\/07\/declaracion-institucional-de-la-i-cumbre-de-rectores-y-rectora-de-universidades-publicas-canarias-y-andaluzas\/","title":{"rendered":"Declaraci\u00f3n institucional de la I Cumbre de rectores y rectora de universidades p\u00fablicas canarias y andaluzas"},"content":{"rendered":"<p><img loading=\"lazy\" decoding=\"async\" class=\"aligncenter size-large wp-image-30883224\" src=\"https:\/\/www.upo.es\/diario\/wp-content\/uploads\/2024\/07\/univ-publicas-canarias-andaluzas-750x222.png\" alt=\"logos de las universidades canarias y andaluzas\" width=\"750\" height=\"222\" srcset=\"https:\/\/www.upo.es\/diario\/wp-content\/uploads\/2024\/07\/univ-publicas-canarias-andaluzas-750x222.png 750w, https:\/\/www.upo.es\/diario\/wp-content\/uploads\/2024\/07\/univ-publicas-canarias-andaluzas-420x124.png 420w, https:\/\/www.upo.es\/diario\/wp-content\/uploads\/2024\/07\/univ-publicas-canarias-andaluzas-768x227.png 768w, https:\/\/www.upo.es\/diario\/wp-content\/uploads\/2024\/07\/univ-publicas-canarias-andaluzas-1536x455.png 1536w, https:\/\/www.upo.es\/diario\/wp-content\/uploads\/2024\/07\/univ-publicas-canarias-andaluzas-2048x607.png 2048w, https:\/\/www.upo.es\/diario\/wp-content\/uploads\/2024\/07\/univ-publicas-canarias-andaluzas-1320x391.png 1320w\" sizes=\"auto, (max-width: 750px) 100vw, 750px\" \/>Los rectores y rectora de las universidades p\u00fablicas canarias y andaluzas, reunidos en la I Cumbre interuniversitaria de ambas comunidades aut\u00f3nomas, celebrada en San Crist\u00f3bal de La Laguna el 16 de julio de 2024, queremos hacer constar nuestro firme compromiso para fortalecer la cooperaci\u00f3n estrat\u00e9gica entre las instituciones a las que representamos.<\/p>\n<p>Son muchos los puntos que nos unen. Entre otros aspectos, nuestras universidades encabezan la contribuci\u00f3n al PIB regional de todo el sistema universitario espa\u00f1ol. Adem\u00e1s, compartimos una situaci\u00f3n geoestrat\u00e9gica \u00fanica como nodo del sur de Espa\u00f1a y Europa, y puente geogr\u00e1fico, hist\u00f3rico y cultural con Iberoam\u00e9rica y \u00c1frica. De igual forma, nuestras instituciones tambi\u00e9n deben hacer frente a retos comunes, como la empleabilidad de nuestro estudiantado, la reducci\u00f3n de las desigualdades socioecon\u00f3micas, los procesos migratorios y, entre otros muchos, el cambio clim\u00e1tico.<\/p>\n<p>Por todo ello, las universidades firmantes expresamos nuestra voluntad de convergencia en pol\u00edticas universitarias exitosas que nos permitan seguir progresando en la cobertura de las importantes misiones encomendadas al sistema universitario p\u00fablico. Y, para ello, acordamos lo siguiente:<\/p>\n<ol>\n<li style=\"list-style-type: none;\">\n<ol>\n<li style=\"list-style-type: none;\">\n<ol>\n<li><strong>Reafirmamos la necesidad de proteger la autonom\u00eda universitaria emanada de la Constituci\u00f3n Espa\u00f1ola, para lo que se hace indispensable garantizar la suficiencia financiera de las universidades p\u00fablicas.<\/strong> En este sentido:\n<ol>\n<li>Emplazamos a las administraciones a que cuanto antes se alcance el 1% del PIB de inversi\u00f3n p\u00fablica en educaci\u00f3n superior, tal y como establece la LOSU.<\/li>\n<li>Exigimos que se profundice en el desarrollo de modelos de financiaci\u00f3n estables, objetivos y suficientemente dotados. Esos mecanismos de financiaci\u00f3n habr\u00e1n de contar con una aportaci\u00f3n basal que garantice, en t\u00e9rminos reales, los recursos necesarios en los cap\u00edtulos 1 y 2 para cubrir las actuales necesidades, incorporando todas las actualizaciones correspondientes de los incrementos retributivos, as\u00ed como los relativos al coste de los servicios b\u00e1sicos. Complementariamente a esta aportaci\u00f3n basal, deber\u00e1 implementarse una estructura de financiaci\u00f3n que atienda al cumplimiento de objetivos.<\/li>\n<li>Deben plantearse planes plurianuales de infraestructuras, que permitan garantizar el funcionamiento de nuestras universidades con unas adecuadas condiciones de calidad y sostenibilidad.<\/li>\n<li>Adem\u00e1s, demandamos una mayor agilidad y accesibilidad a los fondos europeos por parte de las universidades p\u00fablicas.<\/li>\n<\/ol>\n<\/li>\n<li><strong>Las universidades p\u00fablicas garantizamos, ante todo, el respeto al m\u00e9rito, la igualdad de oportunidades y la accesibilidad de toda la ciudadan\u00eda a la educaci\u00f3n superior.<\/strong> En este sentido, contemplamos con preocupaci\u00f3n la irrupci\u00f3n desmedida de universidades privadas de dudosa calidad, y por ello proponemos:\n<ol>\n<li>Que estas universidades y sus respectivos t\u00edtulos cumplan con los mismos est\u00e1ndares de calidad que se exige por ley a las universidades p\u00fablicas.<\/li>\n<li>Que dichas entidades est\u00e9n supeditadas a una estrategia universitaria auton\u00f3mica en relaci\u00f3n a su implantaci\u00f3n, crecimiento, duplicidad de titulaciones, equilibrio territorial, etc.<\/li>\n<li>Que se endurezcan las exigencias actuales respecto a investigaci\u00f3n, transferencia e innovaci\u00f3n, para equiparar a las universidades privadas, con una actividad casi testimonial en esta materia, con las p\u00fablicas. En este sentido, conviene recordar que el 94% de las tesis doctorales producidas en el sistema universitario espa\u00f1ol se defienden en las universidades p\u00fablicas.<\/li>\n<\/ol>\n<\/li>\n<li>Finalmente, nos proponemos <strong>fortalecer la cooperaci\u00f3n interuniversitaria Andaluc\u00eda-Canarias<\/strong>, potenciando para ello la investigaci\u00f3n conjunta en todas las l\u00edneas relativas a \u00c1frica, migraciones, cambio clim\u00e1tico e inclusi\u00f3n; e identificando nuevos puntos de trabajo conjunto, dentro del marco de la\u00a0 Asociaci\u00f3n Universitaria Iberoamericana de Postgrado, en relaci\u00f3n al postgrado y la investigaci\u00f3n con Universidades de Am\u00e9rica Latina.<\/li>\n<\/ol>\n<p>Por \u00faltimo, los rectores y rectora de las universidades p\u00fablicas canarias y andaluzas nos emplazamos a una segunda cumbre, que tendr\u00e1 lugar en la primavera de 2025 en la Universidad de Sevilla.<\/p>\n<p>Firmantes:<\/p>\n<p>Jos\u00e9 Joaqu\u00edn C\u00e9spedes Lorente, Rector de la Universidad de Almer\u00eda<\/p>\n<p>Casimiro Mantell Serrano, Rector de la Universidad de C\u00e1diz<\/p>\n<p>Manuel Torralbo Rodr\u00edguez, Rector de la Universidad de C\u00f3rdoba<\/p>\n<p>Pedro Mercado Pacheco, Rector de la Universidad de Granada<\/p>\n<p>M\u00aa Antonia Pe\u00f1a Guerrero, Rectora de la Universidad de Huelva<\/p>\n<p>Francisco Javier Garc\u00eda Rodr\u00edguez, Rector de la Universidad de La Laguna<\/p>\n<p>Llu\u00eds Serra Majem, Rector Universidad de Las Palmas de Gran Canaria<\/p>\n<p>Jos\u00e9 Ignacio Garc\u00eda P\u00e9rez, Rector de la Universidad Internacional de Andaluc\u00eda<\/p>\n<p>Nicol\u00e1s Ruiz Reyes, Rector de la Universidad de Ja\u00e9n<\/p>\n<p>Juan Teodomiro L\u00f3pez Navarrete, Rector Universidad de M\u00e1laga<\/p>\n<p>Francisco Oliva Bl\u00e1zquez, Rector de la Universidad Pablo de Olavide y presidente de AUPA<\/p>\n<p>Miguel \u00c1ngel Castro Arroyo, Rector de la Universidad de Sevilla<\/p>\n<p>&nbsp;<\/li>\n<\/ol>\n<\/li>\n<\/ol>\n","protected":false},"excerpt":{"rendered":"<p>Los rectores y rectora de las universidades p\u00fablicas canarias y andaluzas, reunidos en la I Cumbre interuniversitaria de ambas comunidades aut\u00f3nomas, celebrada en San Crist\u00f3bal de La Laguna el 16 de julio de 2024, queremos hacer constar nuestro firme compromiso para fortalecer la cooperaci\u00f3n estrat\u00e9gica entre las instituciones a las que representamos.<\/p>\n","protected":false},"author":6,"featured_media":30883224,"comment_status":"closed","ping_status":"open","sticky":false,"template":"","format":"standard","meta":{"_monsterinsights_skip_tracking":false,"_monsterinsights_sitenote_active":false,"_monsterinsights_sitenote_note":"","_monsterinsights_sitenote_category":0,"footnotes":""},"categories":[6],"tags":[2842,8571,2514,5488],"class_list":["post-30883222","post","type-post","status-publish","format-standard","has-post-thumbnail","hentry","category-institucional","tag-aupa","tag-islas-canarias","tag-universidades-publicas","tag-universidades-publicas-andaluzas"],"_links":{"self":[{"href":"https:\/\/www.upo.es\/diario\/wp-json\/wp\/v2\/posts\/30883222","targetHints":{"allow":["GET"]}}],"collection":[{"href":"https:\/\/www.upo.es\/diario\/wp-json\/wp\/v2\/posts"}],"about":[{"href":"https:\/\/www.upo.es\/diario\/wp-json\/wp\/v2\/types\/post"}],"author":[{"embeddable":true,"href":"https:\/\/www.upo.es\/diario\/wp-json\/wp\/v2\/users\/6"}],"replies":[{"embeddable":true,"href":"https:\/\/www.upo.es\/diario\/wp-json\/wp\/v2\/comments?post=30883222"}],"version-history":[{"count":6,"href":"https:\/\/www.upo.es\/diario\/wp-json\/wp\/v2\/posts\/30883222\/revisions"}],"predecessor-version":[{"id":30883229,"href":"https:\/\/www.upo.es\/diario\/wp-json\/wp\/v2\/posts\/30883222\/revisions\/30883229"}],"wp:featuredmedia":[{"embeddable":true,"href":"https:\/\/www.upo.es\/diario\/wp-json\/wp\/v2\/media\/30883224"}],"wp:attachment":[{"href":"https:\/\/www.upo.es\/diario\/wp-json\/wp\/v2\/media?parent=30883222"}],"wp:term":[{"taxonomy":"category","embeddable":true,"href":"https:\/\/www.upo.es\/diario\/wp-json\/wp\/v2\/categories?post=30883222"},{"taxonomy":"post_tag","embeddable":true,"href":"https:\/\/www.upo.es\/diario\/wp-json\/wp\/v2\/tags?post=30883222"}],"curies":[{"name":"wp","href":"https:\/\/api.w.org\/{rel}","templated":true}]}}