{"id":30883231,"date":"2024-07-18T11:30:12","date_gmt":"2024-07-18T09:30:12","guid":{"rendered":"https:\/\/www.upo.es\/diario\/?p=30883231"},"modified":"2024-07-18T11:30:12","modified_gmt":"2024-07-18T09:30:12","slug":"una-de-cada-cuatro-personas-tendra-algun-problema-de-salud-mental-a-lo-largo-de-su-vida","status":"publish","type":"post","link":"https:\/\/www.upo.es\/diario\/cursos-verano\/2024\/07\/una-de-cada-cuatro-personas-tendra-algun-problema-de-salud-mental-a-lo-largo-de-su-vida\/","title":{"rendered":"Una de cada cuatro personas tendr\u00e1 alg\u00fan problema de salud mental a lo largo de su vida"},"content":{"rendered":"<figure id=\"attachment_30883232\" aria-describedby=\"caption-attachment-30883232\" style=\"width: 750px\" class=\"wp-caption aligncenter\"><a href=\"https:\/\/www.upo.es\/diario\/wp-content\/uploads\/2024\/07\/Diego-Munguia.jpg\"><img loading=\"lazy\" decoding=\"async\" class=\"size-large wp-image-30883232\" src=\"https:\/\/www.upo.es\/diario\/wp-content\/uploads\/2024\/07\/Diego-Munguia-750x486.jpg\" alt=\"Diego Mungu\u00eda\" width=\"750\" height=\"486\" srcset=\"https:\/\/www.upo.es\/diario\/wp-content\/uploads\/2024\/07\/Diego-Munguia-750x486.jpg 750w, https:\/\/www.upo.es\/diario\/wp-content\/uploads\/2024\/07\/Diego-Munguia-420x272.jpg 420w, https:\/\/www.upo.es\/diario\/wp-content\/uploads\/2024\/07\/Diego-Munguia-768x498.jpg 768w, https:\/\/www.upo.es\/diario\/wp-content\/uploads\/2024\/07\/Diego-Munguia-665x430.jpg 665w, https:\/\/www.upo.es\/diario\/wp-content\/uploads\/2024\/07\/Diego-Munguia.jpg 1230w\" sizes=\"auto, (max-width: 750px) 100vw, 750px\" \/><\/a><figcaption id=\"caption-attachment-30883232\" class=\"wp-caption-text\">Diego Mungu\u00eda en la sede de la UPO en Carmona<\/figcaption><\/figure>\n<p><strong>Seg\u00fan la Organizaci\u00f3n Mundial de la Salud (OMS), el 9% de la poblaci\u00f3n tiene alg\u00fan tipo de problema de salud mental y el 25% -una de cada cuatro personas- lo tendr\u00e1 a lo largo de su vida<\/strong>. Son datos aportados por el catedr\u00e1tico de la UPO <strong>Diego Mungu\u00eda<\/strong>, quien ha a\u00f1adido que<strong> los trastornos mentales graves (TMG) afectan a en torno al 3% de la poblaci\u00f3n adulta espa\u00f1ola<\/strong>, donde el 29% de la poblaci\u00f3n padece alg\u00fan trastorno mental, el 10% de los mayores de 75 a\u00f1os declara padecer un cuadro depresivo, el 6,7% de la poblaci\u00f3n est\u00e1 afectada por ansiedad y depresi\u00f3n y el 48,9% de los j\u00f3venes de entre 15 y 29 a\u00f1os considera que ha tenido alg\u00fan problema de salud mental.<\/p>\n<p>Mungu\u00eda ha hecho estas manifestaciones en la sede de la Olavide en Carmona, donde codirige el c<strong>urso de verano \u2018Mejorando la salud de personas con trastorno mental grave: estrategias pr\u00e1cticas para el cuidado integral\u2019<\/strong>, que se imparte entre hoy y ma\u00f1ana bajo la direcci\u00f3n tambi\u00e9n de los profesores Javier Bueno y \u00c1lvaro L\u00f3pez con el objetivo de capacitar a los cuidadores de personas con trastornos mentales proporcionando herramientas pr\u00e1cticas respaldadas por la evidencia cient\u00edfica para la mejora de su pr\u00e1ctica diaria.<\/p>\n<p>Entre los TMG, Diego Mungu\u00eda ha se\u00f1alado <strong>la esquizofrenia y otros trastornos psic\u00f3ticos, el trastorno bipolar, los trastornos depresivos severos, los trastornos de la personalidad graves y el trastorno obsesivo-compulsivo (TOC)<\/strong> y, aunque no existe un perfil \u00fanico de enfermo, hay factores de riesgo comunes, entre los que ha citado los antecedentes familiares, las experiencias traum\u00e1ticas, el consumo de sustancias y el estr\u00e9s cr\u00f3nico.<\/p>\n<p><strong>La invisibilizaci\u00f3n y la estigmatizaci\u00f3n son los problemas m\u00e1s preocupantes que han de enfrentar las personas con TMG, ya que sufren discriminaci\u00f3n en muchos aspectos de la vida<\/strong>, como a la hora de acceder al mercado de trabajo, el acceso a los servicios y en sus relaciones sociales, por el aislamiento y el rechazo social. As\u00ed, es muy com\u00fan que tengan dificultades para mantener amistades y relaciones familiares, problemas para llevar una vida aut\u00f3noma y una mala salud f\u00edsica que deriva en otros problemas de salud como obesidad, enfermedades cardiovasculares y diabetes, debido a los bajos niveles de actividad f\u00edsica y a los efectos secundarios de la medicaci\u00f3n. En cuanto a los cuidadores, soportan una carga f\u00edsica y emocional que suele traducirse en problemas de estr\u00e9s y ansiedad, sin contar con el impacto econ\u00f3mico de posibles gastos adicionales en atenci\u00f3n y tratamientos.<\/p>\n<p><strong>La sanidad p\u00fablica andaluza y espa\u00f1ola enfrentan \u201cdesaf\u00edos significativos\u201d para atender adecuadamente a las personas con trastornos mentales graves<\/strong> en un contexto de \u201csaturaci\u00f3n del sistema de salud, escasez de profesionales especializados y falta de capacitaci\u00f3n espec\u00edfica en terapias complementarias, como los programas de ejercicio f\u00edsico, esenciales para la mejora integral de la salud de estos pacientes\u201d, ha lamentado Mungu\u00eda, catedr\u00e1tico del Departamento de Deporte e Inform\u00e1tica de la UPO.<\/p>\n<p>As\u00ed, aunque ha reconocido que en Espa\u00f1a existen recursos disponibles para atender a las personas con TMG y sus familias, ha asegurado que ninguno de ellos cuenta con la<strong> figura del educador f\u00edsico-deportivo \u201cpara implementar programas de ejercicio f\u00edsico que mejoren la salud de esta poblaci\u00f3n\u201d a pesar de ser un \u201cpilar esencial\u201d en el cuidado integral de los pacientes<\/strong> porque \u201cmejora significativamente los s\u00edntomas de depresi\u00f3n y ansiedad, promueve una mejor gesti\u00f3n emocional mediante la liberaci\u00f3n de endorfinas, reduce el riesgo de enfermedades cardiovasculares y obesidad y aumenta la calidad de vida\u201d, ha concluido.<\/p>\n","protected":false},"excerpt":{"rendered":"<p>Seg\u00fan la Organizaci\u00f3n Mundial de la Salud (OMS), el 9% de la poblaci\u00f3n tiene alg\u00fan tipo de problema de salud mental y el 25% -una de cada cuatro personas- lo tendr\u00e1 a lo largo de su vida. Son datos aportados por el catedr\u00e1tico de la UPO Diego Mungu\u00eda, quien ha a\u00f1adido que los trastornos mentales graves (TMG) afectan a en torno al 3% de la poblaci\u00f3n adulta espa\u00f1ola.<\/p>\n","protected":false},"author":6,"featured_media":30883232,"comment_status":"closed","ping_status":"open","sticky":false,"template":"","format":"standard","meta":{"_monsterinsights_skip_tracking":false,"_monsterinsights_sitenote_active":false,"_monsterinsights_sitenote_note":"","_monsterinsights_sitenote_category":0,"footnotes":""},"categories":[729],"tags":[666,23,22,519,218,2300],"class_list":["post-30883231","post","type-post","status-publish","format-standard","has-post-thumbnail","hentry","category-cursos-verano","tag-actividad-fisica","tag-carmona","tag-cursos-de-verano","tag-olavide-en-carmona","tag-salud","tag-salud-mental"],"_links":{"self":[{"href":"https:\/\/www.upo.es\/diario\/wp-json\/wp\/v2\/posts\/30883231","targetHints":{"allow":["GET"]}}],"collection":[{"href":"https:\/\/www.upo.es\/diario\/wp-json\/wp\/v2\/posts"}],"about":[{"href":"https:\/\/www.upo.es\/diario\/wp-json\/wp\/v2\/types\/post"}],"author":[{"embeddable":true,"href":"https:\/\/www.upo.es\/diario\/wp-json\/wp\/v2\/users\/6"}],"replies":[{"embeddable":true,"href":"https:\/\/www.upo.es\/diario\/wp-json\/wp\/v2\/comments?post=30883231"}],"version-history":[{"count":1,"href":"https:\/\/www.upo.es\/diario\/wp-json\/wp\/v2\/posts\/30883231\/revisions"}],"predecessor-version":[{"id":30883233,"href":"https:\/\/www.upo.es\/diario\/wp-json\/wp\/v2\/posts\/30883231\/revisions\/30883233"}],"wp:featuredmedia":[{"embeddable":true,"href":"https:\/\/www.upo.es\/diario\/wp-json\/wp\/v2\/media\/30883232"}],"wp:attachment":[{"href":"https:\/\/www.upo.es\/diario\/wp-json\/wp\/v2\/media?parent=30883231"}],"wp:term":[{"taxonomy":"category","embeddable":true,"href":"https:\/\/www.upo.es\/diario\/wp-json\/wp\/v2\/categories?post=30883231"},{"taxonomy":"post_tag","embeddable":true,"href":"https:\/\/www.upo.es\/diario\/wp-json\/wp\/v2\/tags?post=30883231"}],"curies":[{"name":"wp","href":"https:\/\/api.w.org\/{rel}","templated":true}]}}