{"id":30883292,"date":"2024-07-30T10:36:06","date_gmt":"2024-07-30T08:36:06","guid":{"rendered":"https:\/\/www.upo.es\/diario\/?p=30883292"},"modified":"2024-09-04T10:01:57","modified_gmt":"2024-09-04T08:01:57","slug":"un-total-de-940-estudiantes-participan-en-los-35-cursos-de-verano-de-olavide-en-carmona","status":"publish","type":"post","link":"https:\/\/www.upo.es\/diario\/cursos-verano\/2024\/07\/un-total-de-940-estudiantes-participan-en-los-35-cursos-de-verano-de-olavide-en-carmona\/","title":{"rendered":"Un total de 940 estudiantes participan en los 35 cursos de verano de Olavide en Carmona"},"content":{"rendered":"<figure id=\"attachment_30883293\" aria-describedby=\"caption-attachment-30883293\" style=\"width: 750px\" class=\"wp-caption aligncenter\"><a href=\"https:\/\/www.upo.es\/diario\/wp-content\/uploads\/2024\/07\/Alumnado_CUVE_2024.jpg\"><img loading=\"lazy\" decoding=\"async\" class=\"size-large wp-image-30883293\" src=\"https:\/\/www.upo.es\/diario\/wp-content\/uploads\/2024\/07\/Alumnado_CUVE_2024-750x500.jpg\" alt=\"Alumnado de los Cursos de Verano 'Olavide en Carmona' 2024. \" width=\"750\" height=\"500\" srcset=\"https:\/\/www.upo.es\/diario\/wp-content\/uploads\/2024\/07\/Alumnado_CUVE_2024-750x500.jpg 750w, https:\/\/www.upo.es\/diario\/wp-content\/uploads\/2024\/07\/Alumnado_CUVE_2024-420x280.jpg 420w, https:\/\/www.upo.es\/diario\/wp-content\/uploads\/2024\/07\/Alumnado_CUVE_2024-768x512.jpg 768w, https:\/\/www.upo.es\/diario\/wp-content\/uploads\/2024\/07\/Alumnado_CUVE_2024-1536x1023.jpg 1536w, https:\/\/www.upo.es\/diario\/wp-content\/uploads\/2024\/07\/Alumnado_CUVE_2024-165x109.jpg 165w, https:\/\/www.upo.es\/diario\/wp-content\/uploads\/2024\/07\/Alumnado_CUVE_2024-1320x879.jpg 1320w, https:\/\/www.upo.es\/diario\/wp-content\/uploads\/2024\/07\/Alumnado_CUVE_2024.jpg 1600w\" sizes=\"auto, (max-width: 750px) 100vw, 750px\" \/><\/a><figcaption id=\"caption-attachment-30883293\" class=\"wp-caption-text\">Alumnado de uno de los Cursos de Verano &#8216;Olavide en Carmona&#8217; 2024.<\/figcaption><\/figure>\n<p>La vig\u00e9simo segunda edici\u00f3n de los cursos de verano de la Universidad Pablo de Olavide en Carmona, organizados con la colaboraci\u00f3n del Ayuntamiento de esta ciudad, ha finalizado con la participaci\u00f3n de un total de 940 estudiantes -71 estudiantes m\u00e1s que en 2023- en los 35 cursos de verano celebrados desde el pasado 17 de junio en la Casa Palacio de los Briones, sede Olavide en Carmona \u2013 Rectora Rosario Valpuesta.<\/p>\n<p>En relaci\u00f3n con los datos de los estudiantes presenciales y online, los primeros han sido un total de 568, mientras que los segundos han sumado la cifra de 372. Por porcentajes, <strong>el 60,43% de los estudiantes de<\/strong> los cursos de verano han participado en <strong>modalidad presencial<\/strong>, mientras que el <strong>39,57% los han cursado de forma online. <\/strong>Es importante subrayar que la asistencia de estudiantes que han elegido participar de manera presencial ha destacado sobre la online.<\/p>\n<p><a href=\"https:\/\/www.upo.es\/diario\/wp-content\/uploads\/2024\/07\/Alumnos_CUVE_2024.jpg\"><img loading=\"lazy\" decoding=\"async\" class=\"alignright size-medium wp-image-30883294\" src=\"https:\/\/www.upo.es\/diario\/wp-content\/uploads\/2024\/07\/Alumnos_CUVE_2024-420x280.jpg\" alt=\"\" width=\"420\" height=\"280\" srcset=\"https:\/\/www.upo.es\/diario\/wp-content\/uploads\/2024\/07\/Alumnos_CUVE_2024-420x280.jpg 420w, https:\/\/www.upo.es\/diario\/wp-content\/uploads\/2024\/07\/Alumnos_CUVE_2024-750x500.jpg 750w, https:\/\/www.upo.es\/diario\/wp-content\/uploads\/2024\/07\/Alumnos_CUVE_2024-768x512.jpg 768w, https:\/\/www.upo.es\/diario\/wp-content\/uploads\/2024\/07\/Alumnos_CUVE_2024-1536x1023.jpg 1536w, https:\/\/www.upo.es\/diario\/wp-content\/uploads\/2024\/07\/Alumnos_CUVE_2024-165x109.jpg 165w, https:\/\/www.upo.es\/diario\/wp-content\/uploads\/2024\/07\/Alumnos_CUVE_2024-1320x879.jpg 1320w, https:\/\/www.upo.es\/diario\/wp-content\/uploads\/2024\/07\/Alumnos_CUVE_2024.jpg 1600w\" sizes=\"auto, (max-width: 420px) 100vw, 420px\" \/><\/a>Estos datos nos siguen confirmando el \u00e9xito de conjugar la oferta de formaci\u00f3n dual, presencial\/online, lo que ha facilitado y permitido el acceso a los estudiantes a la formaci\u00f3n, independientemente de sus circunstancias laborales, personales o de lugar de residencia.<\/p>\n<p>De los 35 cursos celebrados, el 56,81% han sido dirigidos por profesorado y miembros de la comunidad universitaria-UPO, mientras que el 43,19% por personas que no mantienen ning\u00fan tipo de v\u00ednculo con la instituci\u00f3n universitaria y que provienen de otros \u00e1mbitos del mundo acad\u00e9mico, t\u00e9cnico, empresarial o profesional. En el programa formativo han participado 311 docentes.<\/p>\n<p>Adem\u00e1s, a trav\u00e9s de los acuerdos establecidos con instituciones, entidades y empresas colaboradoras,<strong> 82 estudiantes del programa 2024 han obtenido beca de matr\u00edcula gratuita, mientras que 272 estudiantes se han beneficiado de ayudas de apoyo al estudio, <\/strong>obteniendo un precio de matr\u00edcula reducido las personas desempleadas y los integrantes de familia numerosa, adem\u00e1s de los miembros de la comunidad universitaria de la Universidad Pablo de Olavide, del Centro Adscrito San Isidoro, personal de la Fundaci\u00f3n Universidad Pablo de Olavide, integrantes del Aula Abierta de Mayores y los vecinos de la localidad de Carmona.<\/p>\n<p>Como datos importantes, recordar que en estas 22 ediciones \u2013 la de 2020 no se lleg\u00f3 a celebrar pues tuvo que ser cancelada in extremis por la irrupci\u00f3n de la pandemia \u2013 se han celebrado un total de <strong>644<\/strong> <strong>cursos<\/strong>, en los que han intervenido <strong>7514 especialistas<\/strong>, conferenciantes y ponentes, y han pasado por las aulas de la sede <strong>19386 estudiantes. <\/strong>Respecto al perfil del alumnado, en los \u00faltimos a\u00f1os, predominan los profesionales y trabajadores que necesitan actualizar sus conocimientos para reciclarse en sus puestos de trabajo o acceder a una formaci\u00f3n y aprendizaje de calidad.<\/p>\n<h3><strong>Ponentes<\/strong><\/h3>\n<p>Con respecto a los ponentes, hay que destacar la presencia en los Cursos de Verano de <strong>Pablo Bustinduy<\/strong>, ministro de Derechos Sociales, Consumo y Agenda 2030 y <strong>Javier Padilla Bern\u00e1ldez,<\/strong> secretario de Estado de Sanidad. Estuvieron tambi\u00e9n presentes en el programa de la 22\u00ba edici\u00f3n, <strong>Juan Manuel Moreno Bonilla<\/strong>, presidente de la Junta de Andaluc\u00eda y <strong>Jes\u00fas Aguirre Mu\u00f1oz<\/strong>, presidente del Parlamento Andaluz.<\/p>\n<p>Contamos, adem\u00e1s, con la participaci\u00f3n de varios consejeros del Gobierno andaluz, como <strong>Antonio Sanz Cabello<\/strong>, consejero de la Presidencia, Interior, Di\u00e1logo Social y Simplificaci\u00f3n Administrativa; <strong>Roc\u00edo Blanco Eguren<\/strong>, consejera de Empleo, Empresa y Trabajo Aut\u00f3nomo; <strong>Patricia del Pozo Fern\u00e1ndez<\/strong>, consejera de Desarrollo Formativo y FP; <strong>Jos\u00e9 Carlos G\u00f3mez Villamandos<\/strong>, consejero de Universidad, Investigaci\u00f3n e Innovaci\u00f3n D\u00edaz,\u00a0 <strong>Jos\u00e9 Antonio Nieto Ballesteros<\/strong>, consejero de Justicia, Administraci\u00f3n Local y Funci\u00f3n P\u00fablica y <strong>Jorge Paradela Guti\u00e9rrez<\/strong>, consejero de Industria, Energ\u00eda y Minas, entre otros.<\/p>\n<p>Del \u00e1mbito sindical, pasaron por las aulas de Carmona <strong>Nuria L\u00f3pez Mar\u00edn<\/strong>, secretaria general de CCOO Andaluc\u00eda y <strong>Carlos Aristu<\/strong>, secretario general de CCOO de Sevilla. <strong>Javier Gonz\u00e1lez de Lara<\/strong>, presidente de la Confederaci\u00f3n de Empresarios de Andaluc\u00eda (CEA) y <strong>Lorenzo Amor Acedo<\/strong>, presidente de la Asociaci\u00f3n de Trabajadores Aut\u00f3nomos (ATA) tambi\u00e9n han formado parte de nuestros cursos.<\/p>\n<p>Participaron, adem\u00e1s, periodistas como <strong>Anabel D\u00edaz<\/strong>, de <em>El Pa\u00eds<\/em> y presidenta de la Asociaci\u00f3n de Periodistas Parlamentarios; <strong>Cristina Olea<\/strong>, corresponsal de TVE en Washington; <strong>Luis de Vega<\/strong>, periodista de <em>El Pa\u00eds<\/em> especializado en zonas de conflicto; <strong>Mavi Do\u00f1ate<\/strong>, corresponsal de TVE en Par\u00eds; <strong>David Fern\u00e1ndez Mej\u00edas<\/strong>, director de <em>Diario de Sevilla<\/em>; <strong>Alberto Garc\u00eda Reyes<\/strong>, director de <em>ABC Sevilla<\/em>; <strong>Juan de Dios Mellado<\/strong>, director general de Canal Sur;\u00a0 <strong>Isabel Morillo<\/strong>, directora de <em>El Correo de Andaluc\u00eda<\/em>, y los periodistas y escritores <strong>Mercedes de Pablos<\/strong> y <strong>Juan Jos\u00e9 T\u00e9llez.<\/strong><\/p>\n<p>Tambi\u00e9n se ha contado con la participaci\u00f3n de las escritoras <strong>Eva D\u00edaz P\u00e9rez<\/strong>, <strong>\u00c1ngeles Caso<\/strong>, <strong>Nerea Riesco<\/strong> y <strong>Aurora L\u00f3pez Gueto<\/strong>. Asimismo, han participado profesionales como <strong>Myriam Seco<\/strong>, egipt\u00f3loga responsable de las excavaciones del templo de Tutmosis III; <strong>Anna Caball\u00e9 y Encarnaci\u00f3n Lemus<\/strong>, premios nacional de Historia. La premio nacional de Sociolog\u00eda, <strong>Mar\u00eda \u00c1ngeles Dur\u00e1n<\/strong>, tambi\u00e9n ha pasado por nuestras aulas de verano, as\u00ed como la abogada <strong>Amparo Rubiales<\/strong> o el magistrado <strong>Joaquim Bosch.<\/strong><\/p>\n<p>La core\u00f3grafa y bailaora Eva Garrido, <strong>\u2018Eva Yerbabuena\u2019<\/strong>, la cantaora <strong>Roc\u00edo M\u00e1rquez<\/strong> o la soprano <strong>Juana Castillo<\/strong>, han sido parte, tambi\u00e9n, del elenco de profesionales que ha formado a nuestro alumnado en verano, as\u00ed como <strong>Roberto Quintana<\/strong>, actor de teatro, cine, televisi\u00f3n y radio.<\/p>\n<p>En los Cursos de Verano 2024 se han abordado temas como los trastornos de la conducta en el aula; la psicolog\u00eda forense; la inteligencia artificial; las mujeres y la Historia; el abordaje de la patolog\u00eda del dolor a trav\u00e9s de la fisioterapia o los vinos y aceites de la provincia de Sevilla, entre otros.<\/p>\n<p>Adem\u00e1s, por segundo a\u00f1o consecutivo, se ha vuelto a apostar por la celebraci\u00f3n de talleres (de un d\u00eda o dos de duraci\u00f3n), y cuya finalidad es que, en un tiempo de formaci\u00f3n limitado, el estudiante pueda adquirir unas habilidades pr\u00e1cticas y espec\u00edficas que pueda aplicar en su vida personal o profesional. En estos talleres, se ha formado al alumnado en diversas materias, como la desinformaci\u00f3n y la mentira; el protocolo y la organizaci\u00f3n de eventos; la protecci\u00f3n de datos de los consumidores; el sabor y textura de los vinos a trav\u00e9s de las catas o la cocina italiana.<\/p>\n<p>Los cursos han tratado, adem\u00e1s, temas de m\u00e1xima actualidad e inter\u00e9s social, como son la salud femenina; la alimentaci\u00f3n deportiva; la espeleoarqueolog\u00eda a trav\u00e9s del estudio de minas de agua romanas; la fisioterapia; el coaching t\u00e9cnico vocal de alto rendimiento y las pr\u00e1cticas arqueol\u00f3gicas en excavaciones abiertas en una ciudad como Carmona, que por su propia historia y valor patrimonial posibilita este tipo de actividad.<\/p>\n<p>Esta nueva edici\u00f3n de los Cursos de Verano de la Universidad Pablo de Olavide ha contado con la colaboraci\u00f3n de <strong>99 entidades p\u00fablicas y privadas, <\/strong>destacando especialmente la de la Diputaci\u00f3n de Sevilla y la Fundaci\u00f3n Cajasol.<\/p>\n<p>Fuente: Fundaci\u00f3n Universidad Pablo de Olavide<\/p>\n","protected":false},"excerpt":{"rendered":"<p>La vig\u00e9simo segunda edici\u00f3n de los cursos de verano de la Universidad Pablo de Olavide en Carmona, organizados con la colaboraci\u00f3n del Ayuntamiento de esta ciudad, ha finalizado con la participaci\u00f3n de un total de 940 estudiantes -71 estudiantes m\u00e1s que en 2023- en los 35 cursos de verano celebrados desde el pasado 17 de junio en la Casa Palacio de los Briones, sede Olavide en Carmona \u2013 Rectora Rosario Valpuesta.<\/p>\n","protected":false},"author":2,"featured_media":30883293,"comment_status":"closed","ping_status":"open","sticky":false,"template":"","format":"standard","meta":{"_monsterinsights_skip_tracking":false,"_monsterinsights_sitenote_active":false,"_monsterinsights_sitenote_note":"","_monsterinsights_sitenote_category":0,"footnotes":""},"categories":[729],"tags":[1754,22,519],"class_list":["post-30883292","post","type-post","status-publish","format-standard","has-post-thumbnail","hentry","category-cursos-verano","tag-balance","tag-cursos-de-verano","tag-olavide-en-carmona"],"_links":{"self":[{"href":"https:\/\/www.upo.es\/diario\/wp-json\/wp\/v2\/posts\/30883292","targetHints":{"allow":["GET"]}}],"collection":[{"href":"https:\/\/www.upo.es\/diario\/wp-json\/wp\/v2\/posts"}],"about":[{"href":"https:\/\/www.upo.es\/diario\/wp-json\/wp\/v2\/types\/post"}],"author":[{"embeddable":true,"href":"https:\/\/www.upo.es\/diario\/wp-json\/wp\/v2\/users\/2"}],"replies":[{"embeddable":true,"href":"https:\/\/www.upo.es\/diario\/wp-json\/wp\/v2\/comments?post=30883292"}],"version-history":[{"count":1,"href":"https:\/\/www.upo.es\/diario\/wp-json\/wp\/v2\/posts\/30883292\/revisions"}],"predecessor-version":[{"id":30883295,"href":"https:\/\/www.upo.es\/diario\/wp-json\/wp\/v2\/posts\/30883292\/revisions\/30883295"}],"wp:featuredmedia":[{"embeddable":true,"href":"https:\/\/www.upo.es\/diario\/wp-json\/wp\/v2\/media\/30883293"}],"wp:attachment":[{"href":"https:\/\/www.upo.es\/diario\/wp-json\/wp\/v2\/media?parent=30883292"}],"wp:term":[{"taxonomy":"category","embeddable":true,"href":"https:\/\/www.upo.es\/diario\/wp-json\/wp\/v2\/categories?post=30883292"},{"taxonomy":"post_tag","embeddable":true,"href":"https:\/\/www.upo.es\/diario\/wp-json\/wp\/v2\/tags?post=30883292"}],"curies":[{"name":"wp","href":"https:\/\/api.w.org\/{rel}","templated":true}]}}