{"id":30883296,"date":"2024-07-31T12:01:32","date_gmt":"2024-07-31T10:01:32","guid":{"rendered":"https:\/\/www.upo.es\/diario\/?p=30883296"},"modified":"2024-09-23T09:03:13","modified_gmt":"2024-09-23T07:03:13","slug":"la-upo-participa-en-la-noche-europea-de-ls-investigadors-cita-anual-con-la-ciencia-que-se-celebrara-el-viernes-27-de-septiembre","status":"publish","type":"post","link":"https:\/\/www.upo.es\/diario\/docencia-formacion\/2024\/07\/la-upo-participa-en-la-noche-europea-de-ls-investigadors-cita-anual-con-la-ciencia-que-se-celebrara-el-viernes-27-de-septiembre\/","title":{"rendered":"La UPO participa en &#8216;La Noche Europea de l@s Investigador@s\u2019, cita anual con la ciencia que se celebrar\u00e1 el viernes 27 de septiembre"},"content":{"rendered":"<p><a href=\"https:\/\/www.upo.es\/diario\/wp-content\/uploads\/2024\/07\/NOCHEI1.jpg\"><img loading=\"lazy\" decoding=\"async\" class=\"aligncenter size-large wp-image-30883299\" src=\"https:\/\/www.upo.es\/diario\/wp-content\/uploads\/2024\/07\/NOCHEI1-750x281.jpg\" alt=\"\" width=\"750\" height=\"281\" srcset=\"https:\/\/www.upo.es\/diario\/wp-content\/uploads\/2024\/07\/NOCHEI1-750x281.jpg 750w, https:\/\/www.upo.es\/diario\/wp-content\/uploads\/2024\/07\/NOCHEI1-420x158.jpg 420w, https:\/\/www.upo.es\/diario\/wp-content\/uploads\/2024\/07\/NOCHEI1-768x288.jpg 768w, https:\/\/www.upo.es\/diario\/wp-content\/uploads\/2024\/07\/NOCHEI1.jpg 946w\" sizes=\"auto, (max-width: 750px) 100vw, 750px\" \/><\/a><\/p>\n<p>&nbsp;<\/p>\n<p>La Universidad Pablo de Olavide participa por und\u00e9cimo a\u00f1o consecutivo en la organizaci\u00f3n de\u00a0<a href=\"https:\/\/lanochedelosinvestigadores.fundaciondescubre.es\/sevilla\/\">\u2018La Noche Europea de l@s Investigador@s\u2019 de Sevilla<\/a>, un\u00a0<a href=\"https:\/\/www.upo.es\/diario\/docencia-formacion\/2021\/04\/la-fundacion-descubre-obtiene-financiacion-europea-para-celebrar-en-andalucia-la-noche-europea-de-los-investigadores-en-2021\/\"><strong>evento internacional de divulgaci\u00f3n cient\u00edfica<\/strong><\/a>\u00a0que coordina la\u00a0<a href=\"https:\/\/fundaciondescubre.es\/\">Fundaci\u00f3n Descubre<\/a>\u00a0y que promueve la Comisi\u00f3n Europea. Las actividades de la UPO han sido coordinadas por la\u00a0<a href=\"https:\/\/www.upo.es\/otri\">Oficina de Transferencia de Resultados de Investigaci\u00f3n (OTRI)<\/a> del Vicerrectorado de Investigaci\u00f3n, Transferencia y Doctorado.<\/p>\n<p>As\u00ed, en la ciudad de Sevilla y<strong>\u00a0con el lema \u2018Mujeres y hombres que hacen ciencia para ti\u2019<\/strong>, el\u00a0<strong>viernes 27 de septiembre de 2024, investigadores e investigadoras<\/strong> de la Universidad Pablo de Olavide, la Universidad de Sevilla, el Consejo Superior de Investigaciones Cient\u00edficas, a trav\u00e9s de la Casa de la Ciencia, el Centro Com\u00fan de Investigaci\u00f3n (JRC) de la Comisi\u00f3n Europea, el Instituto de Patrimonio Hist\u00f3rico Andaluz (IPHA), el Instituto de Biomedicina de Sevilla (IBIS), la Universidad Loyola y el \u00e1rea de Salud del Ayuntamiento de Sevilla<strong>,<\/strong>\u00a0<strong>acercar\u00e1n su trabajo a la ciudadan\u00eda a trav\u00e9s de actividades \u2014experimentos, talleres, experiencias, rutas, representaciones teatrales, etc.\u2014 de todas las \u00e1reas de conocimiento.<\/strong> El objetivo es dar a conocer el trabajo cient\u00edfico, los beneficios que aportan a la sociedad y su repercusi\u00f3n en la vida cotidiana.<\/p>\n<p>Las actividades se desarrollar\u00e1n\u00a0<strong>en horario de 17:00 a 23:00 horas<\/strong>, en\u00a0<strong>la Casa de la Ciencia<\/strong>, as\u00ed como en el\u00a0<strong>Archivo General de Indias<\/strong> y en el <strong>Pabell\u00f3n de Uruguay<\/strong>. \u00a0Todas las actividades tienen entrada<strong>\u00a0libre hasta completar el aforo. <\/strong><\/p>\n<p><strong>Aqu\u00ed se puede descargar el<a href=\"https:\/\/www.upo.es\/cms3\/export\/sites\/otri-cms3\/otri\/cultura-cientifica\/.galleries\/DOCUMENTOS-Historico-CULTURA-CIENTIFICA\/ERN-2024_Programa_Completo_Final_Maquetado.pdf\"> programa de actividades <\/a><\/strong>que se celebrar\u00e1n y en\u00a0<a href=\"https:\/\/lanochedelosinvestigadores.fundaciondescubre.es\/sevilla\/\"><strong>la<\/strong>\u00a0<strong>web de \u2018La Noche Europea de l@s Investigador@s<\/strong><\/a>\u2019 se ofrece informaci\u00f3n ampliada de todas ellas, as\u00ed como informaci\u00f3n de los investigadores e investigadoras protagonistas.<\/p>\n<p>En la programaci\u00f3n dise\u00f1ada por la Universidad Pablo de Olavide colaboran la compa\u00f1\u00eda de teatro grecolatino de la Facultad de Humanidades, Furor Bacchicus Teatro; la Asociaci\u00f3n de Biotecn\u00f3logos de Andaluc\u00eda (AsBAn); la Asociaci\u00f3n Cultural y de Recreaci\u00f3n Hist\u00f3rica, Tercio de Olivares; y el Colegio de Abogados de Sevilla. Adem\u00e1s de la implicaci\u00f3n del personal cient\u00edfico, protagonistas del proyecto, La Noche cuenta con la colaboraci\u00f3n de estudiantes de diferentes facultades de la Universidad Pablo de Olavide.<\/p>\n<h3><strong>Promotores de la actividad<\/strong><\/h3>\n<p>La Noche Europea de los Investigadores en Andaluc\u00eda es un evento asociado a la iniciativa MSCA and Citizens de la Uni\u00f3n Europea financiada en el marco de las acciones Marie Sk\u0142odowska Curie del programa Horizonte Europa (Call: HORIZON-MSCA-2023-CITIZENS-01).<\/p>\n<p>Est\u00e1 coordinado en Andaluc\u00eda por la Fundaci\u00f3n Descubre con financiaci\u00f3n de la Consejer\u00eda de Universidad, Investigaci\u00f3n e Innovaci\u00f3n. Conforman el consorcio las Universidades de Almer\u00eda, C\u00e1diz, C\u00f3rdoba, Granada, Huelva, Ja\u00e9n, M\u00e1laga, Pablo de Olavide y Sevilla, ocho centros del Consejo Superior de Investigaciones Cient\u00edficas (CSIC), el IMGEMA-Real Jard\u00edn Bot\u00e1nico de C\u00f3rdoba y la Fundaci\u00f3n P\u00fablica Progreso y Salud a trav\u00e9s de Genyo y el Biobanco del Sistema Sanitario.<\/p>\n<p>Paralelamente, Radio Televisi\u00f3n de Andaluc\u00eda, Andaluc\u00eda TRADE, el Instituto Andaluz de Investigaci\u00f3n y Formaci\u00f3n Agraria, Pesquera, Alimentaria y de la Producci\u00f3n Ecol\u00f3gica (IFAPA) y la Universidad Loyola son socios estrat\u00e9gicos del proyecto y colaboran estrechamente en su desarrollo.<\/p>\n<p><strong>M\u00e1s informaci\u00f3n:<\/strong><\/p>\n<p><a href=\"https:\/\/lanochedelosinvestigadores.fundaciondescubre.es\/sevilla\/\">https:\/\/lanochedelosinvestigadores.fundaciondescubre.es\/sevilla\/<\/a><\/p>\n<p>Facebook:<a href=\"https:\/\/www.facebook.com\/FundacionDescubre\"> www.facebook.com\/FundacionDescubre<\/a><\/p>\n<p>Twitter:<a href=\"http:\/\/www.twitter.com\/FDescubre\"> www.twitter.com\/FDescubre<\/a> y el hashtag #NIGHTspain<\/p>\n<p>Youtube: <a href=\"http:\/\/www.youtube.com\/user\/fundaciondescubre\">www.youtube.com\/user\/fundaciondescubre<\/a><\/p>\n<p>Instagram: <a href=\"http:\/\/www.instagram.com\/fundaciondescubre\">www.instagram.com\/fundaciondescubre<\/a><\/p>\n<p>&nbsp;<\/p>\n<p>Fuente: Oficina de Transferencia de Resultados de Investigaci\u00f3n.<\/p>\n","protected":false},"excerpt":{"rendered":"<p>La Universidad Pablo de Olavide participa por und\u00e9cimo a\u00f1o consecutivo en la organizaci\u00f3n de\u00a0\u2018La Noche Europea de l@s Investigador@s\u2019 de Sevilla, un\u00a0evento internacional de divulgaci\u00f3n cient\u00edfica\u00a0que coordina la\u00a0Fundaci\u00f3n Descubre\u00a0y que promueve la Comisi\u00f3n Europea. Las actividades de la UPO han sido coordinadas por la\u00a0Oficina de Transferencia de Resultados de Investigaci\u00f3n (OTRI) del Vicerrectorado de Investigaci\u00f3n, Transferencia y Doctorado.<\/p>\n","protected":false},"author":2,"featured_media":30857597,"comment_status":"closed","ping_status":"open","sticky":false,"template":"","format":"standard","meta":{"_monsterinsights_skip_tracking":false,"_monsterinsights_sitenote_active":false,"_monsterinsights_sitenote_note":"","_monsterinsights_sitenote_category":0,"footnotes":""},"categories":[2779],"tags":[544,970,1411,7340,5528,83],"class_list":["post-30883296","post","type-post","status-publish","format-standard","has-post-thumbnail","hentry","category-docencia-formacion","tag-conferencias","tag-divulgacion","tag-fundacion-descubre","tag-jrc","tag-la-noche-europea-de-ls-investigadors","tag-otri"],"_links":{"self":[{"href":"https:\/\/www.upo.es\/diario\/wp-json\/wp\/v2\/posts\/30883296","targetHints":{"allow":["GET"]}}],"collection":[{"href":"https:\/\/www.upo.es\/diario\/wp-json\/wp\/v2\/posts"}],"about":[{"href":"https:\/\/www.upo.es\/diario\/wp-json\/wp\/v2\/types\/post"}],"author":[{"embeddable":true,"href":"https:\/\/www.upo.es\/diario\/wp-json\/wp\/v2\/users\/2"}],"replies":[{"embeddable":true,"href":"https:\/\/www.upo.es\/diario\/wp-json\/wp\/v2\/comments?post=30883296"}],"version-history":[{"count":8,"href":"https:\/\/www.upo.es\/diario\/wp-json\/wp\/v2\/posts\/30883296\/revisions"}],"predecessor-version":[{"id":30883492,"href":"https:\/\/www.upo.es\/diario\/wp-json\/wp\/v2\/posts\/30883296\/revisions\/30883492"}],"wp:featuredmedia":[{"embeddable":true,"href":"https:\/\/www.upo.es\/diario\/wp-json\/wp\/v2\/media\/30857597"}],"wp:attachment":[{"href":"https:\/\/www.upo.es\/diario\/wp-json\/wp\/v2\/media?parent=30883296"}],"wp:term":[{"taxonomy":"category","embeddable":true,"href":"https:\/\/www.upo.es\/diario\/wp-json\/wp\/v2\/categories?post=30883296"},{"taxonomy":"post_tag","embeddable":true,"href":"https:\/\/www.upo.es\/diario\/wp-json\/wp\/v2\/tags?post=30883296"}],"curies":[{"name":"wp","href":"https:\/\/api.w.org\/{rel}","templated":true}]}}