{"id":30883358,"date":"2024-09-10T10:32:12","date_gmt":"2024-09-10T08:32:12","guid":{"rendered":"https:\/\/www.upo.es\/diario\/?p=30883358"},"modified":"2024-09-16T13:20:59","modified_gmt":"2024-09-16T11:20:59","slug":"la-upo-acoge-la-presentacion-de-dos-obras-clave-sobre-derecho-social-y-apoyo-a-personas-con-discapacidad","status":"publish","type":"post","link":"https:\/\/www.upo.es\/diario\/docencia-formacion\/2024\/09\/la-upo-acoge-la-presentacion-de-dos-obras-clave-sobre-derecho-social-y-apoyo-a-personas-con-discapacidad\/","title":{"rendered":"La UPO acoge la presentaci\u00f3n de dos obras clave sobre derecho social y apoyo a personas con discapacidad"},"content":{"rendered":"<p><a href=\"https:\/\/www.upo.es\/diario\/wp-content\/uploads\/2024\/09\/librosConcepcionNieto.jpg\"><img loading=\"lazy\" decoding=\"async\" class=\"aligncenter size-full wp-image-30883359\" src=\"https:\/\/www.upo.es\/diario\/wp-content\/uploads\/2024\/09\/librosConcepcionNieto.jpg\" alt=\"\" width=\"575\" height=\"400\" srcset=\"https:\/\/www.upo.es\/diario\/wp-content\/uploads\/2024\/09\/librosConcepcionNieto.jpg 575w, https:\/\/www.upo.es\/diario\/wp-content\/uploads\/2024\/09\/librosConcepcionNieto-420x292.jpg 420w, https:\/\/www.upo.es\/diario\/wp-content\/uploads\/2024\/09\/librosConcepcionNieto-95x67.jpg 95w\" sizes=\"auto, (max-width: 575px) 100vw, 575px\" \/><\/a><\/p>\n<p>&nbsp;<\/p>\n<p>La Universidad Pablo de Olavide ha acogido la presentaci\u00f3n de los libros <strong>\u2018Casos pr\u00e1cticos: jur\u00eddicos, socio-jur\u00eddicos, sociales que contribuyen a resolver problemas de la vida cotidiana\u2019<\/strong> y <strong>\u2018Medidas de apoyo a personas con discapacidad\u2019 <\/strong>(3\u00aa edici\u00f3n), editados por Dykinson.<\/p>\n<p><strong><a href=\"https:\/\/www.upo.es\/diario\/wp-content\/uploads\/2024\/09\/presentacion_libros02.jpg\"><img loading=\"lazy\" decoding=\"async\" class=\"alignright size-medium wp-image-30883387\" src=\"https:\/\/www.upo.es\/diario\/wp-content\/uploads\/2024\/09\/presentacion_libros02-420x275.jpg\" alt=\"\" width=\"420\" height=\"275\" srcset=\"https:\/\/www.upo.es\/diario\/wp-content\/uploads\/2024\/09\/presentacion_libros02-420x275.jpg 420w, https:\/\/www.upo.es\/diario\/wp-content\/uploads\/2024\/09\/presentacion_libros02-750x491.jpg 750w, https:\/\/www.upo.es\/diario\/wp-content\/uploads\/2024\/09\/presentacion_libros02-768x503.jpg 768w, https:\/\/www.upo.es\/diario\/wp-content\/uploads\/2024\/09\/presentacion_libros02-380x250.jpg 380w, https:\/\/www.upo.es\/diario\/wp-content\/uploads\/2024\/09\/presentacion_libros02-760x500.jpg 760w, https:\/\/www.upo.es\/diario\/wp-content\/uploads\/2024\/09\/presentacion_libros02-165x109.jpg 165w, https:\/\/www.upo.es\/diario\/wp-content\/uploads\/2024\/09\/presentacion_libros02-1320x865.jpg 1320w, https:\/\/www.upo.es\/diario\/wp-content\/uploads\/2024\/09\/presentacion_libros02.jpg 1497w\" sizes=\"auto, (max-width: 420px) 100vw, 420px\" \/><\/a>\u2018Casos pr\u00e1cticos: jur\u00eddicos, socio-jur\u00eddicos, sociales que contribuyen a resolver problemas de la vida cotidiana\u2019<\/strong>, prologado por el Magistrado <strong>Alejandro Vian<\/strong> y coordinado por <strong>Concepci\u00f3n Nieto-Morales<\/strong>, profesora del Departamento de Trabajo social y Servicios Sociales de la Universidad Pablo de Olavide, y <strong>Mar\u00eda Elena Nieto-Cabrera<\/strong>, funcionaria de justicia de los Juzgados de Barcelona, realiza un abordaje riguroso, profundo e integral de todas las cuestiones que afectan a los menores de edad tanto desde el punto de vista de los menores infractores que se encuentran en conflicto con la ley como de los menores que se encuentran en situaci\u00f3n de desamparo de hecho o de derecho e igualmente de aquellos que se ven inmersos en un proceso de separaci\u00f3n o divorcio especialmente conflictivo o que pueden ser v\u00edctimas de violencia f\u00edsica o psicol\u00f3gica en sus diferentes formas.<\/p>\n<p><a href=\"https:\/\/www.upo.es\/diario\/wp-content\/uploads\/2024\/09\/presentacion_libros.jpg\"><img loading=\"lazy\" decoding=\"async\" class=\"alignleft size-medium wp-image-30883390\" src=\"https:\/\/www.upo.es\/diario\/wp-content\/uploads\/2024\/09\/presentacion_libros-420x315.jpg\" alt=\"\" width=\"420\" height=\"315\" srcset=\"https:\/\/www.upo.es\/diario\/wp-content\/uploads\/2024\/09\/presentacion_libros-420x315.jpg 420w, https:\/\/www.upo.es\/diario\/wp-content\/uploads\/2024\/09\/presentacion_libros-700x525.jpg 700w, https:\/\/www.upo.es\/diario\/wp-content\/uploads\/2024\/09\/presentacion_libros-768x576.jpg 768w, https:\/\/www.upo.es\/diario\/wp-content\/uploads\/2024\/09\/presentacion_libros-1536x1152.jpg 1536w, https:\/\/www.upo.es\/diario\/wp-content\/uploads\/2024\/09\/presentacion_libros-1320x990.jpg 1320w, https:\/\/www.upo.es\/diario\/wp-content\/uploads\/2024\/09\/presentacion_libros.jpg 1600w\" sizes=\"auto, (max-width: 420px) 100vw, 420px\" \/><\/a>La especialidad e importancia de este libro radica no s\u00f3lo en la acreditada solvencia durante a\u00f1os de trabajo de todos los intervinientes en el mismo, sino tambi\u00e9n en su propio planteamiento, ya que afronta las distintas materias analizando casos pr\u00e1cticos sobre situaciones totalmente reales y con una visi\u00f3n conjunta que comprende aspectos jur\u00eddicos con referencias a normativas nacionales e internacionales y jurisprudencia as\u00ed como sociojur\u00eddicos, y casos sociales tan presentes en el d\u00eda a d\u00eda como las necesidades que precisan las personas mayores y la atenci\u00f3n a personas en situaci\u00f3n sin hogar, abarcando materias tanto del Derecho Penal como del Derecho de Familia y de las Ciencias Sociales y de la Medicina Forense.<\/p>\n<p>El fiscal<strong> Jos\u00e9 Mar\u00eda Ca\u00f1al Fern\u00e1ndez de Pe\u00f1aranda <\/strong>ha moderado la mesa de presentaci\u00f3n de este libro que contar\u00e1 con las intervenciones de los fiscales <strong>Enrique Pedros Fuentes <\/strong>y<strong> Susana Hernando Ramos, <\/strong>y de<strong> Marco Antonio Maldonado, <\/strong>educador social de los Servicios Sociales del Ayuntamiento de Sevilla.<\/p>\n<p>Por su parte,<strong> \u2018Medidas de apoyo a personas con discapacidad\u2019<\/strong> (3\u00aa edici\u00f3n) cuenta entre sus autores con <strong>Pablo Abascal Monedero<\/strong>, profesor en la UPO de Historia del Derecho y de las Instituciones; <strong>Pedro Chicharro Rodr\u00edguez<\/strong> y <strong>Concepci\u00f3n Nieto-Morales<\/strong>, profesores de Trabajo Social y Servicios Sociales de la UPO; y <strong>Norberto Sotomayor Alarc\u00f3n<\/strong>, de la Fiscal\u00eda Provincial de Sevilla.<\/p>\n<p><a href=\"https:\/\/www.upo.es\/diario\/wp-content\/uploads\/2024\/09\/presentacion_libros01.jpg\"><img loading=\"lazy\" decoding=\"async\" class=\"size-medium wp-image-30883389 alignright\" src=\"https:\/\/www.upo.es\/diario\/wp-content\/uploads\/2024\/09\/presentacion_libros01-420x236.jpg\" alt=\"\" width=\"420\" height=\"236\" srcset=\"https:\/\/www.upo.es\/diario\/wp-content\/uploads\/2024\/09\/presentacion_libros01-420x236.jpg 420w, https:\/\/www.upo.es\/diario\/wp-content\/uploads\/2024\/09\/presentacion_libros01-750x422.jpg 750w, https:\/\/www.upo.es\/diario\/wp-content\/uploads\/2024\/09\/presentacion_libros01-768x432.jpg 768w, https:\/\/www.upo.es\/diario\/wp-content\/uploads\/2024\/09\/presentacion_libros01-1536x864.jpg 1536w, https:\/\/www.upo.es\/diario\/wp-content\/uploads\/2024\/09\/presentacion_libros01-1320x743.jpg 1320w, https:\/\/www.upo.es\/diario\/wp-content\/uploads\/2024\/09\/presentacion_libros01.jpg 1920w\" sizes=\"auto, (max-width: 420px) 100vw, 420px\" \/><\/a>La obra ha sido prologada por <strong>Mar\u00eda Jos\u00e9 Segarra<\/strong>, Fiscal de Sala para la Protecci\u00f3n de Personas con Discapacidad y Mayores, y cuenta con veinte cap\u00edtulos divididos en tres partes. En la primera se desarrolla el concepto de accesibilidad universal, condici\u00f3n fundamental para que pueda configurarse con libertad la voluntad y las preferencias de las personas con discapacidad. La segunda parte analiza el nuevo modelo de medidas de apoyo planteadas por la regulaci\u00f3n de la Ley 8\/21, su fundamento y el alcance a \u00e1mbitos del derecho como el penal, el civil y el administrativo. Por \u00faltimo, una tercera secci\u00f3n ofrece informaci\u00f3n pr\u00e1ctica para familias y personas con discapacidad y dependencia sobre una serie de recursos y servicios sociales.<\/p>\n<p>El fiscal <strong>Jos\u00e9 Manuel Rueda Negri<\/strong> ha moderado la presentaci\u00f3n de este libro que ha contado con la intervenci\u00f3n del fiscal <strong>Norberto Sotomayor Alarc\u00f3n. <\/strong><\/p>\n","protected":false},"excerpt":{"rendered":"<p>La Universidad Pablo de Olavide ha acogido la presentaci\u00f3n de los libros \u2018Casos pr\u00e1cticos: jur\u00eddicos, socio-jur\u00eddicos, sociales que contribuyen a resolver problemas de la vida cotidiana\u2019 y \u2018Medidas de apoyo a personas con discapacidad\u2019 (3\u00aa edici\u00f3n), editados por Dykinson.<\/p>\n","protected":false},"author":2,"featured_media":30883359,"comment_status":"closed","ping_status":"open","sticky":false,"template":"","format":"standard","meta":{"_monsterinsights_skip_tracking":false,"_monsterinsights_sitenote_active":false,"_monsterinsights_sitenote_note":"","_monsterinsights_sitenote_category":0,"footnotes":""},"categories":[2779],"tags":[545,4807,842,333,5835,8912,2370,406,1046],"class_list":["post-30883358","post","type-post","status-publish","format-standard","has-post-thumbnail","hentry","category-docencia-formacion","tag-ciencias-sociales","tag-derecho-de-familia","tag-derecho-penal","tag-libro","tag-libros","tag-medicina-forense","tag-presentacion-libro","tag-publicacion","tag-servicios-sociales"],"_links":{"self":[{"href":"https:\/\/www.upo.es\/diario\/wp-json\/wp\/v2\/posts\/30883358","targetHints":{"allow":["GET"]}}],"collection":[{"href":"https:\/\/www.upo.es\/diario\/wp-json\/wp\/v2\/posts"}],"about":[{"href":"https:\/\/www.upo.es\/diario\/wp-json\/wp\/v2\/types\/post"}],"author":[{"embeddable":true,"href":"https:\/\/www.upo.es\/diario\/wp-json\/wp\/v2\/users\/2"}],"replies":[{"embeddable":true,"href":"https:\/\/www.upo.es\/diario\/wp-json\/wp\/v2\/comments?post=30883358"}],"version-history":[{"count":8,"href":"https:\/\/www.upo.es\/diario\/wp-json\/wp\/v2\/posts\/30883358\/revisions"}],"predecessor-version":[{"id":30883392,"href":"https:\/\/www.upo.es\/diario\/wp-json\/wp\/v2\/posts\/30883358\/revisions\/30883392"}],"wp:featuredmedia":[{"embeddable":true,"href":"https:\/\/www.upo.es\/diario\/wp-json\/wp\/v2\/media\/30883359"}],"wp:attachment":[{"href":"https:\/\/www.upo.es\/diario\/wp-json\/wp\/v2\/media?parent=30883358"}],"wp:term":[{"taxonomy":"category","embeddable":true,"href":"https:\/\/www.upo.es\/diario\/wp-json\/wp\/v2\/categories?post=30883358"},{"taxonomy":"post_tag","embeddable":true,"href":"https:\/\/www.upo.es\/diario\/wp-json\/wp\/v2\/tags?post=30883358"}],"curies":[{"name":"wp","href":"https:\/\/api.w.org\/{rel}","templated":true}]}}