{"id":30883371,"date":"2024-09-11T12:21:57","date_gmt":"2024-09-11T10:21:57","guid":{"rendered":"https:\/\/www.upo.es\/diario\/?p=30883371"},"modified":"2024-09-16T13:20:57","modified_gmt":"2024-09-16T11:20:57","slug":"jornadas-de-bienvenida-en-la-universidad-pablo-de-olavide-para-estudiantes-de-nuevo-ingreso","status":"publish","type":"post","link":"https:\/\/www.upo.es\/diario\/institucional\/2024\/09\/jornadas-de-bienvenida-en-la-universidad-pablo-de-olavide-para-estudiantes-de-nuevo-ingreso\/","title":{"rendered":"Jornadas de Bienvenida en la Universidad Pablo de Olavide para estudiantes de nuevo ingreso"},"content":{"rendered":"<p><a href=\"https:\/\/www.upo.es\/diario\/wp-content\/uploads\/2024\/09\/Jorn-Bienvenida-20240911-2-scaled.jpg\"><img loading=\"lazy\" decoding=\"async\" class=\"aligncenter wp-image-30883373 size-large\" src=\"https:\/\/www.upo.es\/diario\/wp-content\/uploads\/2024\/09\/Jorn-Bienvenida-20240911-2-750x500.jpg\" alt=\"\" width=\"750\" height=\"500\" data-wp-editing=\"1\" srcset=\"https:\/\/www.upo.es\/diario\/wp-content\/uploads\/2024\/09\/Jorn-Bienvenida-20240911-2-750x500.jpg 750w, https:\/\/www.upo.es\/diario\/wp-content\/uploads\/2024\/09\/Jorn-Bienvenida-20240911-2-420x280.jpg 420w, https:\/\/www.upo.es\/diario\/wp-content\/uploads\/2024\/09\/Jorn-Bienvenida-20240911-2-768x512.jpg 768w, https:\/\/www.upo.es\/diario\/wp-content\/uploads\/2024\/09\/Jorn-Bienvenida-20240911-2-1536x1024.jpg 1536w, https:\/\/www.upo.es\/diario\/wp-content\/uploads\/2024\/09\/Jorn-Bienvenida-20240911-2-2048x1365.jpg 2048w, https:\/\/www.upo.es\/diario\/wp-content\/uploads\/2024\/09\/Jorn-Bienvenida-20240911-2-165x109.jpg 165w, https:\/\/www.upo.es\/diario\/wp-content\/uploads\/2024\/09\/Jorn-Bienvenida-20240911-2-1320x880.jpg 1320w\" sizes=\"auto, (max-width: 750px) 100vw, 750px\" \/><\/a><strong>La Universidad Pablo de Olavide ha comenzado esta ma\u00f1ana a dar la bienvenida a su nuevo alumnado<\/strong>, que comenzar\u00e1 el pr\u00f3ximo lunes d\u00eda 16 sus clases en los cuarenta grados y dobles grados que la UPO imparte en su campus. En total, <strong>m\u00e1s de dos mil estudiantes de nuevo ingreso asisten este mi\u00e9rcoles y jueves a las Jornadas de Bienvenida<\/strong>, guiados por compa\u00f1eras y compa\u00f1eros \u2018lazarillos\u2019, para conocer las principales instalaciones y servicios universitarios en su nueva etapa acad\u00e9mica.<\/p>\n<figure id=\"attachment_30883372\" aria-describedby=\"caption-attachment-30883372\" style=\"width: 420px\" class=\"wp-caption alignleft\"><a href=\"https:\/\/www.upo.es\/diario\/wp-content\/uploads\/2024\/09\/Jorn-Bienvenida-20240911-6.jpg\"><img loading=\"lazy\" decoding=\"async\" class=\"size-medium wp-image-30883372\" src=\"https:\/\/www.upo.es\/diario\/wp-content\/uploads\/2024\/09\/Jorn-Bienvenida-20240911-6-420x243.jpg\" alt=\"Francisco Oliva da la Bienvenida al nuevo estudiantado de la UPO\" width=\"420\" height=\"243\" srcset=\"https:\/\/www.upo.es\/diario\/wp-content\/uploads\/2024\/09\/Jorn-Bienvenida-20240911-6-420x243.jpg 420w, https:\/\/www.upo.es\/diario\/wp-content\/uploads\/2024\/09\/Jorn-Bienvenida-20240911-6-750x434.jpg 750w, https:\/\/www.upo.es\/diario\/wp-content\/uploads\/2024\/09\/Jorn-Bienvenida-20240911-6-768x444.jpg 768w, https:\/\/www.upo.es\/diario\/wp-content\/uploads\/2024\/09\/Jorn-Bienvenida-20240911-6-1320x763.jpg 1320w, https:\/\/www.upo.es\/diario\/wp-content\/uploads\/2024\/09\/Jorn-Bienvenida-20240911-6.jpg 1508w\" sizes=\"auto, (max-width: 420px) 100vw, 420px\" \/><\/a><figcaption id=\"caption-attachment-30883372\" class=\"wp-caption-text\">Francisco Oliva da la Bienvenida al nuevo estudiantado<\/figcaption><\/figure>\n<p>El rector ha agradecido a los nuevos universitarios y universitarias que hayan confiado en la Pablo de Olavide. <strong>\u201cVamos a daros lo mejor que tenemos, un profesorado de excelencia para que pod\u00e1is formaros con \u00e9xito en vuestros grados de cara al futuro\u201d, ha declarado Francisco Oliva<\/strong> durante la recepci\u00f3n al nuevo estudiantado en el campus, que ha destacado como \u201c\u00fanico en Andaluc\u00eda\u201d por conjugar en un solo recinto zonas verdes y deportivas en un entorno saludable, dise\u00f1ado para \u201cdaros una experiencia universitaria completa\u201d.<\/p>\n<p><strong><a href=\"https:\/\/www.upo.es\/cms3\/export\/sites\/estudiantes-cms3\/estudiantes\/es\/.galleries\/Documentacion-General\/programa_jornadas_bienvenida_2024_2025.pdf\"><img loading=\"lazy\" decoding=\"async\" class=\"alignright size-large wp-image-30883364\" src=\"https:\/\/www.upo.es\/diario\/wp-content\/uploads\/2024\/09\/jornadas_bienvenida_2024_2025-371x525.jpg\" alt=\"Jornadas de Bienvenida 2024\/25\" width=\"371\" height=\"525\" srcset=\"https:\/\/www.upo.es\/diario\/wp-content\/uploads\/2024\/09\/jornadas_bienvenida_2024_2025-371x525.jpg 371w, https:\/\/www.upo.es\/diario\/wp-content\/uploads\/2024\/09\/jornadas_bienvenida_2024_2025-297x420.jpg 297w, https:\/\/www.upo.es\/diario\/wp-content\/uploads\/2024\/09\/jornadas_bienvenida_2024_2025-768x1086.jpg 768w, https:\/\/www.upo.es\/diario\/wp-content\/uploads\/2024\/09\/jornadas_bienvenida_2024_2025-1086x1536.jpg 1086w, https:\/\/www.upo.es\/diario\/wp-content\/uploads\/2024\/09\/jornadas_bienvenida_2024_2025-1448x2048.jpg 1448w, https:\/\/www.upo.es\/diario\/wp-content\/uploads\/2024\/09\/jornadas_bienvenida_2024_2025-1320x1866.jpg 1320w, https:\/\/www.upo.es\/diario\/wp-content\/uploads\/2024\/09\/jornadas_bienvenida_2024_2025-scaled.jpg 1810w\" sizes=\"auto, (max-width: 371px) 100vw, 371px\" \/><\/a>Esta ma\u00f1ana han visitado el campus alumnos y alumnas de la Escuela Polit\u00e9cnica Superior y de las facultades de Humanidades, Ciencias Experimentales y Ciencias Sociales; y este jueves d\u00eda 12 ser\u00e1 el turno del estudiantado que comienza en las facultades de Derecho, Ciencias Empresariales y Ciencias del Deporte<\/strong>. Adem\u00e1s de situarse en el campus, las nuevas universitarias y universitarios asisten a una charla orientativa impartida por cada facultad y a una sesi\u00f3n informativa ya espec\u00edfica para estudiantes de cada grado o doble grado. Al mismo tiempo, y durante toda la ma\u00f1ana en la Plaza de Am\u00e9rica, podr\u00e1n visitar estands informativos sobre los servicios acad\u00e9micos para Grado y Postgrado, movilidad estudiantil, servicios deportivos, actividades culturales, atenci\u00f3n a la discapacidad, pr\u00e1cticas, empleabilidad y emprendimiento, etc. Del mismo modo podr\u00e1n encontrar asociaciones universitarias en las que compartir aficiones o c\u00f3mo participar en los \u00f3rganos de representaci\u00f3n estudiantil.<\/p>\n<p><strong>\u00a0M\u00e1s informaci\u00f3n:<\/strong> <a href=\"https:\/\/www.upo.es\/cms3\/export\/sites\/estudiantes-cms3\/estudiantes\/es\/.galleries\/Documentacion-General\/programa_jornadas_bienvenida_2024_2025.pdf\">Jornadas de Bienvenida Curso 2024\/2025 (pdf)<\/a><\/p>\n<figure id=\"attachment_30883375\" aria-describedby=\"caption-attachment-30883375\" style=\"width: 750px\" class=\"wp-caption aligncenter\"><a href=\"https:\/\/www.upo.es\/diario\/wp-content\/uploads\/2024\/09\/Jorn-Bienvenida-20240911-4-scaled.jpg\"><img loading=\"lazy\" decoding=\"async\" class=\"size-large wp-image-30883375\" src=\"https:\/\/www.upo.es\/diario\/wp-content\/uploads\/2024\/09\/Jorn-Bienvenida-20240911-4-750x422.jpg\" alt=\"Un 'lazarillo' gu\u00eda a un grupo de estudiantes en el campus\" width=\"750\" height=\"422\" srcset=\"https:\/\/www.upo.es\/diario\/wp-content\/uploads\/2024\/09\/Jorn-Bienvenida-20240911-4-750x422.jpg 750w, https:\/\/www.upo.es\/diario\/wp-content\/uploads\/2024\/09\/Jorn-Bienvenida-20240911-4-420x236.jpg 420w, https:\/\/www.upo.es\/diario\/wp-content\/uploads\/2024\/09\/Jorn-Bienvenida-20240911-4-768x432.jpg 768w, https:\/\/www.upo.es\/diario\/wp-content\/uploads\/2024\/09\/Jorn-Bienvenida-20240911-4-1536x864.jpg 1536w, https:\/\/www.upo.es\/diario\/wp-content\/uploads\/2024\/09\/Jorn-Bienvenida-20240911-4-2048x1152.jpg 2048w, https:\/\/www.upo.es\/diario\/wp-content\/uploads\/2024\/09\/Jorn-Bienvenida-20240911-4-1320x743.jpg 1320w\" sizes=\"auto, (max-width: 750px) 100vw, 750px\" \/><\/a><figcaption id=\"caption-attachment-30883375\" class=\"wp-caption-text\">Un &#8216;lazarillo&#8217; gu\u00eda a un grupo de estudiantes en el campus<\/figcaption><\/figure>\n","protected":false},"excerpt":{"rendered":"<p>La Universidad Pablo de Olavide ha comenzado esta ma\u00f1ana a dar la bienvenida a su nuevo alumnado, que comenzar\u00e1 el pr\u00f3ximo lunes d\u00eda 16 sus clases en los cuarenta grados y dobles grados que la UPO imparte en su campus. En total, m\u00e1s de dos mil estudiantes de nuevo ingreso asisten este mi\u00e9rcoles y jueves a las Jornadas de Bienvenida,<a class=\"read-more\" href=\"https:\/\/www.upo.es\/diario\/institucional\/2024\/09\/jornadas-de-bienvenida-en-la-universidad-pablo-de-olavide-para-estudiantes-de-nuevo-ingreso\/\">[Read More&#8230;]<\/a><\/p>\n","protected":false},"author":6,"featured_media":30883373,"comment_status":"closed","ping_status":"open","sticky":false,"template":"","format":"standard","meta":{"_monsterinsights_skip_tracking":false,"_monsterinsights_sitenote_active":false,"_monsterinsights_sitenote_note":"","_monsterinsights_sitenote_category":0,"footnotes":""},"categories":[6],"tags":[8653,21,4021,2581,2580,38],"class_list":["post-30883371","post","type-post","status-publish","format-standard","has-post-thumbnail","hentry","category-institucional","tag-curso-2024-2025","tag-estudiantes","tag-francisco-oliva-blazquez","tag-grados-y-dobles-grados","tag-jornadas-de-bienvenida","tag-rector"],"_links":{"self":[{"href":"https:\/\/www.upo.es\/diario\/wp-json\/wp\/v2\/posts\/30883371","targetHints":{"allow":["GET"]}}],"collection":[{"href":"https:\/\/www.upo.es\/diario\/wp-json\/wp\/v2\/posts"}],"about":[{"href":"https:\/\/www.upo.es\/diario\/wp-json\/wp\/v2\/types\/post"}],"author":[{"embeddable":true,"href":"https:\/\/www.upo.es\/diario\/wp-json\/wp\/v2\/users\/6"}],"replies":[{"embeddable":true,"href":"https:\/\/www.upo.es\/diario\/wp-json\/wp\/v2\/comments?post=30883371"}],"version-history":[{"count":4,"href":"https:\/\/www.upo.es\/diario\/wp-json\/wp\/v2\/posts\/30883371\/revisions"}],"predecessor-version":[{"id":30883378,"href":"https:\/\/www.upo.es\/diario\/wp-json\/wp\/v2\/posts\/30883371\/revisions\/30883378"}],"wp:featuredmedia":[{"embeddable":true,"href":"https:\/\/www.upo.es\/diario\/wp-json\/wp\/v2\/media\/30883373"}],"wp:attachment":[{"href":"https:\/\/www.upo.es\/diario\/wp-json\/wp\/v2\/media?parent=30883371"}],"wp:term":[{"taxonomy":"category","embeddable":true,"href":"https:\/\/www.upo.es\/diario\/wp-json\/wp\/v2\/categories?post=30883371"},{"taxonomy":"post_tag","embeddable":true,"href":"https:\/\/www.upo.es\/diario\/wp-json\/wp\/v2\/tags?post=30883371"}],"curies":[{"name":"wp","href":"https:\/\/api.w.org\/{rel}","templated":true}]}}