{"id":30883399,"date":"2024-09-16T11:11:36","date_gmt":"2024-09-16T09:11:36","guid":{"rendered":"https:\/\/www.upo.es\/diario\/?p=30883399"},"modified":"2024-09-23T09:37:09","modified_gmt":"2024-09-23T07:37:09","slug":"arrancan-las-clases-del-curso-2024-2025-en-la-universidad-pablo-de-olavide","status":"publish","type":"post","link":"https:\/\/www.upo.es\/diario\/institucional\/2024\/09\/arrancan-las-clases-del-curso-2024-2025-en-la-universidad-pablo-de-olavide\/","title":{"rendered":"Arrancan las clases del curso 2024\/2025 en la Universidad Pablo de Olavide"},"content":{"rendered":"<figure id=\"attachment_30883400\" aria-describedby=\"caption-attachment-30883400\" style=\"width: 750px\" class=\"wp-caption aligncenter\"><a href=\"https:\/\/www.upo.es\/diario\/wp-content\/uploads\/2024\/09\/Comienzo-clases-2024-25-1-scaled.jpg\"><img loading=\"lazy\" decoding=\"async\" class=\"size-large wp-image-30883400\" src=\"https:\/\/www.upo.es\/diario\/wp-content\/uploads\/2024\/09\/Comienzo-clases-2024-25-1-750x500.jpg\" alt=\"\" width=\"750\" height=\"500\" srcset=\"https:\/\/www.upo.es\/diario\/wp-content\/uploads\/2024\/09\/Comienzo-clases-2024-25-1-750x500.jpg 750w, https:\/\/www.upo.es\/diario\/wp-content\/uploads\/2024\/09\/Comienzo-clases-2024-25-1-420x280.jpg 420w, https:\/\/www.upo.es\/diario\/wp-content\/uploads\/2024\/09\/Comienzo-clases-2024-25-1-768x512.jpg 768w, https:\/\/www.upo.es\/diario\/wp-content\/uploads\/2024\/09\/Comienzo-clases-2024-25-1-1536x1024.jpg 1536w, https:\/\/www.upo.es\/diario\/wp-content\/uploads\/2024\/09\/Comienzo-clases-2024-25-1-2048x1365.jpg 2048w, https:\/\/www.upo.es\/diario\/wp-content\/uploads\/2024\/09\/Comienzo-clases-2024-25-1-165x109.jpg 165w, https:\/\/www.upo.es\/diario\/wp-content\/uploads\/2024\/09\/Comienzo-clases-2024-25-1-1320x880.jpg 1320w\" sizes=\"auto, (max-width: 750px) 100vw, 750px\" \/><\/a><figcaption id=\"caption-attachment-30883400\" class=\"wp-caption-text\">Primer d\u00eda de clases en la UPO<\/figcaption><\/figure>\n<p>El campus de la Universidad Pablo de Olavide ha retomado esta ma\u00f1ana la actividad docente. <strong>M\u00e1s de diez mil estudiantes de Grado, de los que 2100 son de nuevo ingreso, han comenzado esta ma\u00f1ana las clases del primer semestre del curso acad\u00e9mico 2024\/2025.<\/strong> Junto a los 2.600 estudiantes de M\u00e1ster Universitario y Doctorado, que se incorporar\u00e1n el 4 de noviembre, y 712 estudiantes internacionales que recibir\u00e1 la Universidad este semestre, la comunidad estudiantil de la UPO superar\u00e1 durante el presente curso las trece mil personas.<\/p>\n<p><a href=\"https:\/\/www.upo.es\/diario\/wp-content\/uploads\/2024\/09\/Comienzo-clases-2024-25-4-scaled.jpg\"><img loading=\"lazy\" decoding=\"async\" class=\"alignright size-medium wp-image-30883401\" src=\"https:\/\/www.upo.es\/diario\/wp-content\/uploads\/2024\/09\/Comienzo-clases-2024-25-4-420x236.jpg\" alt=\"\" width=\"420\" height=\"236\" srcset=\"https:\/\/www.upo.es\/diario\/wp-content\/uploads\/2024\/09\/Comienzo-clases-2024-25-4-420x236.jpg 420w, https:\/\/www.upo.es\/diario\/wp-content\/uploads\/2024\/09\/Comienzo-clases-2024-25-4-750x422.jpg 750w, https:\/\/www.upo.es\/diario\/wp-content\/uploads\/2024\/09\/Comienzo-clases-2024-25-4-768x432.jpg 768w, https:\/\/www.upo.es\/diario\/wp-content\/uploads\/2024\/09\/Comienzo-clases-2024-25-4-1536x864.jpg 1536w, https:\/\/www.upo.es\/diario\/wp-content\/uploads\/2024\/09\/Comienzo-clases-2024-25-4-2048x1152.jpg 2048w, https:\/\/www.upo.es\/diario\/wp-content\/uploads\/2024\/09\/Comienzo-clases-2024-25-4-1320x743.jpg 1320w\" sizes=\"auto, (max-width: 420px) 100vw, 420px\" \/><\/a>Empieza de este modo la docencia en las <a href=\"https:\/\/www.upo.es\/portal\/impe\/web\/contenido\/ffacb140-872a-11e2-9811-3fe5a96f4a88?channel=a3645af1-2f47-11de-b088-3fe5a96f4a88\">facultades de la Pablo de Olavide<\/a> que, por n\u00famero de estudiantes, son las siguientes: <strong>Derecho; Ciencias Sociales; Ciencias Empresariales; Humanidades; Ciencias Experimentales; Ciencias del Deporte; Escuela Polit\u00e9cnica Superior; y Centro Universitario San Isidoro<\/strong> (adscrito). A estos se suman la Escuela de Doctorado y el Centro de Estudios de Postgrado de la UPO, donde se imparten los t\u00edtulos oficiales de postgrado. Estos centros suman una oferta acad\u00e9mica de <strong>48 grados y dobles grados universitarios, de los que cuarenta se imparten en el campus de la UPO, 43 m\u00e1steres universitarios y nueve programas de doctorado<\/strong>.<\/p>\n<p>El <a href=\"https:\/\/www.upo.es\/upo_opencms\/export\/sites\/upo\/Galerias\/Descargas\/InfoEstudiantes\/CalendarioAcademicoOficial-Grado_24_25.pdf\">calendario acad\u00e9mico para ense\u00f1anzas de Grado del curso 2024\/2025<\/a> se divide en dos semestres, las clases del segundo de ellos dar\u00e1n comienzo el lunes 27 de enero, tras un periodo dedicado a las convocatorias de evaluaci\u00f3n. Aquellos estudiantes que superen todas sus asignaturas en primera convocatoria habr\u00e1n finalizado el curso, como muy tarde, el 6 de junio de 2025. Entre el 9 de junio y el 4 de julio tendr\u00e1n lugar las evaluaciones en segunda convocatoria, tanto del primer como del segundo semestre.<\/p>\n","protected":false},"excerpt":{"rendered":"<p>El campus de la Universidad Pablo de Olavide ha retomado esta ma\u00f1ana la actividad docente. M\u00e1s de diez mil estudiantes de Grado, de los que 2100 son de nuevo ingreso, han comenzado esta ma\u00f1ana las clases del primer semestre del curso acad\u00e9mico 2024\/2025.<\/p>\n","protected":false},"author":4,"featured_media":30883400,"comment_status":"closed","ping_status":"open","sticky":false,"template":"","format":"standard","meta":{"_monsterinsights_skip_tracking":false,"_monsterinsights_sitenote_active":false,"_monsterinsights_sitenote_note":"","_monsterinsights_sitenote_category":0,"footnotes":""},"categories":[6],"tags":[107,862,8653,1973,21,2581],"class_list":["post-30883399","post","type-post","status-publish","format-standard","has-post-thumbnail","hentry","category-institucional","tag-campus","tag-clases","tag-curso-2024-2025","tag-docencia","tag-estudiantes","tag-grados-y-dobles-grados"],"_links":{"self":[{"href":"https:\/\/www.upo.es\/diario\/wp-json\/wp\/v2\/posts\/30883399","targetHints":{"allow":["GET"]}}],"collection":[{"href":"https:\/\/www.upo.es\/diario\/wp-json\/wp\/v2\/posts"}],"about":[{"href":"https:\/\/www.upo.es\/diario\/wp-json\/wp\/v2\/types\/post"}],"author":[{"embeddable":true,"href":"https:\/\/www.upo.es\/diario\/wp-json\/wp\/v2\/users\/4"}],"replies":[{"embeddable":true,"href":"https:\/\/www.upo.es\/diario\/wp-json\/wp\/v2\/comments?post=30883399"}],"version-history":[{"count":2,"href":"https:\/\/www.upo.es\/diario\/wp-json\/wp\/v2\/posts\/30883399\/revisions"}],"predecessor-version":[{"id":30883494,"href":"https:\/\/www.upo.es\/diario\/wp-json\/wp\/v2\/posts\/30883399\/revisions\/30883494"}],"wp:featuredmedia":[{"embeddable":true,"href":"https:\/\/www.upo.es\/diario\/wp-json\/wp\/v2\/media\/30883400"}],"wp:attachment":[{"href":"https:\/\/www.upo.es\/diario\/wp-json\/wp\/v2\/media?parent=30883399"}],"wp:term":[{"taxonomy":"category","embeddable":true,"href":"https:\/\/www.upo.es\/diario\/wp-json\/wp\/v2\/categories?post=30883399"},{"taxonomy":"post_tag","embeddable":true,"href":"https:\/\/www.upo.es\/diario\/wp-json\/wp\/v2\/tags?post=30883399"}],"curies":[{"name":"wp","href":"https:\/\/api.w.org\/{rel}","templated":true}]}}