{"id":30883412,"date":"2024-09-16T02:18:25","date_gmt":"2024-09-16T00:18:25","guid":{"rendered":"https:\/\/www.upo.es\/diario\/?p=30883412"},"modified":"2024-09-19T16:36:41","modified_gmt":"2024-09-19T14:36:41","slug":"junta-y-universidades-firman-un-convenio-para-coordinar-la-atencion-a-la-discapacidad-en-los-campus-andaluces","status":"publish","type":"post","link":"https:\/\/www.upo.es\/diario\/institucional\/2024\/09\/junta-y-universidades-firman-un-convenio-para-coordinar-la-atencion-a-la-discapacidad-en-los-campus-andaluces\/","title":{"rendered":"Junta y universidades firman un convenio para coordinar la atenci\u00f3n a la discapacidad en los campus andaluces"},"content":{"rendered":"<p><a href=\"https:\/\/www.upo.es\/diario\/wp-content\/uploads\/2024\/09\/conv-discapacidad-AUPA-Junta-1.jpg\"><img loading=\"lazy\" decoding=\"async\" class=\"aligncenter size-large wp-image-30883413\" src=\"https:\/\/www.upo.es\/diario\/wp-content\/uploads\/2024\/09\/conv-discapacidad-AUPA-Junta-1-750x500.jpg\" alt=\"Firma del convenio en la Universidad de Huelva, en el centro Loles L\u00f3pez, Jos\u00e9 Carlos G\u00f3mez Villamandos y Francisco Oliva\" width=\"750\" height=\"500\" srcset=\"https:\/\/www.upo.es\/diario\/wp-content\/uploads\/2024\/09\/conv-discapacidad-AUPA-Junta-1-750x500.jpg 750w, https:\/\/www.upo.es\/diario\/wp-content\/uploads\/2024\/09\/conv-discapacidad-AUPA-Junta-1-420x280.jpg 420w, https:\/\/www.upo.es\/diario\/wp-content\/uploads\/2024\/09\/conv-discapacidad-AUPA-Junta-1-768x512.jpg 768w, https:\/\/www.upo.es\/diario\/wp-content\/uploads\/2024\/09\/conv-discapacidad-AUPA-Junta-1-1536x1023.jpg 1536w, https:\/\/www.upo.es\/diario\/wp-content\/uploads\/2024\/09\/conv-discapacidad-AUPA-Junta-1-165x109.jpg 165w, https:\/\/www.upo.es\/diario\/wp-content\/uploads\/2024\/09\/conv-discapacidad-AUPA-Junta-1-1320x879.jpg 1320w, https:\/\/www.upo.es\/diario\/wp-content\/uploads\/2024\/09\/conv-discapacidad-AUPA-Junta-1.jpg 1600w\" sizes=\"auto, (max-width: 750px) 100vw, 750px\" \/><\/a>Los consejeros de Universidad, Investigaci\u00f3n e Innovaci\u00f3n e Inclusi\u00f3n Social, Juventud, Familias e Igualdad, Jos\u00e9 Carlos G\u00f3mez Villamandos y Loles L\u00f3pez, respectivamente, junto a los rectores y la rectora de las universidades p\u00fablicas de Andaluc\u00eda, han firmado, en un acto celebrado en Huelva, el <strong>convenio para la puesta en marcha de las labores de coordinaci\u00f3n de los trabajos de atenci\u00f3n a la discapacidad y a las necesidades espec\u00edficas de apoyo educativo en las instituciones acad\u00e9micas andaluzas, de lo que se encargar\u00e1 la Universidad Pablo de Olavide<\/strong>, para garantizar as\u00ed la igualdad de oportunidades a los estudiantes y dem\u00e1s miembros de la comunidad universitaria con discapacidad.<\/p>\n<p>La consejera de Inclusi\u00f3n Social, Juventud, Familias e Igualdad, Loles L\u00f3pez, ha destacado la importancia de convenios como este, ya que \u201csolo sumando fuerzas lograremos avanzar hacia una sociedad m\u00e1s justa e inclusiva\u201d. <strong>El alumnado con discapacidad cursando los estudios de grado universitario alcanza al 1,4% del total de los alumnos, subiendo esta cifra hasta el 6,3% en el caso de la universidad a distancia<\/strong>, seg\u00fan el estudio realizado por la Direcci\u00f3n General de Personas con Discapacidad de la propia Consejer\u00eda.<\/p>\n<p>Ante estas cifras, la consejera ha incidido en la necesidad de implementar medidas de accesibilidad de toda \u00edndole para favorecer el acceso de las personas con discapacidad y necesidades espec\u00edficas de apoyo educativo al \u00e1mbito universitario. En este sentido, ha subrayado que la universidad supone \u201cun instrumento fundamental\u201d para la promoci\u00f3n de su autonom\u00eda personal y, a su vez, contribuye a mejorar su empleabilidad.<\/p>\n<p>As\u00ed, para la consecuci\u00f3n de estos objetivos, <strong>el convenio, con una vigencia de cuatro a\u00f1os prorrogables, establece una serie de actuaciones como la elaboraci\u00f3n de un estudio sobre la situaci\u00f3n de los servicios de atenci\u00f3n a la discapacidad en las universidades p\u00fablicas o la implementaci\u00f3n de l\u00edneas de trabajo conjuntas para atender a esta comunidad<\/strong> que se determinar\u00e1n en cada curso acad\u00e9mico por la Comisi\u00f3n de Seguimiento de este convenio, \u00f3rgano que presidir\u00e1 la Consejer\u00eda de Universidad y que se constituir\u00e1 dentro del mes siguiente a la firma de este acuerdo.<\/p>\n<p>Asimismo, el convenio recoge la celebraci\u00f3n de encuentros estrat\u00e9gicos de los \u00f3rganos responsables de la atenci\u00f3n a la discapacidad en las universidades p\u00fablicas, que se celebrar\u00e1n cada curso acad\u00e9mico para la planificaci\u00f3n estrat\u00e9gica y la formulaci\u00f3n de pol\u00edticas dedicadas, as\u00ed como la creaci\u00f3n de un directorio de investigadores y grupos de investigaci\u00f3n de las instituciones acad\u00e9micas p\u00fablicas que centren sus trabajos en este \u00e1mbito y su divulgaci\u00f3n mediante el uso de nuevas tecnolog\u00edas. Adem\u00e1s, contempla la creaci\u00f3n de un repertorio audiovisual sobre integraci\u00f3n a nivel auton\u00f3mico con apoyo del tercer sector.<\/p>\n<p>En cuanto a la financiaci\u00f3n de estas actividades de coordinaci\u00f3n, <strong>la Consejer\u00eda de Universidad, Investigaci\u00f3n e Innovaci\u00f3n aportar\u00e1 8.000 euros anuales para cada ejercicio durante los cuatro a\u00f1os de vigencia del convenio, a trav\u00e9s de una subvenci\u00f3n nominativa destinada a la Universidad Pablo de Olavide<\/strong>. Esta cantidad ser\u00e1 compatible con otro tipo de subvenciones, ayudas, ingresos o recursos para la misma finalidad, procedentes de la propia universidad o de cualquier administraci\u00f3n o entes p\u00fablicos o privados, nacionales, de la Uni\u00f3n Europea o de organismos internacionales, siempre que el importe del total de las ayudas no supere el coste de la actividad.<\/p>\n<p>Por su parte, la Consejer\u00eda de Inclusi\u00f3n Social, Juventud, Familias e Igualdad contribuir\u00e1 con un estudio detallado sobre la situaci\u00f3n de las personas con discapacidad en el sistema universitario andaluz y a dar la informaci\u00f3n que se le requiera para el adecuado desarrollo de las actividades previstas en este convenio, adem\u00e1s de la colaboraci\u00f3n t\u00e9cnica que se precise para el desarrollo las l\u00edneas de actuaci\u00f3n previstas. Mientras, las universidades p\u00fablicas colaborar\u00e1n con los recursos humanos y materiales mediante sus unidades competentes en materia de diversidad.<\/p>\n<p><a href=\"https:\/\/www.upo.es\/diario\/wp-content\/uploads\/2024\/09\/WhatsApp-Image-2024-09-14-at-09.52.40.jpeg\"><img loading=\"lazy\" decoding=\"async\" class=\"aligncenter size-large wp-image-30883414\" src=\"https:\/\/www.upo.es\/diario\/wp-content\/uploads\/2024\/09\/WhatsApp-Image-2024-09-14-at-09.52.40-750x500.jpeg\" alt=\"Los consejeros de Universidad, Investigaci\u00f3n e Innovaci\u00f3n e Inclusi\u00f3n Social, Juventud, Familias e Igualdad, Jos\u00e9 Carlos G\u00f3mez Villamandos y Loles L\u00f3pez, respectivamente, junto a los rectores de las universidades p\u00fablicas de Andaluc\u00eda,\" width=\"750\" height=\"500\" srcset=\"https:\/\/www.upo.es\/diario\/wp-content\/uploads\/2024\/09\/WhatsApp-Image-2024-09-14-at-09.52.40-750x500.jpeg 750w, https:\/\/www.upo.es\/diario\/wp-content\/uploads\/2024\/09\/WhatsApp-Image-2024-09-14-at-09.52.40-420x280.jpeg 420w, https:\/\/www.upo.es\/diario\/wp-content\/uploads\/2024\/09\/WhatsApp-Image-2024-09-14-at-09.52.40-768x512.jpeg 768w, https:\/\/www.upo.es\/diario\/wp-content\/uploads\/2024\/09\/WhatsApp-Image-2024-09-14-at-09.52.40-165x109.jpeg 165w, https:\/\/www.upo.es\/diario\/wp-content\/uploads\/2024\/09\/WhatsApp-Image-2024-09-14-at-09.52.40-1320x880.jpeg 1320w, https:\/\/www.upo.es\/diario\/wp-content\/uploads\/2024\/09\/WhatsApp-Image-2024-09-14-at-09.52.40.jpeg 1350w\" sizes=\"auto, (max-width: 750px) 100vw, 750px\" \/><\/a><\/p>\n<p>Fuente: Consejer\u00eda de Universidad, Investigaci\u00f3n e Innovaci\u00f3n. Junta de Andaluc\u00eda<\/p>\n","protected":false},"excerpt":{"rendered":"<p>La UPO ser\u00e1 la encargada de la coordinaci\u00f3n de los trabajos, para lo que recibir\u00e1 8.000 euros anuales de la Consejer\u00eda de Universidad.<\/p>\n","protected":false},"author":6,"featured_media":30883413,"comment_status":"closed","ping_status":"open","sticky":false,"template":"","format":"standard","meta":{"_monsterinsights_skip_tracking":false,"_monsterinsights_sitenote_active":false,"_monsterinsights_sitenote_note":"","_monsterinsights_sitenote_category":0,"footnotes":""},"categories":[6],"tags":[326,4021,2540,6249,203,8914,8068,5488],"class_list":["post-30883412","post","type-post","status-publish","format-standard","has-post-thumbnail","hentry","category-institucional","tag-convenio","tag-francisco-oliva-blazquez","tag-inclusion-social","tag-jose-carlos-gomez-villamandos","tag-junta-de-andalucia","tag-maria-dolores-lopez-gabarro","tag-personas-con-discapacidad","tag-universidades-publicas-andaluzas"],"_links":{"self":[{"href":"https:\/\/www.upo.es\/diario\/wp-json\/wp\/v2\/posts\/30883412","targetHints":{"allow":["GET"]}}],"collection":[{"href":"https:\/\/www.upo.es\/diario\/wp-json\/wp\/v2\/posts"}],"about":[{"href":"https:\/\/www.upo.es\/diario\/wp-json\/wp\/v2\/types\/post"}],"author":[{"embeddable":true,"href":"https:\/\/www.upo.es\/diario\/wp-json\/wp\/v2\/users\/6"}],"replies":[{"embeddable":true,"href":"https:\/\/www.upo.es\/diario\/wp-json\/wp\/v2\/comments?post=30883412"}],"version-history":[{"count":1,"href":"https:\/\/www.upo.es\/diario\/wp-json\/wp\/v2\/posts\/30883412\/revisions"}],"predecessor-version":[{"id":30883415,"href":"https:\/\/www.upo.es\/diario\/wp-json\/wp\/v2\/posts\/30883412\/revisions\/30883415"}],"wp:featuredmedia":[{"embeddable":true,"href":"https:\/\/www.upo.es\/diario\/wp-json\/wp\/v2\/media\/30883413"}],"wp:attachment":[{"href":"https:\/\/www.upo.es\/diario\/wp-json\/wp\/v2\/media?parent=30883412"}],"wp:term":[{"taxonomy":"category","embeddable":true,"href":"https:\/\/www.upo.es\/diario\/wp-json\/wp\/v2\/categories?post=30883412"},{"taxonomy":"post_tag","embeddable":true,"href":"https:\/\/www.upo.es\/diario\/wp-json\/wp\/v2\/tags?post=30883412"}],"curies":[{"name":"wp","href":"https:\/\/api.w.org\/{rel}","templated":true}]}}