{"id":30883420,"date":"2024-09-17T13:23:41","date_gmt":"2024-09-17T11:23:41","guid":{"rendered":"https:\/\/www.upo.es\/diario\/?p=30883420"},"modified":"2024-09-19T16:36:50","modified_gmt":"2024-09-19T14:36:50","slug":"abierto-el-plazo-para-participar-en-el-programa-artes-y-formacion-de-la-upo-del-curso-2024-2025","status":"publish","type":"post","link":"https:\/\/www.upo.es\/diario\/cultura-social\/2024\/09\/abierto-el-plazo-para-participar-en-el-programa-artes-y-formacion-de-la-upo-del-curso-2024-2025\/","title":{"rendered":"Abierto el plazo para participar en el Programa \u2018Artes y Formaci\u00f3n\u2019 de la UPO del curso 2024-2025"},"content":{"rendered":"<p><a href=\"https:\/\/www.upo.es\/diario\/wp-content\/uploads\/2024\/09\/Programa-Artes-y-Formacion-Abierta-Convocatoria-Curso-2425.jpg\"><img loading=\"lazy\" decoding=\"async\" class=\"alignright size-medium wp-image-30883421\" src=\"https:\/\/www.upo.es\/diario\/wp-content\/uploads\/2024\/09\/Programa-Artes-y-Formacion-Abierta-Convocatoria-Curso-2425-420x420.jpg\" alt=\"\" width=\"420\" height=\"420\" srcset=\"https:\/\/www.upo.es\/diario\/wp-content\/uploads\/2024\/09\/Programa-Artes-y-Formacion-Abierta-Convocatoria-Curso-2425-420x420.jpg 420w, https:\/\/www.upo.es\/diario\/wp-content\/uploads\/2024\/09\/Programa-Artes-y-Formacion-Abierta-Convocatoria-Curso-2425-525x525.jpg 525w, https:\/\/www.upo.es\/diario\/wp-content\/uploads\/2024\/09\/Programa-Artes-y-Formacion-Abierta-Convocatoria-Curso-2425-300x300.jpg 300w, https:\/\/www.upo.es\/diario\/wp-content\/uploads\/2024\/09\/Programa-Artes-y-Formacion-Abierta-Convocatoria-Curso-2425-768x768.jpg 768w, https:\/\/www.upo.es\/diario\/wp-content\/uploads\/2024\/09\/Programa-Artes-y-Formacion-Abierta-Convocatoria-Curso-2425.jpg 1080w\" sizes=\"auto, (max-width: 420px) 100vw, 420px\" \/><\/a>Con el objetivo de fomentar las disciplinas art\u00edsticas entre la comunidad universitaria y la sociedad, el Vicerrectorado de Cultura y Pol\u00edticas Sociales de la Universidad Pablo de Olavide ha puesto en marcha una nueva edici\u00f3n del <a href=\"https:\/\/www.upo.es\/upsc\/extension_cultural\/programas-y-proyectos-del-sec\/artes-y-formacion\/\"><strong>Programa \u2018Artes y Formaci\u00f3n\u2019<\/strong><\/a>, una iniciativa que ofrece formaci\u00f3n te\u00f3rico-pr\u00e1ctica en disciplinas art\u00edsticas como las <strong>artes esc\u00e9nicas<\/strong>, la <strong>m\u00fasica coral<\/strong> y <strong>cante y baile flamenco<\/strong>.<\/p>\n<p>Este programa, coordinado por el Servicio de Extensi\u00f3n Cultural, tiene como objetivo principal integrar a los participantes en las agrupaciones art\u00edsticas de la universidad, formando parte activa de sus producciones y espect\u00e1culos, convirti\u00e9ndose en el elenco estable de las producciones organizadas por el Vicerrectorado. As\u00ed, <strong>dirigido principalmente a la comunidad universitaria de la Olavide<\/strong>, facilita la participaci\u00f3n en agrupaciones art\u00edsticas como <strong>La Escalera Teatro<\/strong> y el <strong>Coro de la UPO<\/strong>. Respecto al <strong>flamenco<\/strong>, podr\u00e1n formar parte del espect\u00e1culo que el <strong>Aula Flamenco-UPO<\/strong> presentar\u00e1 en el mes de junio en la Sala La Fundici\u00f3n de Sevilla, espacio profesional de la ciudad que acoge las propuestas de las tres agrupaciones art\u00edsticas de la UPO en su programaci\u00f3n Muestra Final de Escuelas de Arte.<\/p>\n<p>Adem\u00e1s, el Programa Artes y Formaci\u00f3n promueve el asociacionismo cultural, facilitando que las personas vinculadas al mismo, se integren en alguna de las 3 asociaciones cuya actividad ha favorecido: Asociaci\u00f3n Cultural CORO de la UPO, Asociaci\u00f3n Cultural La Escalera Teatro y Asociaci\u00f3n Cultural Pe\u00f1a Sentir Flamenco.<\/p>\n<p>Las actividades se desarrollar\u00e1n en el Espacio Cultural <strong>\u2018El Entramado\u2019 <\/strong>de la Universidad Pablo de Olavide, y la<strong> inscripci\u00f3n estar\u00e1 abierta hasta el 26 de septiembre<\/strong>.<\/p>\n<h3><strong>Beneficios acad\u00e9micos<\/strong><\/h3>\n<p>Para los estudiantes de Grado y Doble Grado de la UPO, el Programa \u2018Artes y Formaci\u00f3n\u2019 ofrece el reconocimiento de 1,5 cr\u00e9ditos ECTS por su participaci\u00f3n y desempe\u00f1o en las actividades. La obtenci\u00f3n de este reconocimiento estar\u00e1 sujeta al cumplimiento de los requisitos establecidos para cada disciplina y la correspondiente evaluaci\u00f3n de los responsables del programa.<\/p>\n<h3><strong>Proceso de participaci\u00f3n<\/strong><\/h3>\n<p>Los interesados pueden participar eligiendo la disciplina de su inter\u00e9s y completando el proceso de inscripci\u00f3n a trav\u00e9s de los formularios disponibles. Las plazas son limitadas y se adjudicar\u00e1n en funci\u00f3n del orden de inscripci\u00f3n. Para aquellos que opten por la m\u00fasica coral, deber\u00e1n superar una audici\u00f3n para formar parte del Coro de la UPO.<\/p>\n<p>Tras la confirmaci\u00f3n de la plaza v\u00eda email, los seleccionados dispondr\u00e1n de un <strong>plazo de 10 d\u00edas<\/strong> para formalizar su inscripci\u00f3n definitiva.<\/p>\n<p>Durante el curso 2024\/2025, el programa Artes y Formaci\u00f3n cuenta con los siguientes formadores:<\/p>\n<h3><strong>LA ESCALERA TEATRO: Piermario Salerno<\/strong><\/h3>\n<p>El Aula de Artes Esc\u00e9nicas de la Universidad Pablo de Olavide es un espacio creativo y did\u00e1ctico en el \u00e1mbito de las artes esc\u00e9nicas, en este caso, la danza y el teatro. Adem\u00e1s de la formaci\u00f3n pr\u00e1ctica, en su programa se abordan tambi\u00e9n conceptos de teor\u00eda e historia del teatro. La Escalera Teatro participa en circuitos de teatro universitario y en concursos regionales y nacionales. Ofrece funciones en salas tanto del sector p\u00fablico como privado. Las sesiones se celebran <u>los lunes, martes y mi\u00e9rcoles de 14:00 a 16:00 horas<\/u>.<\/p>\n<h3><strong>Coro de la UPO: Jorge R. Morata y Miguel R. Rodr\u00edguez<\/strong><\/h3>\n<p>El Coro de la UPO nace para la formaci\u00f3n e interpretaci\u00f3n del repertorio coral, seg\u00fan los criterios t\u00e9cnicos y est\u00e9ticos adecuados a la forma y esp\u00edritu de este tipo de m\u00fasica; y para contribuir a la divulgaci\u00f3n de este legado musical en nombre de la Universidad. Su intenci\u00f3n es formar a sus miembros en el conocimiento del rico patrimonio musical espa\u00f1ol y, concretamente, andaluz desde el S. XVI hasta la actualidad; y, por otra parte, en el aprendizaje de la t\u00e9cnica vocal apropiada para cada tipo de repertorio o programa que se vaya a realizar.<\/p>\n<p>Adem\u00e1s, como asociaci\u00f3n cultural universitaria, se dedica a la realizaci\u00f3n de conciertos, la impartici\u00f3n de seminarios y cursos, el desarrollo de sesiones de estudio y ensayo del repertorio, y la contrataci\u00f3n de profesionales que impartan cursos a los asociados; as\u00ed como la posibilidad de establecer intercambios con otros coros de otras universidades europeas.<\/p>\n<p>Para este a\u00f1o se necesitan en la agrupaci\u00f3n las voces que se se\u00f1alan a continuaci\u00f3n: 4 sopranos, 2 tenores y 2 bajos. <u>La audici\u00f3n se celebrar\u00e1 el jueves 3 de octubre a las 17:00 horas.<\/u><\/p>\n<h3><strong>Flamenco, cante y baile: Maite Olivares y Carmen Blanco, \u2018La Manme\u2019<\/strong><\/h3>\n<p>El programa de baile, con sesiones adaptadas al nivel del alumnado impartidas por <strong>Carmen Blanco, \u2018La Manme\u2019<\/strong>, sigue una metodolog\u00eda basada en la pr\u00e1ctica individual y el trabajo grupal, centrando el aprendizaje en buler\u00edas, alegr\u00edas y sevillanas. Las sesiones se celebran <u>los lunes a las 17:00 horas para el nivel inicial y a las 18:30 para el nivel medio\/avanzado<\/u>. Es necesario presentarse a una audici\u00f3n para ver el diagn\u00f3stico de nivel, que se realizar\u00e1 el <u>lunes 30 de septiembre de 17:00 a 19:00 horas<\/u>.<\/p>\n<p>Las clases de cante, impartidas por <strong>Maite Olivares,<\/strong> comprenden t\u00e9cnica vocal y el estudio de los distintos estilos, adem\u00e1s de un acercamiento al flamenco desde el punto de vista antropol\u00f3gico e hist\u00f3rico. Las sesiones se celebran <u>los lunes a las 17:00 horas<\/u>.<\/p>\n<h3><strong>M\u00e1s informaci\u00f3n:<\/strong><\/h3>\n<p><a href=\"https:\/\/www.upo.es\/upsc\/extension_cultural\/programas-y-proyectos-del-sec\/artes-y-formacion\/\"><strong>Programa \u2018Artes y Formaci\u00f3n\u2019<\/strong><\/a><\/p>\n","protected":false},"excerpt":{"rendered":"<p>Con el objetivo de fomentar las disciplinas art\u00edsticas entre la comunidad universitaria y la sociedad, el Vicerrectorado de Cultura y Pol\u00edticas Sociales de la Universidad Pablo de Olavide ha puesto en marcha una nueva edici\u00f3n del Programa \u2018Artes y Formaci\u00f3n\u2019, una iniciativa que ofrece formaci\u00f3n te\u00f3rico-pr\u00e1ctica en disciplinas art\u00edsticas como las artes esc\u00e9nicas, la m\u00fasica coral y cante y baile flamenco.<\/p>\n","protected":false},"author":2,"featured_media":30883421,"comment_status":"closed","ping_status":"open","sticky":false,"template":"","format":"standard","meta":{"_monsterinsights_skip_tracking":false,"_monsterinsights_sitenote_active":false,"_monsterinsights_sitenote_note":"","_monsterinsights_sitenote_category":0,"footnotes":""},"categories":[5843],"tags":[2523,8920,8921,8922,93,8919,4119,7194],"class_list":["post-30883420","post","type-post","status-publish","format-standard","has-post-thumbnail","hentry","category-cultura-social","tag-artes-escenicas","tag-asociacion-cultural-coro-de-la-upo","tag-asociacion-cultural-la-escalera-teatro","tag-asociacion-cultural-pena-sentir-flamenco","tag-flamenco","tag-musica-coral","tag-programa-artes-y-formacion","tag-vicerrectorado-de-cultura-y-politicas-sociales"],"_links":{"self":[{"href":"https:\/\/www.upo.es\/diario\/wp-json\/wp\/v2\/posts\/30883420","targetHints":{"allow":["GET"]}}],"collection":[{"href":"https:\/\/www.upo.es\/diario\/wp-json\/wp\/v2\/posts"}],"about":[{"href":"https:\/\/www.upo.es\/diario\/wp-json\/wp\/v2\/types\/post"}],"author":[{"embeddable":true,"href":"https:\/\/www.upo.es\/diario\/wp-json\/wp\/v2\/users\/2"}],"replies":[{"embeddable":true,"href":"https:\/\/www.upo.es\/diario\/wp-json\/wp\/v2\/comments?post=30883420"}],"version-history":[{"count":1,"href":"https:\/\/www.upo.es\/diario\/wp-json\/wp\/v2\/posts\/30883420\/revisions"}],"predecessor-version":[{"id":30883422,"href":"https:\/\/www.upo.es\/diario\/wp-json\/wp\/v2\/posts\/30883420\/revisions\/30883422"}],"wp:featuredmedia":[{"embeddable":true,"href":"https:\/\/www.upo.es\/diario\/wp-json\/wp\/v2\/media\/30883421"}],"wp:attachment":[{"href":"https:\/\/www.upo.es\/diario\/wp-json\/wp\/v2\/media?parent=30883420"}],"wp:term":[{"taxonomy":"category","embeddable":true,"href":"https:\/\/www.upo.es\/diario\/wp-json\/wp\/v2\/categories?post=30883420"},{"taxonomy":"post_tag","embeddable":true,"href":"https:\/\/www.upo.es\/diario\/wp-json\/wp\/v2\/tags?post=30883420"}],"curies":[{"name":"wp","href":"https:\/\/api.w.org\/{rel}","templated":true}]}}