{"id":30883434,"date":"2024-09-18T15:30:19","date_gmt":"2024-09-18T13:30:19","guid":{"rendered":"https:\/\/www.upo.es\/diario\/?p=30883434"},"modified":"2024-09-30T10:52:16","modified_gmt":"2024-09-30T08:52:16","slug":"apertura-curso-academico-2024-25-francisco-oliva","status":"publish","type":"post","link":"https:\/\/www.upo.es\/diario\/institucional\/2024\/09\/apertura-curso-academico-2024-25-francisco-oliva\/","title":{"rendered":"Francisco Oliva reivindica el papel del profesorado y la apuesta por la innovaci\u00f3n de las universidades p\u00fablicas"},"content":{"rendered":"<p><iframe loading=\"lazy\" title=\"YouTube video player\" src=\"https:\/\/www.youtube.com\/embed\/whW6OHHGKK8?si=EItsNGNvyXAjXR-J\" width=\"560\" height=\"315\" frameborder=\"0\" allowfullscreen=\"allowfullscreen\"><\/iframe><\/p>\n<p>El Curso Acad\u00e9mico 2024\/2025 de la Universidad Pablo de Olavide ha sido inaugurado esta ma\u00f1ana en el Paraninfo por el rector, <strong>Francisco Oliva Bl\u00e1zquez<\/strong>, en un acto que ha contado con la asistencia de los rectores de Granada y Sevilla, <strong>Pedro Mercado y Miguel \u00c1ngel Castro<\/strong>, y del secretario general de Universidades de la Junta, <strong>Ram\u00f3n Herrera<\/strong>, adem\u00e1s de representantes y autoridades de entidades e instituciones, tanto p\u00fablicas como privadas, de Sevilla y Andaluc\u00eda.<\/p>\n<p><strong>Carlos Alarc\u00f3n Cabrera<\/strong>, catedr\u00e1tico de Filosof\u00eda del Derecho de la Universidad Pablo de Olavide, ha impartido la Lecci\u00f3n Inaugural del Curso 2024\/2025, titulada <strong>\u2018Shostakovich vs. Stalin: M\u00fasica y pol\u00edtica en la Uni\u00f3n Sovi\u00e9tica\u2019<\/strong>. En su exposici\u00f3n, el Dr. Alarc\u00f3n ha narrado las injerencias del poder pol\u00edtico en la cultura durante la etapa de Stalin, siguiendo la biograf\u00eda y la carrera del m\u00fasico nacido en San Petersburgo en 1906, ejemplo de c\u00f3mo todo totalitarismo trata de controlar y manipular las expresiones art\u00edsticas que no sirvan a sus intereses.<\/p>\n<figure id=\"attachment_30883438\" aria-describedby=\"caption-attachment-30883438\" style=\"width: 420px\" class=\"wp-caption alignright\"><a href=\"https:\/\/www.upo.es\/diario\/wp-content\/uploads\/2024\/09\/6409f559-abf1-486f-af7a-4421ad8a54c4.jpg\"><img loading=\"lazy\" decoding=\"async\" class=\"size-medium wp-image-30883438\" src=\"https:\/\/www.upo.es\/diario\/wp-content\/uploads\/2024\/09\/6409f559-abf1-486f-af7a-4421ad8a54c4-420x280.jpg\" alt=\"La secretaria general de la UPO, Silvia Mendoza, durante la presentaci\u00f3n de la Memoria 2023\/24\" width=\"420\" height=\"280\" srcset=\"https:\/\/www.upo.es\/diario\/wp-content\/uploads\/2024\/09\/6409f559-abf1-486f-af7a-4421ad8a54c4-420x280.jpg 420w, https:\/\/www.upo.es\/diario\/wp-content\/uploads\/2024\/09\/6409f559-abf1-486f-af7a-4421ad8a54c4-750x500.jpg 750w, https:\/\/www.upo.es\/diario\/wp-content\/uploads\/2024\/09\/6409f559-abf1-486f-af7a-4421ad8a54c4-768x512.jpg 768w, https:\/\/www.upo.es\/diario\/wp-content\/uploads\/2024\/09\/6409f559-abf1-486f-af7a-4421ad8a54c4-1536x1023.jpg 1536w, https:\/\/www.upo.es\/diario\/wp-content\/uploads\/2024\/09\/6409f559-abf1-486f-af7a-4421ad8a54c4-165x109.jpg 165w, https:\/\/www.upo.es\/diario\/wp-content\/uploads\/2024\/09\/6409f559-abf1-486f-af7a-4421ad8a54c4-1320x879.jpg 1320w, https:\/\/www.upo.es\/diario\/wp-content\/uploads\/2024\/09\/6409f559-abf1-486f-af7a-4421ad8a54c4.jpg 1600w\" sizes=\"auto, (max-width: 420px) 100vw, 420px\" \/><\/a><figcaption id=\"caption-attachment-30883438\" class=\"wp-caption-text\">La secretaria general de la UPO, Silvia Mendoza, durante la presentaci\u00f3n de la Memoria 2023\/2024<\/figcaption><\/figure>\n<p>El Acto Acad\u00e9mico ha comenzado con la <strong>presentaci\u00f3n por parte de la secretaria general, Silvia Mendoza Calder\u00f3n, de la Memoria del Curso 2023\/2024<\/strong>. Entre los principales datos de la actividad universitaria de la Pablo de Olavide, destacan los 10.382 estudiantes de grado que se han formado en sus ocho centros, de los que 5.975 han sido mujeres y 4.407 hombres; los 1.633 estudiantes de M\u00e1ster Universitario, tambi\u00e9n con mayor\u00eda femenina (1.022); y los 992 estudiantes de la Escuela de Doctorado, en la que se han defendido 93 tesis doctorales. Adem\u00e1s, durante el pasado curso se han impartido 61 t\u00edtulos propios en los que se han formado 933 personas. En investigaci\u00f3n, la UPO ha gestionado m\u00e1s de 33 millones de euros en I+D+i, gracias a la labor de 101 grupos de investigaci\u00f3n, integrados por 1.015 personas.<\/p>\n<p>En el <strong>discurso con el que ha inaugurado el curso 2024\/2025, Francisco Oliva <\/strong>ha reivindicado el papel de la docencia en las universidades p\u00fablicas, y el \u201crol imprescindible que ejerce el profesorado para la formaci\u00f3n y capacitaci\u00f3n del estudiantado\u201d. Sin olvidar que la docencia debe avanzar \u201cinnovando y adaptando nuestra tarea a la nueva realidad digital del siglo XXI\u201d, Francisco Oliva <strong>ha defendido as\u00ed la relaci\u00f3n personal entre profesores y estudiantes como gran valor de la ense\u00f1anza universitaria presencial<\/strong>.<\/p>\n<p>El rector ha enumerado a continuaci\u00f3n algunos de los retos que la Universidad Pablo de Olavide tendr\u00e1 que abordar en el curso que da comienzo. Entre ellos, ha destacado la <strong>adaptaci\u00f3n de los Estatutos a la LOSU<\/strong>, que deber\u00e1 tener en cuenta tambi\u00e9n la inminente Ley Andaluza de Universidades, para lo que ha anunciado una pr\u00f3xima convocatoria del Claustro que deber\u00e1 nombrar en octubre una Comisi\u00f3n de reforma estatutaria. La puesta en marcha de la <strong>nueva oferta acad\u00e9mica, con Grados STEM y Grados duales<\/strong>, y la necesaria renovaci\u00f3n de las instalaciones universitarias, son tambi\u00e9n tareas que afrontar durante este curso.<\/p>\n<p>Oliva ha reclamado a las administraciones que trabajen con las universidades p\u00fablicas para lograr que la <strong>financiaci\u00f3n del Sistema Universitario Espa\u00f1ol alcance el 1% del PIB<\/strong>, \u201clo que supondr\u00eda pasar de los aproximadamente 8.100 millones de financiaci\u00f3n en todo el sistema nacional a una cifra que los duplicar\u00eda en 2030\u201d. A nivel auton\u00f3mico, el rector de la Olavide, y presidente de la Asociaci\u00f3n de Universidades P\u00fablicas Andaluzas, <strong>ha reclamado que se cierre la partida de financiaci\u00f3n correspondiente a 2024 y acordar un Plan Plurianual de Infraestructuras espec\u00edfico,<\/strong> para el que se ha ofrecido \u201ca trabajar desde este mismo momento con la Consejer\u00eda para preparar una programaci\u00f3n que sea realista y adecuada a las posibilidades financieras de la Junta de Andaluc\u00eda\u201d.<\/p>\n<h3><strong>Apuesta de las universidades p\u00fablicas por la innovaci\u00f3n<\/strong><\/h3>\n<p><a href=\"https:\/\/www.upo.es\/diario\/wp-content\/uploads\/2024\/09\/Apertura-Curso-2024-25_UPO-5.jpg\"><img loading=\"lazy\" decoding=\"async\" class=\"size-medium wp-image-30883441 alignleft\" src=\"https:\/\/www.upo.es\/diario\/wp-content\/uploads\/2024\/09\/Apertura-Curso-2024-25_UPO-5-420x280.jpg\" alt=\"Francisco Oliva durante su discurso\" width=\"420\" height=\"280\" srcset=\"https:\/\/www.upo.es\/diario\/wp-content\/uploads\/2024\/09\/Apertura-Curso-2024-25_UPO-5-420x280.jpg 420w, https:\/\/www.upo.es\/diario\/wp-content\/uploads\/2024\/09\/Apertura-Curso-2024-25_UPO-5-750x500.jpg 750w, https:\/\/www.upo.es\/diario\/wp-content\/uploads\/2024\/09\/Apertura-Curso-2024-25_UPO-5-768x512.jpg 768w, https:\/\/www.upo.es\/diario\/wp-content\/uploads\/2024\/09\/Apertura-Curso-2024-25_UPO-5-1536x1025.jpg 1536w, https:\/\/www.upo.es\/diario\/wp-content\/uploads\/2024\/09\/Apertura-Curso-2024-25_UPO-5-165x109.jpg 165w, https:\/\/www.upo.es\/diario\/wp-content\/uploads\/2024\/09\/Apertura-Curso-2024-25_UPO-5-1320x880.jpg 1320w, https:\/\/www.upo.es\/diario\/wp-content\/uploads\/2024\/09\/Apertura-Curso-2024-25_UPO-5.jpg 2048w\" sizes=\"auto, (max-width: 420px) 100vw, 420px\" \/><\/a>El rector ha finalizado su intervenci\u00f3n con <strong>datos que ponen de manifiesto el protagonismo de las universidades p\u00fablicas en la investigaci\u00f3n, la innovaci\u00f3n y la transferencia del conocimiento en nuestro pa\u00eds<\/strong>. As\u00ed, el 90% de la investigaci\u00f3n andaluza se realiza en las universidades p\u00fablicas; el 94% de las tesis doctorales se defienden en Espa\u00f1a en campus p\u00fablicos; y el 91,3% de los sexenios de transferencia se concede a profesorado de estas universidades, frente al 1,2% de las privadas y el 7,1% del CSIC.<\/p>\n<p>Francisco Oliva ha puesto as\u00ed de manifiesto el valor de las universidades p\u00fablicas en un momento en el que Europa necesita de la innovaci\u00f3n para mejorar su competitividad, tal como recomienda el reciente informe presentado por Mario Draghi a la Comisi\u00f3n Europea<strong>. \u201cLas palabras investigaci\u00f3n, transferencia e innovaci\u00f3n, base del desarrollo econ\u00f3mico y del progreso social, se vinculan a la universidad p\u00fablica, y en consecuencia hemos de ser un actor privilegiado de esa transformaci\u00f3n innovadora\u201d<\/strong>, ha subrayado.<\/p>\n<p>Con motivo del <strong>300 aniversario del nacimiento de Immanuel Kant<\/strong>, y en relaci\u00f3n con los conflictos b\u00e9licos actuales, Francisco Oliva ha recordado las palabras y la obra del fil\u00f3sofo ilustrado y, ante la posible involuci\u00f3n de los valores de la no violencia \u201clas universidades tenemos que estar a la altura de los tiempos para <strong>defender, ante todo, la paz, la justicia y la solidaridad<\/strong>\u201d.<\/p>\n<p><a title=\"Inauguraci\u00f3n del Curso Acad\u00e9mico 2024\/25\" href=\"https:\/\/www.flickr.com\/photos\/pablodeolavide\/albums\/72177720320452663\" data-flickr-embed=\"true\" data-footer=\"true\"><img loading=\"lazy\" decoding=\"async\" src=\"https:\/\/live.staticflickr.com\/65535\/54004970307_949eee1174_c.jpg\" alt=\"Inauguraci\u00f3n del Curso Acad\u00e9mico 2024\/25\" width=\"800\" height=\"600\" \/><\/a><script async src=\"\/\/embedr.flickr.com\/assets\/client-code.js\" charset=\"utf-8\"><\/script><\/p>\n","protected":false},"excerpt":{"rendered":"<p>El rector anuncia la pr\u00f3xima convocatoria del Claustro Universitario con el objetivo de adaptar los Estatutos de la Universidad a la LOSU.<\/p>\n","protected":false},"author":6,"featured_media":30883435,"comment_status":"closed","ping_status":"open","sticky":false,"template":"","format":"standard","meta":{"_monsterinsights_skip_tracking":false,"_monsterinsights_sitenote_active":false,"_monsterinsights_sitenote_note":"","_monsterinsights_sitenote_category":0,"footnotes":""},"categories":[6],"tags":[6525,8709,8653,874,8040,199,38,5488],"class_list":["post-30883434","post","type-post","status-publish","format-standard","has-post-thumbnail","hentry","category-institucional","tag-claustro-universitario","tag-consejeria-de-universidades","tag-curso-2024-2025","tag-financiacion","tag-losu","tag-profesorado","tag-rector","tag-universidades-publicas-andaluzas"],"_links":{"self":[{"href":"https:\/\/www.upo.es\/diario\/wp-json\/wp\/v2\/posts\/30883434","targetHints":{"allow":["GET"]}}],"collection":[{"href":"https:\/\/www.upo.es\/diario\/wp-json\/wp\/v2\/posts"}],"about":[{"href":"https:\/\/www.upo.es\/diario\/wp-json\/wp\/v2\/types\/post"}],"author":[{"embeddable":true,"href":"https:\/\/www.upo.es\/diario\/wp-json\/wp\/v2\/users\/6"}],"replies":[{"embeddable":true,"href":"https:\/\/www.upo.es\/diario\/wp-json\/wp\/v2\/comments?post=30883434"}],"version-history":[{"count":6,"href":"https:\/\/www.upo.es\/diario\/wp-json\/wp\/v2\/posts\/30883434\/revisions"}],"predecessor-version":[{"id":30883448,"href":"https:\/\/www.upo.es\/diario\/wp-json\/wp\/v2\/posts\/30883434\/revisions\/30883448"}],"wp:featuredmedia":[{"embeddable":true,"href":"https:\/\/www.upo.es\/diario\/wp-json\/wp\/v2\/media\/30883435"}],"wp:attachment":[{"href":"https:\/\/www.upo.es\/diario\/wp-json\/wp\/v2\/media?parent=30883434"}],"wp:term":[{"taxonomy":"category","embeddable":true,"href":"https:\/\/www.upo.es\/diario\/wp-json\/wp\/v2\/categories?post=30883434"},{"taxonomy":"post_tag","embeddable":true,"href":"https:\/\/www.upo.es\/diario\/wp-json\/wp\/v2\/tags?post=30883434"}],"curies":[{"name":"wp","href":"https:\/\/api.w.org\/{rel}","templated":true}]}}