{"id":30883459,"date":"2024-09-19T15:30:34","date_gmt":"2024-09-19T13:30:34","guid":{"rendered":"https:\/\/www.upo.es\/diario\/?p=30883459"},"modified":"2024-09-27T14:51:29","modified_gmt":"2024-09-27T12:51:29","slug":"la-upo-se-suma-a-la-semana-europea-del-deporte-beactive-2024","status":"publish","type":"post","link":"https:\/\/www.upo.es\/diario\/comunidad\/2024\/09\/la-upo-se-suma-a-la-semana-europea-del-deporte-beactive-2024\/","title":{"rendered":"La UPO se suma a la Semana Europea del Deporte, #BeActive 2024"},"content":{"rendered":"<figure id=\"attachment_30883460\" aria-describedby=\"caption-attachment-30883460\" style=\"width: 750px\" class=\"wp-caption aligncenter\"><a href=\"https:\/\/www.upo.es\/diario\/wp-content\/uploads\/2024\/09\/Semana-Europea-Deporte-UPO-1-scaled.jpg\"><img loading=\"lazy\" decoding=\"async\" class=\"size-large wp-image-30883460\" src=\"https:\/\/www.upo.es\/diario\/wp-content\/uploads\/2024\/09\/Semana-Europea-Deporte-UPO-1-750x500.jpg\" alt=\"\u00c1frica Calvo y Antonio Fern\u00e1ndez en la presentaci\u00f3n del Programa de la SED en la UPO\" width=\"750\" height=\"500\" srcset=\"https:\/\/www.upo.es\/diario\/wp-content\/uploads\/2024\/09\/Semana-Europea-Deporte-UPO-1-750x500.jpg 750w, https:\/\/www.upo.es\/diario\/wp-content\/uploads\/2024\/09\/Semana-Europea-Deporte-UPO-1-420x280.jpg 420w, https:\/\/www.upo.es\/diario\/wp-content\/uploads\/2024\/09\/Semana-Europea-Deporte-UPO-1-768x512.jpg 768w, https:\/\/www.upo.es\/diario\/wp-content\/uploads\/2024\/09\/Semana-Europea-Deporte-UPO-1-1536x1024.jpg 1536w, https:\/\/www.upo.es\/diario\/wp-content\/uploads\/2024\/09\/Semana-Europea-Deporte-UPO-1-2048x1365.jpg 2048w, https:\/\/www.upo.es\/diario\/wp-content\/uploads\/2024\/09\/Semana-Europea-Deporte-UPO-1-165x109.jpg 165w, https:\/\/www.upo.es\/diario\/wp-content\/uploads\/2024\/09\/Semana-Europea-Deporte-UPO-1-1320x880.jpg 1320w\" sizes=\"auto, (max-width: 750px) 100vw, 750px\" \/><\/a><figcaption id=\"caption-attachment-30883460\" class=\"wp-caption-text\">\u00c1frica Calvo y Antonio Fern\u00e1ndez en la presentaci\u00f3n del Programa de la SED en la UPO<\/figcaption><\/figure>\n<p>La <a href=\"https:\/\/sport.ec.europa.eu\/european-week-of-sport\">Semana Europea del Deporte<\/a> (SED) es un evento impulsado por la Comisi\u00f3n Europea, con el objetivo de difundir los beneficios que la actividad f\u00edsica y la pr\u00e1ctica deportiva tienen en la salud, corporal, mental y emocional. Este a\u00f1o <strong>se celebrar\u00e1 en m\u00e1s de 40 pa\u00edses de todo el continente, desde el lunes 23 de septiembre, bajo el lema<\/strong> <strong><em>#BeActive, Inclusion, Well-being, Belonging<\/em><\/strong>.<\/p>\n<p><a href=\"https:\/\/www.upo.es\/diario\/wp-content\/uploads\/2024\/09\/2024_DG-EAC_BeActive_Social-Images_well-being_portrait_headline.jpg\"><img loading=\"lazy\" decoding=\"async\" class=\"size-large wp-image-30883465 alignright\" src=\"https:\/\/www.upo.es\/diario\/wp-content\/uploads\/2024\/09\/2024_DG-EAC_BeActive_Social-Images_well-being_portrait_headline-420x525.jpg\" alt=\"#BeActive - Sports boosts personal well-being\" width=\"420\" height=\"525\" srcset=\"https:\/\/www.upo.es\/diario\/wp-content\/uploads\/2024\/09\/2024_DG-EAC_BeActive_Social-Images_well-being_portrait_headline-420x525.jpg 420w, https:\/\/www.upo.es\/diario\/wp-content\/uploads\/2024\/09\/2024_DG-EAC_BeActive_Social-Images_well-being_portrait_headline-336x420.jpg 336w, https:\/\/www.upo.es\/diario\/wp-content\/uploads\/2024\/09\/2024_DG-EAC_BeActive_Social-Images_well-being_portrait_headline-768x960.jpg 768w, https:\/\/www.upo.es\/diario\/wp-content\/uploads\/2024\/09\/2024_DG-EAC_BeActive_Social-Images_well-being_portrait_headline.jpg 1200w\" sizes=\"auto, (max-width: 420px) 100vw, 420px\" \/><\/a>El Vicerrectorado de Campus Saludable y Deporte de la Pablo de Olvide ha organizado un <a href=\"https:\/\/www.upo.es\/diario\/wp-content\/uploads\/2024\/09\/Programa-2024-SED-a-10-09-24.pdf\" target=\"_blank\" rel=\"noopener\">programa de actividades<\/a> dise\u00f1ado para que participe toda la comunidad universitaria. La SED 24 comenzar\u00e1 el <strong>lunes 23<\/strong> en la Plaza de Am\u00e9rica, con exhibiciones de <strong>Pickleball<\/strong>, a las 10:00 horas; <strong>Patinaje en l\u00ednea<\/strong>, 12:00 horas; y <strong>Slackline<\/strong>, a las 13:00 horas.<\/p>\n<p>El <strong>martes 24<\/strong> ser\u00e1 presentada una nueva edici\u00f3n de <strong>\u2018X tu salud, mu\u00e9vete\u2019, un programa ideado para evitar el sedentarismo durante la jornada laboral<\/strong>. Esta iniciativa permite al personal que trabaja en el campus realizar actividad f\u00edsica al aire libre, bien al principio o al final del horario laboral, adem\u00e1s de recibir consejos sobre higiene postural y h\u00e1bitos saludables. La actividad, de media hora de duraci\u00f3n, se realiza en el CuboFit del campus y la <a href=\"https:\/\/forms.gle\/jVcU4gCZEzX1pcG17\">inscripci\u00f3n para la VII edici\u00f3n<\/a> del programa se encuentra abierta.<\/p>\n<p>El <strong>mi\u00e9rcoles d\u00eda 25<\/strong> tendr\u00e1 lugar un <strong>Marat\u00f3n de p\u00e1del<\/strong>, desde las 9:00 horas en las pistas situadas junto al Gimnasio, esta actividad requiere <a href=\"https:\/\/www.upo.es\/limesurvey\/index.php?r=survey\/index&amp;sid=432758&amp;lang=es\">inscripci\u00f3n previa<\/a>. A las 13:30 horas, en la sala de grados del edificio 7, tendr\u00e1 lugar <strong>un acto de bienvenida a los deportistas de alto nivel y alto rendimiento (DAN \/ DAR)<\/strong> de la Universidad, y ser\u00e1 presentado el programa \u2018<strong><em>UPO Sport Talent\u2019<\/em><\/strong>.<\/p>\n<p>El <strong>F\u00fatbol Sala<\/strong> ser\u00e1 el deporte protagonista del <strong>jueves<\/strong>, con un torneo que tendr\u00e1 lugar entre las 11 y las 14 horas en el Pabell\u00f3n Deportivo 38. Para el <strong>viernes 27<\/strong> se han organizado dos<strong> subidas a la Torre del campus<\/strong>, a las 10:00 y a las 10:45 horas (plazas limitadas). La Semana Europea del Deporte finalizar\u00e1 en la Olavide con un torneo de <strong>Tenis de Mesa<\/strong>, programado a las 13:30 horas. La participaci\u00f3n en estas actividades requiere <strong>inscripci\u00f3n previa<\/strong>, disponible en <a href=\"http:\/\/www.upo.es\/limesurvey\/index.php?r=survey\/index&amp;sid=432758&amp;lang=es\">www.upo.es\/limesurvey\/index.php?r=survey\/index&amp;sid=432758&amp;lang=es<\/a> .<\/p>\n<p>En el a\u00f1o de los Juegos de Par\u00eds 2024, la Semana Europea del Deporte est\u00e1 dedicada a promover los valores de la Uni\u00f3n Europea y del Olimpismo. De ah\u00ed el lema elegido, <em>Inclusion, Well-being,<\/em> <em>Belonging<\/em>. <strong>El deporte es para todos<\/strong>, no solo para los y las profesionales, y est\u00e1 abierto a personas de toda condici\u00f3n f\u00edsica, sin importar edad, g\u00e9nero, habilidades, educaci\u00f3n, religi\u00f3n, origen \u00e9tnico u orientaci\u00f3n sexual. El deporte es inclusivo. La actividad f\u00edsica ayuda a mejorar el <strong>bienestar<\/strong> emocional, aumenta la autoestima y promueve la salud. El deporte permite la participaci\u00f3n en aquellas comunidades en las que cada persona desarrolla su actividad diaria. Centros de trabajo y educativos, barrios, asociaciones, etc. La actividad f\u00edsica es una forma excelente de socializar, compartiendo valores de respeto y solidaridad, al tiempo que cada persona mantiene su individualidad. <strong>El deporte aporta sentido de pertenencia a una comunidad<\/strong>.<\/p>\n<p>\u201cPresentamos un programa de actividades amplio y variado para que pueda participar toda la comunidad universitaria, pero este a\u00f1o, sobre todo, queremos concienciar al estudiantado de la importancia que tiene la pr\u00e1ctica deportiva y el deporte, no s\u00f3lo para la mejora de la salud, sino como herramienta inclusiva, solidaria y educativa\u201d, ha declarado <strong>Antonio Fern\u00e1ndez, vicerrector de Campus Saludable y Deporte<\/strong> en la presentaci\u00f3n del programa de la SED en la UPO. Las actividades han sido tambi\u00e9n dise\u00f1adas para el estudiantado que se incorpora este curso \u201cy crear as\u00ed un ambiente donde todos y todas se sientan bienvenidos\u201d.<\/p>\n<p><iframe loading=\"lazy\" id=\"ec-player\" title=\"European Week of Sport Teaser\" src=\"https:\/\/audiovisual.ec.europa.eu\/corporateplayer\/index.html?video=I-260125&amp;language=EN\" width=\"852\" height=\"480\" frameborder=\"0\" scrolling=\"no\" allowfullscreen=\"allowfullscreen\"><\/iframe><\/p>\n<p>&nbsp;<\/p>\n","protected":false},"excerpt":{"rendered":"<p>La Semana Europea del Deporte (SED) es un evento impulsado por la Comisi\u00f3n Europea, con el objetivo de difundir los beneficios que la actividad f\u00edsica y la pr\u00e1ctica deportiva tienen en la salud, corporal, mental y emocional. Este a\u00f1o se celebrar\u00e1 en m\u00e1s de 40 pa\u00edses de todo el continente, desde el lunes 23 de septiembre, bajo el lema #BeActive,<a class=\"read-more\" href=\"https:\/\/www.upo.es\/diario\/comunidad\/2024\/09\/la-upo-se-suma-a-la-semana-europea-del-deporte-beactive-2024\/\">[Read More&#8230;]<\/a><\/p>\n","protected":false},"author":6,"featured_media":30883460,"comment_status":"closed","ping_status":"open","sticky":false,"template":"","format":"standard","meta":{"_monsterinsights_skip_tracking":false,"_monsterinsights_sitenote_active":false,"_monsterinsights_sitenote_note":"","_monsterinsights_sitenote_category":0,"footnotes":""},"categories":[5842],"tags":[6827,107,231,218,2300,8104,7253],"class_list":["post-30883459","post","type-post","status-publish","format-standard","has-post-thumbnail","hentry","category-comunidad","tag-bienestar","tag-campus","tag-deportes-2","tag-salud","tag-salud-mental","tag-semana-europea-del-deporte","tag-vicerrectorado-de-campus-saludable-y-deporte"],"_links":{"self":[{"href":"https:\/\/www.upo.es\/diario\/wp-json\/wp\/v2\/posts\/30883459","targetHints":{"allow":["GET"]}}],"collection":[{"href":"https:\/\/www.upo.es\/diario\/wp-json\/wp\/v2\/posts"}],"about":[{"href":"https:\/\/www.upo.es\/diario\/wp-json\/wp\/v2\/types\/post"}],"author":[{"embeddable":true,"href":"https:\/\/www.upo.es\/diario\/wp-json\/wp\/v2\/users\/6"}],"replies":[{"embeddable":true,"href":"https:\/\/www.upo.es\/diario\/wp-json\/wp\/v2\/comments?post=30883459"}],"version-history":[{"count":5,"href":"https:\/\/www.upo.es\/diario\/wp-json\/wp\/v2\/posts\/30883459\/revisions"}],"predecessor-version":[{"id":30883469,"href":"https:\/\/www.upo.es\/diario\/wp-json\/wp\/v2\/posts\/30883459\/revisions\/30883469"}],"wp:featuredmedia":[{"embeddable":true,"href":"https:\/\/www.upo.es\/diario\/wp-json\/wp\/v2\/media\/30883460"}],"wp:attachment":[{"href":"https:\/\/www.upo.es\/diario\/wp-json\/wp\/v2\/media?parent=30883459"}],"wp:term":[{"taxonomy":"category","embeddable":true,"href":"https:\/\/www.upo.es\/diario\/wp-json\/wp\/v2\/categories?post=30883459"},{"taxonomy":"post_tag","embeddable":true,"href":"https:\/\/www.upo.es\/diario\/wp-json\/wp\/v2\/tags?post=30883459"}],"curies":[{"name":"wp","href":"https:\/\/api.w.org\/{rel}","templated":true}]}}