{"id":30883504,"date":"2024-09-23T12:34:35","date_gmt":"2024-09-23T10:34:35","guid":{"rendered":"https:\/\/www.upo.es\/diario\/?p=30883504"},"modified":"2024-09-27T14:52:11","modified_gmt":"2024-09-27T12:52:11","slug":"el-proyecto-incasi2-profundiza-en-las-desigualdades-socioeconomicas-desde-una-perspectiva-comparada","status":"publish","type":"post","link":"https:\/\/www.upo.es\/diario\/docencia-formacion\/2024\/09\/el-proyecto-incasi2-profundiza-en-las-desigualdades-socioeconomicas-desde-una-perspectiva-comparada\/","title":{"rendered":"El proyecto INCASI2 profundiza en las desigualdades socioecon\u00f3micas desde una perspectiva comparada"},"content":{"rendered":"<p><a href=\"https:\/\/www.upo.es\/diario\/wp-content\/uploads\/2024\/09\/incasi2.jpg\"><img loading=\"lazy\" decoding=\"async\" class=\"aligncenter size-full wp-image-30883505\" src=\"https:\/\/www.upo.es\/diario\/wp-content\/uploads\/2024\/09\/incasi2.jpg\" alt=\"\" width=\"668\" height=\"385\" srcset=\"https:\/\/www.upo.es\/diario\/wp-content\/uploads\/2024\/09\/incasi2.jpg 668w, https:\/\/www.upo.es\/diario\/wp-content\/uploads\/2024\/09\/incasi2-420x242.jpg 420w\" sizes=\"auto, (max-width: 668px) 100vw, 668px\" \/><\/a><\/p>\n<p>Con el objetivo de abordar las <strong>desigualdades socioecon\u00f3micas en una perspectiva comparada internacional entre Europa y Am\u00e9rica Latina y el Caribe<\/strong>, investigadores e investigadoras de la Universidad Pablo de Olavide participan en el <strong>proyecto INCASI2<\/strong> (<em>A New Measure of Socioeconomic Inequalities for International Comparison<\/em>), una iniciativa que se desarrolla bajo el programa <em>Horizon Europe, Marie Sk\u0142odowska-Curie Actions<\/em> (MSCA), <em>Staff Exchange<\/em> (GA101130456) entre noviembre de 2023 y octubre de 2027, y que cuenta con una financiaci\u00f3n de 1.614.600 euros.<\/p>\n<figure id=\"attachment_30882985\" aria-describedby=\"caption-attachment-30882985\" style=\"width: 413px\" class=\"wp-caption alignright\"><a href=\"https:\/\/www.upo.es\/diario\/wp-content\/uploads\/2024\/07\/incasi05.jpeg\"><img loading=\"lazy\" decoding=\"async\" class=\"size-medium wp-image-30882985\" src=\"https:\/\/www.upo.es\/diario\/wp-content\/uploads\/2024\/07\/incasi05-413x420.jpeg\" alt=\"De izquierda a derecha, Pedro L\u00f3pez-Rold\u00e1n y Sandra Fachelli.\" width=\"413\" height=\"420\" srcset=\"https:\/\/www.upo.es\/diario\/wp-content\/uploads\/2024\/07\/incasi05-413x420.jpeg 413w, https:\/\/www.upo.es\/diario\/wp-content\/uploads\/2024\/07\/incasi05-516x525.jpeg 516w, https:\/\/www.upo.es\/diario\/wp-content\/uploads\/2024\/07\/incasi05-768x781.jpeg 768w, https:\/\/www.upo.es\/diario\/wp-content\/uploads\/2024\/07\/incasi05.jpeg 1258w\" sizes=\"auto, (max-width: 413px) 100vw, 413px\" \/><\/a><figcaption id=\"caption-attachment-30882985\" class=\"wp-caption-text\">Pedro L\u00f3pez-Rold\u00e1n y Sandra Fachelli,\u00a0 en el primer Global Meeting de la red INCASI celebrado el pasado mes de julio en la UPO.<\/figcaption><\/figure>\n<p>Una de las acciones de mayor impacto del proyecto INCASI2 es la <strong>construcci\u00f3n de una medida innovadora multidimensional de desigualdad social<\/strong> que denominan <strong><em>DYSIC: Dynamics of Socioeconomic Inequality in Comparison<\/em><\/strong>. Como se\u00f1ala la profesora del Departamento de Sociolog\u00eda <strong>Sandra Fachelli<\/strong>, a cargo de la subcordinaci\u00f3n del proyecto, \u201cel objetivo es crear una herramienta para examinar y comprender el funcionamiento de las desigualdades socioecon\u00f3micas que pueda utilizarse para el an\u00e1lisis comparativo internacional\u201d. \u201cEs un gran reto\u201d, a\u00f1ade <strong>Luis Navarro Ardoy<\/strong>, tambi\u00e9n profesor de dicho departamento e investigador del proyecto, \u201cporque para ello se requiere la construcci\u00f3n de conceptos integradores de la desigualdad socioecon\u00f3mica que puedan aplicarse universalmente, independientemente del nivel de desarrollo de un pa\u00eds o de sus circunstancias espec\u00edficas\u201d.<strong>\u00a0<\/strong><\/p>\n<p>El p\u00fablico en general podr\u00e1 conocer el proyecto de una manera original y did\u00e1ctica <strong>el 27 de septiembre, en el evento internacional de divulgaci\u00f3n cient\u00edfica \u2018La noche europea de l@s investigador@s. Mujeres y hombres que hacen ciencia para ti\u2019<\/strong>. INCASI participar\u00e1 en Sevilla con la exposici\u00f3n <a href=\"https:\/\/lanochedelosinvestigadores.fundaciondescubre.es\/actividades\/no-todo-lo-que-brilla-es-oro-mapas-de-las-desigualdades\/\">\u2018No todo lo que brilla es oro. Mapas de las desigualdades\u2019<\/a>.<\/p>\n<h3><strong>Cooperaci\u00f3n cient\u00edfica internacional<\/strong><\/h3>\n<p>Con una <strong>red de investigadores e investigadoras<\/strong> perteneciente a <strong>14 universidades europeas de 6 pa\u00edses <\/strong>(Espa\u00f1a, Italia, Francia, Pa\u00edses Bajos, Finlandia y Gran Breta\u00f1a), <strong>11 universidades de Am\u00e9rica latina y el Caribe<\/strong> <strong>de 7 pa\u00edses<\/strong> (Argentina, Bolivia, Cuba, Chile, Uruguay, Brasil y M\u00e9xico), y <strong>4 organizaciones no acad\u00e9micas <\/strong>(Latinobar\u00f3metro, CEPAL, INTAL y LAPOP), INCASI2 est\u00e1 investigando las desigualdades socioecon\u00f3micas a partir de an\u00e1lisis en <strong>seis l\u00edneas de investigaci\u00f3n<\/strong>: <strong>trabajo, educaci\u00f3n, g\u00e9nero, estratificaci\u00f3n social y movilidad, migraciones y pol\u00edticas p\u00fablicas<\/strong>.<\/p>\n<p>El trabajo de esta extensa red de investigaci\u00f3n se est\u00e1 realizando mediante estancias de investigaci\u00f3n, seminarios y el novedoso <strong>INCASI <em>Living<\/em><\/strong><em> <strong>Lab<\/strong><\/em><strong>,<\/strong> un laboratorio vivo sobre desigualdades socioecon\u00f3micas entre Europa y Am\u00e9rica Latina y el Caribe con el fin de forjar una <strong>cooperaci\u00f3n cient\u00edfica internacional sobre desigualdades socioecon\u00f3micas para resolver los retos presentes y futuros<\/strong> y elaborar diagn\u00f3sticos y conclusiones pr\u00e1cticas que informen el dise\u00f1o de pol\u00edticas p\u00fablicas innovadoras dirigidas a abordar situaciones de desigualdad socioecon\u00f3mica en colaboraci\u00f3n con los agentes socioecon\u00f3micos, pol\u00edticos y cient\u00edficos.<\/p>\n<p>Hasta la fecha, se han realizado un total de 22 <em>Living Lab<\/em> en donde se ha reflexionado sobre diferentes dimensiones de la desigualdad. Entre otras, en el empleo del hogar y cuidado en Espa\u00f1a, en el acceso y condiciones de educabilidad de las escuelas infantiles municipales de Barcelona, en las variaciones temporales en la movilidad intergeneracional de clases y el papel de la educaci\u00f3n en diferentes per\u00edodos en Argentina urbana. Todas las grabaciones est\u00e1n disponibles en <a href=\"https:\/\/webs.uab.cat\/incasi\/?page_id=178\">https:\/\/webs.uab.cat\/incasi\/?page_id=178<\/a>.<\/p>\n<p>Entre los resultados obtenidos, se destaca la necesidad de analizar los posibles efectos contradictorios de las pol\u00edticas sociales dentro de un mismo pa\u00eds y la necesidad de ampliar las pol\u00edticas de igualdad profesional para ser m\u00e1s inclusivas. En el caso de <strong>Espa\u00f1a<\/strong>, resalta el <strong>progreso en la agenda de igualdad de g\u00e9nero<\/strong>, especialmente con reformas en los permisos parentales que favorecen la corresponsabilidad. Se menciona la pol\u00edtica de los primeros 1000 d\u00edas como ejemplo, pero se advierte sobre la <strong>medicalizaci\u00f3n del embarazo<\/strong> y la <strong>ampliaci\u00f3n de las exigencias de la carga mental<\/strong>.<\/p>\n<p>Por otro lado, los <em>secondments <\/em>son estancias de investigaci\u00f3n de corta duraci\u00f3n, de un m\u00ednimo de un mes, que realizan los investigadores e investigadoras de la red en el centro de investigaci\u00f3n latinoamericano y caribe\u00f1o o europeo. Los intercambios se realizan en funci\u00f3n de la afinidad tem\u00e1tica de los grupos de investigaci\u00f3n de la red. <a href=\"https:\/\/webs.uab.cat\/incasi\/?page_id=151\">En total, el proyecto contempla 360 meses de estancias<\/a>. Hasta el momento, INCASI2 ha permitido 60 meses.<\/p>\n<p>Coordinado por el Instituto de Estudios del Trabajo (IET) de la Universitat Aut\u00f2noma de Barcelona, siendo el investigador principal de la red el <strong>Pedro L\u00f3pez-Rold\u00e1n<\/strong>, la subcoordinaci\u00f3n del proyecto est\u00e1 a cargo de la <strong>Sandra Fachelli<\/strong>, profesora del Departamento de Sociolog\u00eda de la Universidad Pablo de Olavide.<\/p>\n<p>Toda la informaci\u00f3n, en la web: <a href=\"https:\/\/webs.uab.cat\/incasi\/\">https:\/\/webs.uab.cat\/incasi\/<\/a><\/p>\n","protected":false},"excerpt":{"rendered":"<p>Con el objetivo de abordar las desigualdades socioecon\u00f3micas en una perspectiva comparada internacional entre Europa y Am\u00e9rica Latina y el Caribe, investigadores e investigadoras de la Universidad Pablo de Olavide participan en el proyecto INCASI2 (A New Measure of Socioeconomic Inequalities for International Comparison), una iniciativa que se desarrolla bajo el programa Horizon Europe, Marie Sk\u0142odowska-Curie Actions (MSCA), Staff Exchange (GA101130456) entre noviembre de 2023 y octubre de 2027, y que cuenta con una financiaci\u00f3n de 1.614.600 euros.<\/p>\n","protected":false},"author":2,"featured_media":30883505,"comment_status":"closed","ping_status":"open","sticky":false,"template":"","format":"standard","meta":{"_monsterinsights_skip_tracking":false,"_monsterinsights_sitenote_active":false,"_monsterinsights_sitenote_note":"","_monsterinsights_sitenote_category":0,"footnotes":""},"categories":[2779],"tags":[799,8877,2679,454,5528,8931,8876],"class_list":["post-30883504","post","type-post","status-publish","format-standard","has-post-thumbnail","hentry","category-docencia-formacion","tag-america-latina","tag-departamento-de-sociologi","tag-desigualdad","tag-europa","tag-la-noche-europea-de-ls-investigadors","tag-proyecto-incasi2","tag-red-incasi"],"_links":{"self":[{"href":"https:\/\/www.upo.es\/diario\/wp-json\/wp\/v2\/posts\/30883504","targetHints":{"allow":["GET"]}}],"collection":[{"href":"https:\/\/www.upo.es\/diario\/wp-json\/wp\/v2\/posts"}],"about":[{"href":"https:\/\/www.upo.es\/diario\/wp-json\/wp\/v2\/types\/post"}],"author":[{"embeddable":true,"href":"https:\/\/www.upo.es\/diario\/wp-json\/wp\/v2\/users\/2"}],"replies":[{"embeddable":true,"href":"https:\/\/www.upo.es\/diario\/wp-json\/wp\/v2\/comments?post=30883504"}],"version-history":[{"count":2,"href":"https:\/\/www.upo.es\/diario\/wp-json\/wp\/v2\/posts\/30883504\/revisions"}],"predecessor-version":[{"id":30883507,"href":"https:\/\/www.upo.es\/diario\/wp-json\/wp\/v2\/posts\/30883504\/revisions\/30883507"}],"wp:featuredmedia":[{"embeddable":true,"href":"https:\/\/www.upo.es\/diario\/wp-json\/wp\/v2\/media\/30883505"}],"wp:attachment":[{"href":"https:\/\/www.upo.es\/diario\/wp-json\/wp\/v2\/media?parent=30883504"}],"wp:term":[{"taxonomy":"category","embeddable":true,"href":"https:\/\/www.upo.es\/diario\/wp-json\/wp\/v2\/categories?post=30883504"},{"taxonomy":"post_tag","embeddable":true,"href":"https:\/\/www.upo.es\/diario\/wp-json\/wp\/v2\/tags?post=30883504"}],"curies":[{"name":"wp","href":"https:\/\/api.w.org\/{rel}","templated":true}]}}