{"id":30883518,"date":"2024-09-24T13:25:52","date_gmt":"2024-09-24T11:25:52","guid":{"rendered":"https:\/\/www.upo.es\/diario\/?p=30883518"},"modified":"2024-09-27T14:51:52","modified_gmt":"2024-09-27T12:51:52","slug":"presentacion-upo-libro-tratado-general-de-trabajo-social-servicios-sociales-politica-social","status":"publish","type":"post","link":"https:\/\/www.upo.es\/diario\/docencia-formacion\/2024\/09\/presentacion-upo-libro-tratado-general-de-trabajo-social-servicios-sociales-politica-social\/","title":{"rendered":"Presentaci\u00f3n en la UPO del libro \u2018Tratado General de Trabajo Social, Servicios Sociales y Pol\u00edtica Social\u2019"},"content":{"rendered":"<figure id=\"attachment_30883516\" aria-describedby=\"caption-attachment-30883516\" style=\"width: 750px\" class=\"wp-caption aligncenter\"><a href=\"https:\/\/www.upo.es\/diario\/wp-content\/uploads\/2024\/09\/tratado_trabajo_social05-scaled.jpg\"><img loading=\"lazy\" decoding=\"async\" class=\"size-large wp-image-30883516\" src=\"https:\/\/www.upo.es\/diario\/wp-content\/uploads\/2024\/09\/tratado_trabajo_social05-750x500.jpg\" alt=\"De izquierda a derecha, Ang\u00e9lica Guti\u00e9rrez, Juan Miguel G\u00f3mez, el rector Francisco Oliva, Evaristo Barrera y Jorge Garc\u00e9s.\" width=\"750\" height=\"500\" srcset=\"https:\/\/www.upo.es\/diario\/wp-content\/uploads\/2024\/09\/tratado_trabajo_social05-750x500.jpg 750w, https:\/\/www.upo.es\/diario\/wp-content\/uploads\/2024\/09\/tratado_trabajo_social05-420x280.jpg 420w, https:\/\/www.upo.es\/diario\/wp-content\/uploads\/2024\/09\/tratado_trabajo_social05-768x512.jpg 768w, https:\/\/www.upo.es\/diario\/wp-content\/uploads\/2024\/09\/tratado_trabajo_social05-1536x1024.jpg 1536w, https:\/\/www.upo.es\/diario\/wp-content\/uploads\/2024\/09\/tratado_trabajo_social05-2048x1365.jpg 2048w, https:\/\/www.upo.es\/diario\/wp-content\/uploads\/2024\/09\/tratado_trabajo_social05-165x109.jpg 165w, https:\/\/www.upo.es\/diario\/wp-content\/uploads\/2024\/09\/tratado_trabajo_social05-1320x880.jpg 1320w\" sizes=\"auto, (max-width: 750px) 100vw, 750px\" \/><\/a><figcaption id=\"caption-attachment-30883516\" class=\"wp-caption-text\">De izquierda a derecha, Ang\u00e9lica Guti\u00e9rrez, Juan Miguel G\u00f3mez, el rector Francisco Oliva, Evaristo Barrera y Jorge Garc\u00e9s.<\/figcaption><\/figure>\n<p>La Universidad Pablo de Olavide ha acogido en la ma\u00f1ana de hoy el acto de presentaci\u00f3n del libro <strong>\u2018Tratado General de Trabajo Social, Servicios Sociales y Pol\u00edtica Social\u2019, <\/strong>editado por <strong>Jorge Garc\u00e9s Ferrer<\/strong>, catedr\u00e1tico de la Universidad de Valencia, y coordinado por <strong>Andr\u00e9s Arias Astray<\/strong>, catedr\u00e1tico de la Universidad Complutense de Madrid, y <strong>Rosa Mar\u00eda D\u00edaz Jim\u00e9nez<\/strong>, profesora de la Universidad Pablo de Olavide.<\/p>\n<p>El rector de la UPO, <strong>Francisco Oliva Bl\u00e1zquez<\/strong>, ha presidido dicho acto acompa\u00f1ado por el decano de la Facultad de Ciencias Sociales, <strong>Juan Miguel G\u00f3mez Espino<\/strong>; el director del Departamento de Trabajo Social y Servicios Sociales, <strong>Evaristo Barrera Algar\u00edn<\/strong>; la presidenta del Colegio Oficial de Trabajo Social Sevilla, <strong>Ang\u00e9lica Guti\u00e9rrez Gonz\u00e1lez<\/strong>, y el editor de la obra, el catedr\u00e1tico <strong>Jorge Garc\u00e9s Ferrer<\/strong>.<\/p>\n<p><a href=\"https:\/\/www.upo.es\/diario\/wp-content\/uploads\/2024\/09\/tratado_trabajo_social03-scaled.jpg\"><img loading=\"lazy\" decoding=\"async\" class=\"alignright size-medium wp-image-30883517\" src=\"https:\/\/www.upo.es\/diario\/wp-content\/uploads\/2024\/09\/tratado_trabajo_social03-420x280.jpg\" alt=\"\" width=\"420\" height=\"280\" srcset=\"https:\/\/www.upo.es\/diario\/wp-content\/uploads\/2024\/09\/tratado_trabajo_social03-420x280.jpg 420w, https:\/\/www.upo.es\/diario\/wp-content\/uploads\/2024\/09\/tratado_trabajo_social03-750x500.jpg 750w, https:\/\/www.upo.es\/diario\/wp-content\/uploads\/2024\/09\/tratado_trabajo_social03-768x512.jpg 768w, https:\/\/www.upo.es\/diario\/wp-content\/uploads\/2024\/09\/tratado_trabajo_social03-1536x1024.jpg 1536w, https:\/\/www.upo.es\/diario\/wp-content\/uploads\/2024\/09\/tratado_trabajo_social03-2048x1365.jpg 2048w, https:\/\/www.upo.es\/diario\/wp-content\/uploads\/2024\/09\/tratado_trabajo_social03-165x109.jpg 165w, https:\/\/www.upo.es\/diario\/wp-content\/uploads\/2024\/09\/tratado_trabajo_social03-1320x880.jpg 1320w\" sizes=\"auto, (max-width: 420px) 100vw, 420px\" \/><\/a>El <strong>&#8216;Tratado General de Trabajo Social, Servicios Sociales y Pol\u00edtica Social&#8217;<\/strong> (Editorial Tirant Lo Blanch), constituye una obra pionera de referencia hist\u00f3rica para el \u00e1rea de conocimiento en la que han participado 159 autores y autoras procedentes de 41 instituciones. Recoge de forma hol\u00edstica e integrada desde los aspectos conceptuales y metodol\u00f3gicos cl\u00e1sicos hasta los m\u00e1s vanguardistas que vertebran y dimensionan de forma actualizada el \u00e1rea. Re\u00fane en tres tomos toda la masa cr\u00edtica de conocimientos desde una perspectiva innovadora donde emergen con fuerza l\u00edneas de investigaci\u00f3n lideradas por profesores e investigadoras j\u00f3venes con una gran proyecci\u00f3n internacional.<\/p>\n<p>Los lectores de esta obra, profesores y profesoras universitarios, profesionales del Trabajo Social y estudiantes, tienen a trav\u00e9s del Tratado General un material riguroso que les ayudar\u00e1 a actualizar sus conocimientos y a comprender mejor la profunda complejidad del Trabajo Social y las Pol\u00edticas Sociales y, por consiguiente, a hacer mejor su trabajo y sus investigaciones para conseguir una sociedad mejor, con mayor bienestar y m\u00e1s justa.<\/p>\n<p>En su intervenci\u00f3n, el rector ha resaltado la importancia de este Tratado, \u201cpilar b\u00e1sico del futuro del Trabajo Social acad\u00e9mico en nuestro pa\u00eds\u201d, as\u00ed como \u201cla importante labor que las distintas universidades est\u00e1n realizando al dotar del m\u00e1ximo rigor acad\u00e9mico esta disciplina cuya tarea de prevenci\u00f3n y construcci\u00f3n de una sociedad inclusiva es crucial\u201d. Para finalizar, en este acto de presentaci\u00f3n donde los derechos sociales son elemento fundamental del Trabajo Social, el rector ha querido recordar a la rectora Rosario Valpuesta y su \u2018regla de diamante\u2019 (que no de oro), que defiende \u201cel blindaje constitucional de los derechos sociales y que garantiza constitucionalmente el equilibrio presupuestario en los distintos Estados de la Uni\u00f3n Europea\u201d.<\/p>\n<p>Por su parte, el editor de la obra, Jorge Garc\u00e9s ha resaltado el gran hito de este Tratado: \u201chaber sacado a la luz toda la investigaci\u00f3n de una nueva generaci\u00f3n de trabajadores sociales con una potencia investigadora incre\u00edble es el gran descubrimiento que hace este Tratado General de nuestra \u00e1rea de conocimiento\u201d.<\/p>\n<p>Finalmente, Ang\u00e9lica Guti\u00e9rrez ha defendido c\u00f3mo academia y pr\u00e1ctica profesional deben ir de la mano. \u201cComo presidenta del Colegio Oficial de Trabajo Social Sevilla es un honor acudir a una presentaci\u00f3n de una obra tan importante que recoge informaci\u00f3n relevante a nivel profesional, te\u00f3rico y acad\u00e9mico. Estar presente en este acto es una manera de unir estos dos \u00e1mbitos de nuestra profesi\u00f3n: base cient\u00edfica rigurosa acompa\u00f1ada de pr\u00e1ctica profesional, empat\u00eda, cercan\u00eda hacia las personas con las que trabajamos\u201d.<\/p>\n<h3><strong>Aportaci\u00f3n de la Universidad Pablo de Olavide<\/strong><\/h3>\n<p>El Tratado se presenta en la Universidad Pablo de Olavide al haber sido una de sus profesoras, la Dra. <strong>Rosa M\u00aa D\u00edaz Jim\u00e9nez<\/strong>, junto con el Dr<strong>. Andr\u00e9s Arias Astray<\/strong>, catedr\u00e1tico de Trabajo Social de la Universidad Complutense de Madrid, coordinadora, del volumen relativo a \u2018Trabajo Social\u2019. As\u00ed mismo, ha contado con la participaci\u00f3n de profesorado del Departamento de Trabajo Social y Servicios Sociales y de la Facultad de Ciencias Sociales de esta universidad. Concretamente, con tem\u00e1ticas como las violencias, las emergencias sociales, los suicidios y la salud mental, adopciones, la \u00e9tica en pol\u00edtica social, la discapacidad o el trabajo social verde han colaborado, <strong>Rosa M\u00aa Varela Garay<\/strong>, <strong>Fernando Relinque Medina<\/strong>, <strong>Antonio I\u00e1\u00f1ez Dom\u00ednguez<\/strong> y <strong>Pastora Reina Aguilar<\/strong>; <strong>Evaristo Barrera Algar\u00edn<\/strong> y <strong>JL. Sarasola S\u00e1nchez-Serrano<\/strong>; <strong>Roc\u00edo Mart\u00ednez Fern\u00e1ndez<\/strong>, <strong>Antonia Corona Aguilar<\/strong>, <strong>Jos\u00e9 M\u00aa Mor\u00e1n Carrillo<\/strong> y <strong>Mireia Masdeu Valdivia<\/strong>. De esta forma, este grupo de docentes visibiliza al \u00c1rea de Trabajo Social en el conjunto del resto del estado espa\u00f1ol.<\/p>\n<p>Referencia:<\/p>\n<p><strong><em><img loading=\"lazy\" decoding=\"async\" class=\"size-full wp-image-30883542 alignleft\" src=\"https:\/\/www.upo.es\/diario\/wp-content\/uploads\/2024\/09\/Tratado-general-de-trabajo-social-servicios-sociales-y.jpg\" alt=\"Portada del libro 'Tratado general de trabajo social, servicios sociales y pol\u00edtica social'\" width=\"175\" height=\"246\" \/>Tratado general de trabajo social, servicios sociales y pol\u00edtica social<\/em> <\/strong><em>3 Tomos<\/em>. (2024). Jorge Garc\u00e9s Ferrer. <a href=\"https:\/\/editorial.tirant.com\/es\/ebook\/tratado-general-de-trabajo-social-servicios-sociales-y-politica-social-3-tomos-jorge-garces-ferrer-9788411834711\">https:\/\/editorial.tirant.com\/es\/ebook\/tratado-general-de-trabajo-social-servicios-sociales-y-politica-social-3-tomos-jorge-garces-ferrer-9788411834711<\/a><\/p>\n","protected":false},"excerpt":{"rendered":"<p>La Universidad Pablo de Olavide ha acogido en la ma\u00f1ana de hoy el acto de presentaci\u00f3n del libro \u2018Tratado General de Trabajo Social, Servicios Sociales y Pol\u00edtica Social\u2019, editado por Jorge Garc\u00e9s Ferrer, catedr\u00e1tico de la Universidad de Valencia, y coordinado por Andr\u00e9s Arias Astray, catedr\u00e1tico de la Universidad Complutense de Madrid, y Rosa Mar\u00eda D\u00edaz Jim\u00e9nez, profesora de la Universidad Pablo de Olavide.<\/p>\n","protected":false},"author":2,"featured_media":30883516,"comment_status":"closed","ping_status":"open","sticky":false,"template":"","format":"standard","meta":{"_monsterinsights_skip_tracking":false,"_monsterinsights_sitenote_active":false,"_monsterinsights_sitenote_note":"","_monsterinsights_sitenote_category":0,"footnotes":""},"categories":[2779],"tags":[8933,3405,487,8934,4111,1046,103,8932],"class_list":["post-30883518","post","type-post","status-publish","format-standard","has-post-thumbnail","hentry","category-docencia-formacion","tag-colegio-oficial-de-trabajo-social-sevilla","tag-departamento-de-trabajo-social-y-servicios-sociales","tag-facultad-ciencias-sociales","tag-politica-social","tag-rosa-maria-diaz-jimenez","tag-servicios-sociales","tag-trabajo-social","tag-tratado-general"],"_links":{"self":[{"href":"https:\/\/www.upo.es\/diario\/wp-json\/wp\/v2\/posts\/30883518","targetHints":{"allow":["GET"]}}],"collection":[{"href":"https:\/\/www.upo.es\/diario\/wp-json\/wp\/v2\/posts"}],"about":[{"href":"https:\/\/www.upo.es\/diario\/wp-json\/wp\/v2\/types\/post"}],"author":[{"embeddable":true,"href":"https:\/\/www.upo.es\/diario\/wp-json\/wp\/v2\/users\/2"}],"replies":[{"embeddable":true,"href":"https:\/\/www.upo.es\/diario\/wp-json\/wp\/v2\/comments?post=30883518"}],"version-history":[{"count":3,"href":"https:\/\/www.upo.es\/diario\/wp-json\/wp\/v2\/posts\/30883518\/revisions"}],"predecessor-version":[{"id":30883543,"href":"https:\/\/www.upo.es\/diario\/wp-json\/wp\/v2\/posts\/30883518\/revisions\/30883543"}],"wp:featuredmedia":[{"embeddable":true,"href":"https:\/\/www.upo.es\/diario\/wp-json\/wp\/v2\/media\/30883516"}],"wp:attachment":[{"href":"https:\/\/www.upo.es\/diario\/wp-json\/wp\/v2\/media?parent=30883518"}],"wp:term":[{"taxonomy":"category","embeddable":true,"href":"https:\/\/www.upo.es\/diario\/wp-json\/wp\/v2\/categories?post=30883518"},{"taxonomy":"post_tag","embeddable":true,"href":"https:\/\/www.upo.es\/diario\/wp-json\/wp\/v2\/tags?post=30883518"}],"curies":[{"name":"wp","href":"https:\/\/api.w.org\/{rel}","templated":true}]}}