{"id":30883523,"date":"2024-09-24T14:51:03","date_gmt":"2024-09-24T12:51:03","guid":{"rendered":"https:\/\/www.upo.es\/diario\/?p=30883523"},"modified":"2024-09-24T14:51:51","modified_gmt":"2024-09-24T12:51:51","slug":"la-junta-y-la-universidad-pablo-de-olavide-firman-un-convenio-de-colaboracion-para-proteger-el-patrimonio-en-museos-y-conjuntos-culturales","status":"publish","type":"post","link":"https:\/\/www.upo.es\/diario\/institucional\/2024\/09\/la-junta-y-la-universidad-pablo-de-olavide-firman-un-convenio-de-colaboracion-para-proteger-el-patrimonio-en-museos-y-conjuntos-culturales\/","title":{"rendered":"La Junta y la Universidad Pablo de Olavide firman un convenio de colaboraci\u00f3n para proteger el patrimonio en museos y conjuntos culturales"},"content":{"rendered":"<figure id=\"attachment_30883524\" aria-describedby=\"caption-attachment-30883524\" style=\"width: 700px\" class=\"wp-caption aligncenter\"><a href=\"https:\/\/www.upo.es\/diario\/wp-content\/uploads\/2024\/09\/Patricia-Pozo-Francisco-Oliva.jpeg\"><img loading=\"lazy\" decoding=\"async\" class=\"size-large wp-image-30883524\" src=\"https:\/\/www.upo.es\/diario\/wp-content\/uploads\/2024\/09\/Patricia-Pozo-Francisco-Oliva-700x525.jpeg\" alt=\"Patricia del Pozo y Francisco Oliva\" width=\"700\" height=\"525\" srcset=\"https:\/\/www.upo.es\/diario\/wp-content\/uploads\/2024\/09\/Patricia-Pozo-Francisco-Oliva-700x525.jpeg 700w, https:\/\/www.upo.es\/diario\/wp-content\/uploads\/2024\/09\/Patricia-Pozo-Francisco-Oliva-420x315.jpeg 420w, https:\/\/www.upo.es\/diario\/wp-content\/uploads\/2024\/09\/Patricia-Pozo-Francisco-Oliva-768x576.jpeg 768w, https:\/\/www.upo.es\/diario\/wp-content\/uploads\/2024\/09\/Patricia-Pozo-Francisco-Oliva-1536x1152.jpeg 1536w, https:\/\/www.upo.es\/diario\/wp-content\/uploads\/2024\/09\/Patricia-Pozo-Francisco-Oliva-1320x990.jpeg 1320w, https:\/\/www.upo.es\/diario\/wp-content\/uploads\/2024\/09\/Patricia-Pozo-Francisco-Oliva.jpeg 1600w\" sizes=\"auto, (max-width: 700px) 100vw, 700px\" \/><\/a><figcaption id=\"caption-attachment-30883524\" class=\"wp-caption-text\">Patricia del Pozo y Francisco Oliva<\/figcaption><\/figure>\n<p>La consejera de Cultura y Deporte, <strong>Patricia del Pozo<\/strong>, y el rector de la Universidad Pablo de Olavide, <strong>Francisco Oliva<\/strong>, han suscrito este martes un <strong>protocolo para desarrollar acciones destinadas a la prevenci\u00f3n de incendios y da\u00f1os en museos y conjuntos culturales de Andaluc\u00eda<\/strong>. Esta colaboraci\u00f3n, que tendr\u00e1 una vigencia de cuatro a\u00f1os, permitir\u00e1 reforzar la labor que ya vienen desempe\u00f1ando ambas instituciones para la <strong>protecci\u00f3n del patrimonio hist\u00f3rico<\/strong> como la creaci\u00f3n de nuevos planes de salvaguarda, la realizaci\u00f3n de simulacros o el impulso a proyectos de I+D+i relacionados con esta materia.<\/p>\n<p>Disponer de protocolos de actuaci\u00f3n y herramientas para prevenir da\u00f1os resulta fundamental para la conservaci\u00f3n del inmenso patrimonio que atesora Andaluc\u00eda, con un gran n\u00famero de bienes protegidos, muchos de ellos con la m\u00e1xima catalogaci\u00f3n (Bien de Inter\u00e9s Cultural) y ocho conjuntos arqueol\u00f3gicos y monumentales inscritos en la Lista de Patrimonio Mundial por la Unesco.<\/p>\n<p>Las nuevas l\u00edneas de actuaci\u00f3n prestar\u00e1n una<strong> especial atenci\u00f3n al impacto de los fen\u00f3menos meteorol\u00f3gicos y c\u00f3mo reducir los da\u00f1os<\/strong> que provocan inundaciones, terremotos, incendios y otros eventos de naturaleza catastr\u00f3fica. La intenci\u00f3n es mitigar el deterioro durante una emergencia, evitando la p\u00e9rdida total o parcial de elementos protegidos, lo que conlleva un costoso da\u00f1o econ\u00f3mico y un fuerte impacto social.<\/p>\n<p>La alianza entre la Pablo de Olavide y la Consejer\u00eda permitir\u00e1 aprovechar sinergias y avanzar en los proyectos de investigaci\u00f3n y difusi\u00f3n para la conservaci\u00f3n del patrimonio tras incendios o desastres naturales que ya est\u00e1n en marcha. La Universidad tiene una larga experiencia en esta materia y ha desarrollado un software para el rescate de obras patrimoniales. La herramienta inform\u00e1tica, <a href=\"https:\/\/www.upo.es\/investiga\/art-risk\/herramientas-art-risk\/\">ART-RISK-4<\/a>, en la que tambi\u00e9n han intervenido el Institut Valenci\u00e0 de Conservaci\u00f3, Restauraci\u00f3 i Investigaci\u00f3 (IVCR+i) y Mission Track, permite localizar en todo momento cada uno de los elementos a conservar, qu\u00e9 equipo tiene que intervenir y la trazabilidad del restaurador que lo ha traslado de un lugar a otro junto con las decisiones tomadas por el equipo tras la emergencia.<\/p>\n<p>La Consejer\u00eda de Cultura y Deporte facilitar\u00e1 la documentaci\u00f3n, espacios y recursos humanos para la redacci\u00f3n de planes de prevenci\u00f3n en los museos y conjuntos culturales y la realizaci\u00f3n de simulacros. Tambi\u00e9n apoyar\u00e1 la publicaci\u00f3n de los resultados de los proyectos en congresos nacionales e internacionales y en revistas de impacto y colaborar\u00e1 en las acciones de formaci\u00f3n y difusi\u00f3n que se planteen.<\/p>\n<p>Por su parte, la Universidad Pablo de Olavide asume la funci\u00f3n de seleccionar las zonas de inter\u00e9s para elaborar los planes de prevenci\u00f3n y los simulacros y evaluar\u00e1 las posibilidades de su software para el an\u00e1lisis de riesgos y la respuesta ante una emergencia. La instituci\u00f3n acad\u00e9mica organizar\u00e1, igualmente, talleres de trabajo interdisciplinar y asesorar\u00e1 al personal t\u00e9cnico de la administraci\u00f3n para actuar ante situaciones de riesgo o cat\u00e1strofes.<\/p>\n<p>El punto de partida para desarrollar el nuevo protocolo ser\u00e1 el <strong>Conjunto Arqueol\u00f3gico de los D\u00f3lmenes de Antequera (M\u00e1laga)<\/strong>. Adem\u00e1s, se crear\u00e1 una Comisi\u00f3n de Seguimiento para acordar los sucesivos trabajos que se afronten de manera conjunta y realizar un control de las acciones planteadas. Este protocolo tendr\u00e1 una vigencia inicial de cuatro a\u00f1os, que se podr\u00e1 prorrogar por otros cuatro.<\/p>\n<p>Fuente: Consejer\u00eda de Cultura y Deporte<\/p>\n","protected":false},"excerpt":{"rendered":"<p>La consejera de Cultura y Deporte, Patricia del Pozo, y el rector de la Universidad Pablo de Olavide, Francisco Oliva, han suscrito este martes un protocolo para desarrollar acciones destinadas a la prevenci\u00f3n de incendios y da\u00f1os en museos y conjuntos culturales de Andaluc\u00eda.<\/p>\n","protected":false},"author":6,"featured_media":30883524,"comment_status":"closed","ping_status":"open","sticky":false,"template":"","format":"standard","meta":{"_monsterinsights_skip_tracking":false,"_monsterinsights_sitenote_active":false,"_monsterinsights_sitenote_note":"","_monsterinsights_sitenote_category":0,"footnotes":""},"categories":[6],"tags":[],"class_list":["post-30883523","post","type-post","status-publish","format-standard","has-post-thumbnail","hentry","category-institucional"],"_links":{"self":[{"href":"https:\/\/www.upo.es\/diario\/wp-json\/wp\/v2\/posts\/30883523","targetHints":{"allow":["GET"]}}],"collection":[{"href":"https:\/\/www.upo.es\/diario\/wp-json\/wp\/v2\/posts"}],"about":[{"href":"https:\/\/www.upo.es\/diario\/wp-json\/wp\/v2\/types\/post"}],"author":[{"embeddable":true,"href":"https:\/\/www.upo.es\/diario\/wp-json\/wp\/v2\/users\/6"}],"replies":[{"embeddable":true,"href":"https:\/\/www.upo.es\/diario\/wp-json\/wp\/v2\/comments?post=30883523"}],"version-history":[{"count":1,"href":"https:\/\/www.upo.es\/diario\/wp-json\/wp\/v2\/posts\/30883523\/revisions"}],"predecessor-version":[{"id":30883525,"href":"https:\/\/www.upo.es\/diario\/wp-json\/wp\/v2\/posts\/30883523\/revisions\/30883525"}],"wp:featuredmedia":[{"embeddable":true,"href":"https:\/\/www.upo.es\/diario\/wp-json\/wp\/v2\/media\/30883524"}],"wp:attachment":[{"href":"https:\/\/www.upo.es\/diario\/wp-json\/wp\/v2\/media?parent=30883523"}],"wp:term":[{"taxonomy":"category","embeddable":true,"href":"https:\/\/www.upo.es\/diario\/wp-json\/wp\/v2\/categories?post=30883523"},{"taxonomy":"post_tag","embeddable":true,"href":"https:\/\/www.upo.es\/diario\/wp-json\/wp\/v2\/tags?post=30883523"}],"curies":[{"name":"wp","href":"https:\/\/api.w.org\/{rel}","templated":true}]}}