{"id":30883526,"date":"2024-09-25T12:38:55","date_gmt":"2024-09-25T10:38:55","guid":{"rendered":"https:\/\/www.upo.es\/diario\/?p=30883526"},"modified":"2024-09-28T14:43:47","modified_gmt":"2024-09-28T12:43:47","slug":"la-noche-europea-de-ls-investigadors-programa-en-sevilla-75-actividades-para-todos-los-publicos","status":"publish","type":"post","link":"https:\/\/www.upo.es\/diario\/docencia-formacion\/2024\/09\/la-noche-europea-de-ls-investigadors-programa-en-sevilla-75-actividades-para-todos-los-publicos\/","title":{"rendered":"La Noche Europea de l@s Investigador@s programa en Sevilla 75 actividades para todos los p\u00fablicos"},"content":{"rendered":"<figure id=\"attachment_30883530\" aria-describedby=\"caption-attachment-30883530\" style=\"width: 750px\" class=\"wp-caption aligncenter\"><a href=\"https:\/\/www.upo.es\/diario\/wp-content\/uploads\/2024\/09\/rdpnoche_investigadores01-1.jpg\"><img loading=\"lazy\" decoding=\"async\" class=\"size-large wp-image-30883530\" src=\"https:\/\/www.upo.es\/diario\/wp-content\/uploads\/2024\/09\/rdpnoche_investigadores01-1-750x500.jpg\" alt=\"Representantes de las entidades participantes en la Noche Europea de l@is Investigador@s de Sevilla. De izquierda a derecha: Paolo Canfora (JRC) \/ Alberto M\u00e1rquez (US) \/ Teresa Cruz (Fundaci\u00f3n Descubre) \/ Antonia Jim\u00e9nez (UPO) \/ Rafael Fern\u00e1ndez (IBiS) \/ Margarita Paneque (CSIC Andaluc\u00eda) \/ Silvia Pozo (Ayuntamiento de Sevilla) \/ Herminia Romero (Loyola) \/ Miguel \u00c1ngel Ara\u00faz (Junta de Andaluc\u00eda). Fuente: Guillermo Mart\u00ednez (CSIC)\" width=\"750\" height=\"500\" srcset=\"https:\/\/www.upo.es\/diario\/wp-content\/uploads\/2024\/09\/rdpnoche_investigadores01-1-750x500.jpg 750w, https:\/\/www.upo.es\/diario\/wp-content\/uploads\/2024\/09\/rdpnoche_investigadores01-1-420x280.jpg 420w, https:\/\/www.upo.es\/diario\/wp-content\/uploads\/2024\/09\/rdpnoche_investigadores01-1-768x512.jpg 768w, https:\/\/www.upo.es\/diario\/wp-content\/uploads\/2024\/09\/rdpnoche_investigadores01-1-1536x1024.jpg 1536w, https:\/\/www.upo.es\/diario\/wp-content\/uploads\/2024\/09\/rdpnoche_investigadores01-1-2048x1366.jpg 2048w, https:\/\/www.upo.es\/diario\/wp-content\/uploads\/2024\/09\/rdpnoche_investigadores01-1-165x109.jpg 165w, https:\/\/www.upo.es\/diario\/wp-content\/uploads\/2024\/09\/rdpnoche_investigadores01-1-1320x880.jpg 1320w\" sizes=\"auto, (max-width: 750px) 100vw, 750px\" \/><\/a><figcaption id=\"caption-attachment-30883530\" class=\"wp-caption-text\">Representantes de las entidades participantes en la Noche Europea de l@is Investigador@s de Sevilla. De izquierda a derecha: Paolo Canfora (JRC) \/ Alberto M\u00e1rquez (US) \/ Teresa Cruz (Fundaci\u00f3n Descubre) \/ Antonia Jim\u00e9nez (UPO) \/ Rafael Fern\u00e1ndez (IBiS) \/ Margarita Paneque (CSIC Andaluc\u00eda) \/ Silvia Pozo (Ayuntamiento de Sevilla) \/ Herminia Romero (Loyola) \/ Miguel \u00c1ngel Ara\u00faz (Junta de Andaluc\u00eda). Fuente: Guillermo Mart\u00ednez (CSIC).<\/figcaption><\/figure>\n<p>Sevilla celebra por decimotercer a\u00f1o consecutivo <a href=\"https:\/\/lanochedelosinvestigadores.fundaciondescubre.es\/\">La Noche Europea de l@s Investigador@s<\/a> junto a cerca de 375 ciudades de toda Europa. Con el objetivo de descubrir a las personas que est\u00e1n tras la ciencia que se desarrolla en los laboratorios y en los centros de investigaci\u00f3n de la ciudad a trav\u00e9s de un contacto directo con los propios expertos y expertas, la cita ser\u00e1 el \u00faltimo viernes de septiembre, como cada a\u00f1o, que en esta edici\u00f3n ser\u00e1 el pr\u00f3ximo d\u00eda 27 en con la novedad de que la gran mayor parte de las actividades se celebrar\u00e1n en el <strong>Museo Casa de la Ciencia,<\/strong> <strong>tambi\u00e9n conocido como Pabell\u00f3n de Per\u00fa<\/strong>. En total se han programado 75 actividades para la jornada del viernes que contar\u00e1n con la participaci\u00f3n de m\u00e1s de 200 investigadores de varias instituciones cient\u00edficas de la ciudad.<\/p>\n<figure id=\"attachment_30883529\" aria-describedby=\"caption-attachment-30883529\" style=\"width: 420px\" class=\"wp-caption alignright\"><a href=\"https:\/\/www.upo.es\/diario\/wp-content\/uploads\/2024\/09\/rdpnoche_investigadores02.jpg\"><img loading=\"lazy\" decoding=\"async\" class=\"size-medium wp-image-30883529\" src=\"https:\/\/www.upo.es\/diario\/wp-content\/uploads\/2024\/09\/rdpnoche_investigadores02-420x280.jpg\" alt=\"La vicerrectora de Investigaci\u00f3n, Transferencia y Doctorado de la UPOAntonia Jim\u00e9nez Rodr\u00edguez.\" width=\"420\" height=\"280\" srcset=\"https:\/\/www.upo.es\/diario\/wp-content\/uploads\/2024\/09\/rdpnoche_investigadores02-420x280.jpg 420w, https:\/\/www.upo.es\/diario\/wp-content\/uploads\/2024\/09\/rdpnoche_investigadores02-750x500.jpg 750w, https:\/\/www.upo.es\/diario\/wp-content\/uploads\/2024\/09\/rdpnoche_investigadores02-768x512.jpg 768w, https:\/\/www.upo.es\/diario\/wp-content\/uploads\/2024\/09\/rdpnoche_investigadores02-1536x1024.jpg 1536w, https:\/\/www.upo.es\/diario\/wp-content\/uploads\/2024\/09\/rdpnoche_investigadores02-2048x1366.jpg 2048w, https:\/\/www.upo.es\/diario\/wp-content\/uploads\/2024\/09\/rdpnoche_investigadores02-165x109.jpg 165w, https:\/\/www.upo.es\/diario\/wp-content\/uploads\/2024\/09\/rdpnoche_investigadores02-1320x880.jpg 1320w\" sizes=\"auto, (max-width: 420px) 100vw, 420px\" \/><\/a><figcaption id=\"caption-attachment-30883529\" class=\"wp-caption-text\">La vicerrectora de Investigaci\u00f3n, Transferencia y Doctorado de la UPO<br \/>Antonia Jim\u00e9nez Rodr\u00edguez.<\/figcaption><\/figure>\n<p>El objetivo fundamental de La Noche Europea de l@s investigador@s es el acercamiento entre la sociedad y los profesionales de la investigaci\u00f3n, que dan a conocer su trabajo en su d\u00eda a d\u00eda y presentan, de una forma cercana, la forma en que los avances repercuten en el d\u00eda a d\u00eda de la vida cotidiana de la ciudadan\u00eda. Al mismo tiempo, el evento se presenta como una herramienta fundamental para despertar vocaciones cient\u00edficas en la juventud y potenciar la carrera investigadora como salida profesional.<\/p>\n<p>En rueda de prensa hoy se ha presentado el cartel de actividades que se desarrollar\u00e1n en Sevilla. Al acto han asistido Silvia Pozo, responsable del \u00c1rea de Deporte y Promoci\u00f3n de la Salud del Ayuntamiento de Sevilla; Alberto M\u00e1rquez P\u00e9rez, director del Secretariado de Divulgaci\u00f3n Cient\u00edfica y Cultural de la Universidad de Sevilla; Antonia Jim\u00e9nez Rodr\u00edguez, vicerrectora de Investigaci\u00f3n, Transferencia y Doctorado de la Universidad Pablo de Olavide (UPO); Margarita Paneque. delegada Institucional del Consejo Superior de Investigaciones Cient\u00edficas (CSIC) en Andaluc\u00eda, Paolo Canfora, responsable del programa cient\u00edfico del Centro Com\u00fan de Investigaci\u00f3n de la Comisi\u00f3n Europea; Rafael Fern\u00e1ndez Chac\u00f3n, director del Instituto de Biomedicina de Sevilla (IBiS); Herminia Romero Ramos, Vicedecana de la Facultad de Medicina de la Universidad Loyola; Teresa Cruz, directora de la Fundaci\u00f3n Descubre y Miguel \u00c1ngel Ara\u00faz Rivero, delegado territorial de Desarrollo Educativo y Formaci\u00f3n Profesional y de Universidad, Investigaci\u00f3n e Innovaci\u00f3n.<\/p>\n<p><strong>Margarita Paneque<\/strong> ha confirmado que \u201cel CSIC cumple con una de sus misiones, que es la transmisi\u00f3n social del conocimiento\u201d. \u201cPor cada euro que se destina a investigaci\u00f3n tenemos un retorno de trece euros\u201d, ha afirmado <strong>Alberto M\u00e1rquez<\/strong>, de la US, que ha destacado la necesidad de colaborar entre las instituciones p\u00fablicas y las empresas. <strong>Antonia Jim\u00e9nez<\/strong>, de la UPO, ha subrayado que \u201cen esta ocasi\u00f3n nuestra Universidad aporta los resultados de las investigaciones de 66 investigadoras e investigadores de todas las ramas del conocimiento, contando con actividades para todas las edades, repletas de conocimiento e ilusi\u00f3n\u201d. La representante de la Universidad Loyola, <strong>Herminia Romero<\/strong>, ha deseado que \u201ceste evento sea tan brillante como el del a\u00f1o pasado y los anteriores\u201d. <strong>Paolo Canfora<\/strong> ha presentado los talleres del Centro Com\u00fan de Investigaci\u00f3n y ha destacado la fidelidad de este centro con esta cita anual con la investigaci\u00f3n: \u201cNos da la oportunidad de compartir y celebrar con la ciudadan\u00eda el creciente papel de la ciencia en las pol\u00edticas europeas, y su valor para mejorar la vida diaria de las personas\u201d. El director del IBiS, <strong>Rafael Fern\u00e1ndez Chac\u00f3n<\/strong>, por su parte, \u201cestamos comprometidos con la transparencia de la investigaci\u00f3n con animales, y eso vamos a trasladar a quienes visiten nuestro stand en La Noche\u201d. <strong>Teresa Cruz<\/strong>, directora \u00a0\u00a0de la Fundaci\u00f3n Descubre, ha manifestado que en Andaluc\u00eda participan \u201cm\u00e1s de 3000 investigadores y 50 colaboradores y entre todos han conseguido poner en pie esta preciosa iniciativa que ofrece m\u00e1s de 1000 actividades en conjunto en la comunidad de manera simult\u00e1nea la misma noche\u201d. La delegada del Ayuntamiento de Sevilla, <strong>Silvia Pozo<\/strong>, ha resaltado la importancia de este evento \u201cque nos permitir\u00e1 el avance de la ciudad de Sevilla y que nos siga mostrando en primera l\u00ednea\u201d. <strong>Miguel \u00c1ngel Ara\u00faz<\/strong>, delegado territorial de la Junta, ha confesado que tener en su agenda \u201cla presentaci\u00f3n de la Noche Europea de los Investigadores en Sevilla\u201d le ha entusiasmado, por el papel tan importante que tiene este evento en la educaci\u00f3n de la ciudadan\u00eda.<\/p>\n<p>Bajo el <strong>lema \u2018Mujeres y hombres que hacen ciencia para ti\u2019<\/strong>, un a\u00f1o m\u00e1s Sevilla se suma, junto al resto de provincias andaluzas, a esta gran cita con la ciencia promovida por la Comisi\u00f3n Europea y organizada por un total de 13 instituciones cient\u00edficas p\u00fablicas de toda la comunidad bajo la coordinaci\u00f3n de <strong>Fundaci\u00f3n Descubre<\/strong> y el apoyo del <strong>Servicio de Salud<\/strong> del <strong>Ayuntamiento de Sevilla.<\/strong><\/p>\n<p>Esta edici\u00f3n de La Noche Europea de l@s investigador@s deja de forma provisional su principal enclave en la Plaza Nueva y en la sede de la Fundaci\u00f3n Cajasol debido a las obras de mejora en esta ubicaci\u00f3n, para celebrar el evento en el Museo Casa de la Ciencia de Sevilla. Un espacio abierto de divulgaci\u00f3n cient\u00edfica, ocio educativo y cultural para toda la ciudadan\u00eda. Pertenece al Consejo Superior de Investigaciones Cient\u00edficas (CSIC) que cuenta tambi\u00e9n con exposiciones permanentes.<\/p>\n<p>As\u00ed, <strong>desde las 17.00 y hasta las 23.00 horas<\/strong> se suceder\u00e1n en este nuevo enclave charlas, talleres, visitas guiadas, juegos cient\u00edficos, exposiciones y espect\u00e1culos para peque\u00f1os y adultos en este espacio que ya el pasado a\u00f1o fue la sede de las actividades que program\u00f3 el CSIC para el evento.<\/p>\n<p>As\u00ed, en las<strong> zonas exteriores e interiores del museo<\/strong>, se celebrar\u00e1n la mayor parte de las actividades programadas. En su caso, la <strong>Universidad de Sevilla<\/strong> presentar\u00e1 un total de 25 propuestas para ese d\u00eda que comenzar\u00e1n el investigador y divulgador de la Universidad de Sevilla <strong>Alfredo Corell<\/strong>, que abrir\u00e1 esta edici\u00f3n de la Noche Europea de los Investigadores m\u00e1s \u00edntima y personal con una charla titulada \u2018Inmunolog\u00eda con pinzas de tender\u2019.<\/p>\n<p>As\u00ed arrancar\u00e1 una jornada en la que adem\u00e1s se podr\u00e1 disfrutar de talleres pr\u00e1cticos sobre <strong>microbiolog\u00eda, geolog\u00eda, ciencia de los materiales, astronom\u00eda y nutrici\u00f3n<\/strong>, entre otros. Dos <strong>visitas guiadas<\/strong> que pondr\u00e1n el foco en el papel de la mujer en la historia, tres exposiciones, una serie de charlas divulgativas que ir\u00e1n desde la <strong>energ\u00eda de fusi\u00f3n<\/strong> a la <strong>esclavitud de personas en el siglo XV<\/strong>, as\u00ed como juegos y yincanas cient\u00edficas, completan la oferta de actividades que la Universidad de Sevilla ha organizado para este encuentro que promete ser divertido y fascinante para peque\u00f1os y mayores.<\/p>\n<p>Por su parte, la <strong>Universidad Pablo de Olavide<\/strong> ha programado 19 actividades entre las que se encuentran talleres pr\u00e1cticos donde los visitantes podr\u00e1n explorar el Oc\u00e9ano y sus organismos marinos como medusas, an\u00e9monas y corales; talleres sobre la <strong>Biotecnolog\u00eda de las estrellas<\/strong> o lo que nos pueden ense\u00f1ar los bosques sobre Historia y Cambio clim\u00e1tico; sobre c\u00f3mo ven las flores los polinizadores; arabismos en el espa\u00f1ol y el andaluz; y donde las personas podr\u00e1n ser evaluadas y conocer sus valores de condici\u00f3n f\u00edsica.\u00a0 Adem\u00e1s, se han organizado charlas como la que tratar\u00e1 de dar a conocer qu\u00e9 ocurre en la Enfermedad de Alzheimer, y representaciones teatrales como la titulada <strong>\u2018Aventuras, ca\u00f1ones y mucha hambre: vivir y sobrevivir la guerra en la Edad Moderna\u2019<\/strong>.<\/p>\n<p><strong>Dos exposiciones<\/strong>, una que mostrar\u00e1 el fen\u00f3meno de la trata de personas y su v\u00ednculo con las movilidades, en espec\u00edfico de las mujeres, y otra que dar\u00e1 a conocer c\u00f3mo se estudian y miden las desigualdades socioecon\u00f3micas en una perspectiva comparada internacional entre Europa y Am\u00e9rica Latina y el Caribe, as\u00ed como la visita guiada <strong>\u2018Paseando entre el arroyo Tagarete y el r\u00edo Guadalquivir. De la Casa de la Ciencia a la Torre del Oro&#8217;<\/strong>, son otras de las actividades ofrecidas por la Olavide.<\/p>\n<p>Adem\u00e1s de las actividades que se celebran en la Casa de la Ciencia, en el Pabell\u00f3n de Uruguay tambi\u00e9n se podr\u00e1 asistir a la obra de teatro <strong>\u2018Mujeres y poder en la Antig\u00fcedad. Representaci\u00f3n teatral de La asamblea de las mujeres, de Arist\u00f3fanes\u2019<\/strong>.<\/p>\n<p>El <strong>Consejo Superior de Investigaciones Cient\u00edficas (CSIC)<\/strong> que cuenta con 15 institutos de investigaci\u00f3n en Sevilla, ha dise\u00f1ado un programa de 20 actividades que abarcan casi todas las \u00e1reas de conocimiento, y que est\u00e1n dedicadas a todos los p\u00fablicos. Entre ellas est\u00e1n <strong>\u00abDetectives en acci\u00f3n: identifica linces ib\u00e9ricos\u00bb<\/strong> o <strong>\u00ab\u00c1mbar: momentos congelados en el tiempo\u00bb<\/strong>, de la Estaci\u00f3n Biol\u00f3gica de Do\u00f1ana; <strong>\u00abArque\u00f3logos por un d\u00eda\u00bb<\/strong>, del Instituto de Arqueolog\u00eda de M\u00e9rida, <strong>\u00abCifrando tus secretos con criptograf\u00eda post-cu\u00e1ntica: \u00bfestamos seguros?\u00bb<\/strong>, del Instituto de Microelectr\u00f3nica de Sevilla; o <strong>\u00abC\u00f3mo una matem\u00e1tica termina haciendo experimentos\u00bb<\/strong>, del Centro Andaluz de Biolog\u00eda del Desarrollo.<\/p>\n<p>Adem\u00e1s, el CSIC tambi\u00e9n ofrece una yincana titulada <strong>\u00abAm\u00e9rica Latina y la Exposici\u00f3n Ibero-Americana de 1929\u00bb<\/strong>, organizada por la Escuela de Estudios Hispano-Americanos, del Instituto de Historia, que recorrer\u00e1 los pabellones pr\u00f3ximos al Museo Casa de la Ciencia, este a\u00f1o principal sede de celebraci\u00f3n de las actividades de La Noche en Sevilla.<\/p>\n<p>La <strong>Universidad Loyola<\/strong> participa en el evento como entidad colaboradora por tercera vez. Los asistentes tanto ni\u00f1os, como j\u00f3venes y mayores podr\u00e1n aprender c\u00f3mo formular preguntas a la Inteligencia Artificial, saber <strong>qu\u00e9 es el pH<\/strong> y c\u00f3mo podemos identificarlo de forma muy sencilla y divertida en alimentos y sustancias de uso cotidiano o conocer c\u00f3mo podemos <strong>protegernos de los rayos UV<\/strong> y c\u00f3mo funcionan los filtros solares de las cremas protectoras que utilizamos.<\/p>\n<p>As\u00ed mismo, el visitante se podr\u00e1 experimentar en primera persona c\u00f3mo las herramientas de <strong>Inteligencia Artificial pueden ayudar a resolver problemas complejos<\/strong>. La <strong>neurociencia<\/strong> estar\u00e1 presente en el evento con un taller para conocer de cerca nuestra actividad cerebral y para poner a prueba las capacidades de atenci\u00f3n, reacci\u00f3n y toma de decisiones de las personas que se acerquen a estos talleres.<\/p>\n<p>El <strong>Centro Com\u00fan de Investigaci\u00f3n de la Comisi\u00f3n Europea <\/strong>(JRC por sus siglas en ingl\u00e9s), instituci\u00f3n habitual en esta cita, presenta dos actividades que reflejan bien su especializaci\u00f3n, ciencia aplicada a pol\u00edticas. Por un lado, Marco Ricorda ofrecer\u00e1 una charla sobre riesgos y oportunidades de las plataformas digitales: \u201cRedes Sociales, \u00bflas usas o te usan?\u201d. La segunda propuesta, \u201c\u00bfQu\u00e9 me pongo hoy? Los secretos de tu armario\u201d,\u00a0 es un taller participativo a cargo de Antonio Delre, ingeniero ambiental, que nos hablar\u00e1 de la industria textil y el impacto \u00a0de nuestro consumo.<\/p>\n<p>Otra de las novedades de la presente edici\u00f3n es la participaci\u00f3n por primera vez en el evento de cient\u00edficos y cient\u00edficas presentes en muchos de los espacios <strong>Parque Tecnol\u00f3gico de Sevilla PCT Cartuja<\/strong>. El centro principal de actividades ser\u00e1 un c\u00f3rner tecnol\u00f3gico en el que algunas de las empresas y start-up m\u00e1s innovadoras de Sevilla como Skylife, Alter Technology o Accenture presentar\u00e1n c\u00f3mo incluyen la investigaci\u00f3n y la ciencia en la innovaci\u00f3n para la soluci\u00f3n y la mejora de aspectos que mejoran la competitividad empresarial de la ciudad.<\/p>\n<p>Por su parte<strong>, el Servicio de Salud<\/strong> del <strong>Ayuntamiento de Sevilla<\/strong> ofrecer\u00e1 a ni\u00f1os y ni\u00f1as de 5-12 a\u00f1os, 5 actividades interactivas sobre la Alimentaci\u00f3n Saludable. A trav\u00e9s de los sentidos y el juego, podr\u00e1n aprender la importancia de la sostenibilidad en el consumo frutas y verduras, as\u00ed como su relaci\u00f3n con nuestra salud, mientras desarrollan habilidades descriptivas y comunicativas.<\/p>\n<p>Este a\u00f1o, el <strong>Instituto de Biomedicina de Sevilla (IBiS)<\/strong> participa por segunda vez en el evento con una charla por parte de la investigadora Cristina Pichardo titulada \u201c\u00bfPor qu\u00e9 siguen siendo necesarios los biomodelos animales en investigaci\u00f3n?\u201d y un taller que guiar\u00e1 el investigador Carlos Luque con el t\u00edtulo \u201cPrevenci\u00f3n del riesgo de ca\u00eddas mediante nuevas tecnolog\u00edas low cost (realidad virtual y videojuegos) en el adulto mayor\u201d.<\/p>\n<h3><strong>Promotores de la actividad en Andaluc\u00eda<\/strong><\/h3>\n<p>La Noche Europea de los Investigadores en Andaluc\u00eda es un evento asociado a la iniciativa MSCA and Citizens de la Uni\u00f3n Europea financiada en el marco de las acciones Marie Sk\u0142odowska Curie del programa Horizonte Europa (Call: HORIZON-MSCA-2023-CITIZENS-01).<\/p>\n<p>Est\u00e1 coordinado en Andaluc\u00eda por la <strong>Fundaci\u00f3n Descubre<\/strong> con financiaci\u00f3n de la <strong>Consejer\u00eda de Universidad, Investigaci\u00f3n e Innovaci\u00f3n<\/strong>. Conforman el consorcio las Universidades de Almer\u00eda, C\u00e1diz, C\u00f3rdoba, Granada, Huelva, Ja\u00e9n, M\u00e1laga, Pablo de Olavide y Sevilla, ocho centros del Consejo Superior de Investigaciones Cient\u00edficas (CSIC), el IMGEMA-Real Jard\u00edn Bot\u00e1nico de C\u00f3rdoba y la Fundaci\u00f3n P\u00fablica Progreso y Salud a trav\u00e9s de Genyo y el Biobanco del Sistema Sanitario.<\/p>\n<p>Paralelamente, Radio Televisi\u00f3n de Andaluc\u00eda, Andaluc\u00eda TRADE, el Instituto Andaluz de Investigaci\u00f3n y Formaci\u00f3n Agraria, Pesquera, Alimentaria y de la Producci\u00f3n Ecol\u00f3gica (IFAPA) y la Universidad Loyola son socios estrat\u00e9gicos del proyecto y colaboran estrechamente en su desarrollo.<\/p>\n<p>Enlace a las fotograf\u00edas de la rueda de prensa: <a href=\"https:\/\/we.tl\/t-ifxXkb7kUk\">https:\/\/we.tl\/t-ifxXkb7kUk\u00a0<\/a><\/p>\n<h3><strong>M\u00e1s informaci\u00f3n: <\/strong><\/h3>\n<p><a href=\"http:\/\/www.lanochedelosinvestigadores.fundaciondecubre.es\">www.lanochedelosinvestigadores.fundaciondecubre.es<\/a><\/p>\n<p>Facebook: <a href=\"http:\/\/www.facebook.com\/FundacionDescubre\">www.facebook.com\/FundacionDescubre<\/a><\/p>\n<p>Twitter: <a href=\"http:\/\/www.twitter.com\/FDescubre\">www.twitter.com\/FDescubre<\/a> y el hashtag #NIGHTspain<\/p>\n<p>Youtube: <a href=\"http:\/\/www.youtube.com\/user\/fundaciondescubre\">www.youtube.com\/user\/fundaciondescubre<\/a><\/p>\n<p>Instagram: <a href=\"http:\/\/www.instagram.com\/fundaciondescubre\">www.instagram.com\/fundaciondescubre<\/a><\/p>\n","protected":false},"excerpt":{"rendered":"<p>Sevilla celebra por decimotercer a\u00f1o consecutivo La Noche Europea de l@s Investigador@s junto a cerca de 375 ciudades de toda Europa. Con el objetivo de descubrir a las personas que est\u00e1n tras la ciencia que se desarrolla en los laboratorios y en los centros de investigaci\u00f3n de la ciudad a trav\u00e9s de un contacto directo con los propios expertos y expertas, la cita ser\u00e1 el \u00faltimo viernes de septiembre, como cada a\u00f1o, que en esta edici\u00f3n ser\u00e1 el pr\u00f3ximo d\u00eda 27 en con la novedad de que la gran mayor parte de las actividades se celebrar\u00e1n en el Museo Casa de la Ciencia, tambi\u00e9n conocido como Pabell\u00f3n de Per\u00fa. En total se han programado 75 actividades para la jornada del viernes que contar\u00e1n con la participaci\u00f3n de m\u00e1s de 200 investigadores de varias instituciones cient\u00edficas de la ciudad.<\/p>\n","protected":false},"author":2,"featured_media":30883530,"comment_status":"closed","ping_status":"open","sticky":false,"template":"","format":"standard","meta":{"_monsterinsights_skip_tracking":false,"_monsterinsights_sitenote_active":false,"_monsterinsights_sitenote_note":"","_monsterinsights_sitenote_category":0,"footnotes":""},"categories":[2779],"tags":[544,970,1411,7340,5528,83],"class_list":["post-30883526","post","type-post","status-publish","format-standard","has-post-thumbnail","hentry","category-docencia-formacion","tag-conferencias","tag-divulgacion","tag-fundacion-descubre","tag-jrc","tag-la-noche-europea-de-ls-investigadors","tag-otri"],"_links":{"self":[{"href":"https:\/\/www.upo.es\/diario\/wp-json\/wp\/v2\/posts\/30883526","targetHints":{"allow":["GET"]}}],"collection":[{"href":"https:\/\/www.upo.es\/diario\/wp-json\/wp\/v2\/posts"}],"about":[{"href":"https:\/\/www.upo.es\/diario\/wp-json\/wp\/v2\/types\/post"}],"author":[{"embeddable":true,"href":"https:\/\/www.upo.es\/diario\/wp-json\/wp\/v2\/users\/2"}],"replies":[{"embeddable":true,"href":"https:\/\/www.upo.es\/diario\/wp-json\/wp\/v2\/comments?post=30883526"}],"version-history":[{"count":2,"href":"https:\/\/www.upo.es\/diario\/wp-json\/wp\/v2\/posts\/30883526\/revisions"}],"predecessor-version":[{"id":30883531,"href":"https:\/\/www.upo.es\/diario\/wp-json\/wp\/v2\/posts\/30883526\/revisions\/30883531"}],"wp:featuredmedia":[{"embeddable":true,"href":"https:\/\/www.upo.es\/diario\/wp-json\/wp\/v2\/media\/30883530"}],"wp:attachment":[{"href":"https:\/\/www.upo.es\/diario\/wp-json\/wp\/v2\/media?parent=30883526"}],"wp:term":[{"taxonomy":"category","embeddable":true,"href":"https:\/\/www.upo.es\/diario\/wp-json\/wp\/v2\/categories?post=30883526"},{"taxonomy":"post_tag","embeddable":true,"href":"https:\/\/www.upo.es\/diario\/wp-json\/wp\/v2\/tags?post=30883526"}],"curies":[{"name":"wp","href":"https:\/\/api.w.org\/{rel}","templated":true}]}}