{"id":30883592,"date":"2024-10-02T12:41:30","date_gmt":"2024-10-02T10:41:30","guid":{"rendered":"https:\/\/www.upo.es\/diario\/?p=30883592"},"modified":"2024-10-08T10:15:13","modified_gmt":"2024-10-08T08:15:13","slug":"maria-jimenez-vera-y-lucia-romero-hernes-premiadas-por-sus-trabajos-fin-de-grado-y-fin-de-master-sobre-genero-e-igualdad","status":"publish","type":"post","link":"https:\/\/www.upo.es\/diario\/comunidad\/2024\/10\/maria-jimenez-vera-y-lucia-romero-hernes-premiadas-por-sus-trabajos-fin-de-grado-y-fin-de-master-sobre-genero-e-igualdad\/","title":{"rendered":"Mar\u00eda Jim\u00e9nez Vera y Luc\u00eda Romero Hernes, premiadas por sus trabajos fin de grado y fin de m\u00e1ster sobre g\u00e9nero e igualdad"},"content":{"rendered":"<figure id=\"attachment_30883594\" aria-describedby=\"caption-attachment-30883594\" style=\"width: 730px\" class=\"wp-caption aligncenter\"><a href=\"https:\/\/www.upo.es\/diario\/wp-content\/uploads\/2024\/10\/premios_igualdad01-scaled.jpg\"><img loading=\"lazy\" decoding=\"async\" class=\"size-large wp-image-30883594\" src=\"https:\/\/www.upo.es\/diario\/wp-content\/uploads\/2024\/10\/premios_igualdad01-730x525.jpg\" alt=\"Las premiadas, Luc\u00eda Romero, Alba Rodr\u00edguez y Mar\u00eda Jim\u00e9nez, junto a Mar\u00eda Losada, M\u00f3nica Dom\u00ednguez y Marian P\u00e9rez.\" width=\"730\" height=\"525\" srcset=\"https:\/\/www.upo.es\/diario\/wp-content\/uploads\/2024\/10\/premios_igualdad01-730x525.jpg 730w, https:\/\/www.upo.es\/diario\/wp-content\/uploads\/2024\/10\/premios_igualdad01-420x302.jpg 420w, https:\/\/www.upo.es\/diario\/wp-content\/uploads\/2024\/10\/premios_igualdad01-768x552.jpg 768w, https:\/\/www.upo.es\/diario\/wp-content\/uploads\/2024\/10\/premios_igualdad01-1536x1104.jpg 1536w, https:\/\/www.upo.es\/diario\/wp-content\/uploads\/2024\/10\/premios_igualdad01-2048x1473.jpg 2048w, https:\/\/www.upo.es\/diario\/wp-content\/uploads\/2024\/10\/premios_igualdad01-765x550.jpg 765w, https:\/\/www.upo.es\/diario\/wp-content\/uploads\/2024\/10\/premios_igualdad01-1320x949.jpg 1320w, https:\/\/www.upo.es\/diario\/wp-content\/uploads\/2024\/10\/premios_igualdad01-scaled-95x67.jpg 95w\" sizes=\"auto, (max-width: 730px) 100vw, 730px\" \/><\/a><figcaption id=\"caption-attachment-30883594\" class=\"wp-caption-text\">Las premiadas, Luc\u00eda Romero, Alba Rodr\u00edguez y Mar\u00eda Jim\u00e9nez, junto a Mar\u00eda Losada, M\u00f3nica Dom\u00ednguez y Marian P\u00e9rez.<\/figcaption><\/figure>\n<p>La Universidad Pablo de Olavide ha celebrado en la ma\u00f1ana de hoy el acto de entrega de la <strong>VI edici\u00f3n de los Premios a Mejor Trabajo Fin de Grado (TFG) y Mejor Trabajo Fin de M\u00e1ster (TFM) en Estudios de G\u00e9nero e Igualdad<\/strong>. <strong>M\u00f3nica Dom\u00ednguez Serrano<\/strong>, delegada del Rector para la Igualdad de G\u00e9nero, acompa\u00f1ada de <strong>Mar\u00eda Losada Friend<\/strong>, decana de la Facultad de Humanidades, y <strong>Marian P\u00e9rez Bernal<\/strong>, coordinadora de la Comisi\u00f3n de Formaci\u00f3n del Centro Interdisciplinar de Estudios Feministas de las Mujeres y de G\u00e9nero (CINEF), ha hecho entrega de los diplomas a <strong>Mar\u00eda Jim\u00e9nez Vera<\/strong>, en la categor\u00eda de TFG, y <strong>Luc\u00eda Romero Hernes<\/strong>, en la categor\u00eda TFM. El jurado tambi\u00e9n ha concedido un acc\u00e9sit a <strong>Alba Rodr\u00edguez Conejero <\/strong>en la categor\u00eda TFG.<\/p>\n<figure id=\"attachment_30883595\" aria-describedby=\"caption-attachment-30883595\" style=\"width: 420px\" class=\"wp-caption alignright\"><a href=\"https:\/\/www.upo.es\/diario\/wp-content\/uploads\/2024\/10\/premios_igualdad02-scaled.jpg\"><img loading=\"lazy\" decoding=\"async\" class=\"size-medium wp-image-30883595\" src=\"https:\/\/www.upo.es\/diario\/wp-content\/uploads\/2024\/10\/premios_igualdad02-420x280.jpg\" alt=\"De izquierda a derecha, Mar\u00eda Losada, M\u00f3nica Dom\u00ednguez y Marian Losada.\" width=\"420\" height=\"280\" srcset=\"https:\/\/www.upo.es\/diario\/wp-content\/uploads\/2024\/10\/premios_igualdad02-420x280.jpg 420w, https:\/\/www.upo.es\/diario\/wp-content\/uploads\/2024\/10\/premios_igualdad02-750x500.jpg 750w, https:\/\/www.upo.es\/diario\/wp-content\/uploads\/2024\/10\/premios_igualdad02-768x512.jpg 768w, https:\/\/www.upo.es\/diario\/wp-content\/uploads\/2024\/10\/premios_igualdad02-1536x1024.jpg 1536w, https:\/\/www.upo.es\/diario\/wp-content\/uploads\/2024\/10\/premios_igualdad02-2048x1365.jpg 2048w, https:\/\/www.upo.es\/diario\/wp-content\/uploads\/2024\/10\/premios_igualdad02-165x109.jpg 165w, https:\/\/www.upo.es\/diario\/wp-content\/uploads\/2024\/10\/premios_igualdad02-1320x880.jpg 1320w\" sizes=\"auto, (max-width: 420px) 100vw, 420px\" \/><\/a><figcaption id=\"caption-attachment-30883595\" class=\"wp-caption-text\">De izquierda a derecha, Mar\u00eda Losada, M\u00f3nica Dom\u00ednguez y Marian Losada.<\/figcaption><\/figure>\n<p>Egresada de la Facultad de Humanidades, <strong>Mar\u00eda Jim\u00e9nez Vera <\/strong>ha sido galardonada por su Trabajo Fin de Grado <strong>\u2018Mujeres, poder y representaci\u00f3n. Los casos de Juana I de Castilla y Catalina de Arag\u00f3n\u2019<\/strong>, tutorizado por la profesora <strong>Natalia Maillard \u00c1lvarez<\/strong>. Premiado con 600 euros, el jurado ha destacado \u201cel buen desarrollo e inter\u00e9s del estudio, que analiza las vidas de Juana I de Castilla y Catalina de Arag\u00f3n como sujeto, tratando de desmontar los estereotipos de g\u00e9nero que han contaminado su imagen hist\u00f3rica\u201d El acta tambi\u00e9n resalta c\u00f3mo el texto analiza la representaci\u00f3n de ambas en el arte, \u201clo que supone un valor a\u00f1adido a la investigaci\u00f3n\u201d.<\/p>\n<p>Por otro lado, <strong>Luc\u00eda Romero Hernes, <\/strong>quien ha cursado en la UPO el M\u00e1ster de G\u00e9nero e Igualdad, ha recibido 900 euros por su Trabajo Fin de <strong>M\u00e1ster \u2018G\u00e9nero, clase y desigualdades en salud. M\u00e1s all\u00e1 de qui\u00e9n tiene peor salud\u2019<\/strong>, tutorizado por el profesor <strong>Enrique Mart\u00edn Criado<\/strong>. El jurado ha valorado el excelente planteamiento de la investigaci\u00f3n \u201ccon perspectiva feminista indiscutible, que incorpora la interseccionalidad como elemento de an\u00e1lisis clave y que evidencia discriminaciones de g\u00e9nero sist\u00e9micas. De gran relevancia como elemento de apoyo para la transformaci\u00f3n de las pol\u00edticas p\u00fablicas de salud de un modo completo y no discriminatorio\u201d.<\/p>\n<p>Adem\u00e1s, el jurado ha concedido un acc\u00e9sit al TFG de <strong>Alba Rodr\u00edguez Conejero<\/strong>, egresada de la Facultad de Humanidades, titulado <strong>\u2018An\u00e1lisis del paisaje ling\u00fc\u00edstico del casco antiguo de Sevilla y Triana (casco hist\u00f3rico) con perspectiva de g\u00e9nero\u2019<\/strong> tutorizado por <strong>Mercedes de la Torre Garc\u00eda<\/strong>. El jurado destaca este \u201ctrabajo innovador que contribuye a visibilizar la sensibilidad social en relaci\u00f3n a la igualdad y la violencia de g\u00e9nero desde el lenguaje urbano. Evidencia la apropiaci\u00f3n del espacio p\u00fablico tambi\u00e9n a trav\u00e9s del paisaje ling\u00fc\u00edstico callejero por parte del patriarcado\u201d.<\/p>\n<p>M\u00f3nica Dom\u00ednguez se\u00f1ala la dificultad de tomar la decisi\u00f3n de elegir a los trabajos ganadores \u201cporque se han recibido investigaciones y proyectos innovadores y originales tanto en tem\u00e1tica como en metodolog\u00eda, relevantes a nivel cient\u00edfico y cultural, que han integrado el g\u00e9nero como categor\u00eda anal\u00edtica y que, de distintas maneras, han reconocido y visibilizado el papel de las mujeres\u201d.<\/p>\n<h3><strong>Compromiso con la promoci\u00f3n de la igualdad<\/strong><\/h3>\n<p>Estos galardones, gestionados por la <strong>Oficina para la Igualdad de la UPO<\/strong>, tienen como objetivo promover el conocimiento que contribuya a la igualdad real entre mujeres y hombres y el reconocimiento de la diversidad sexual y de g\u00e9nero en la construcci\u00f3n de una sociedad justa e igualitaria, que debe ser la tem\u00e1tica abordada por los trabajos.<\/p>\n<p>Para participar en esta convocatoria, las personas interesadas deben haber estado matriculadas en la Universidad Pablo de Olavide durante el curso anterior o haber presentado en ella su Trabajo Fin de Grado o Fin de M\u00e1ster, cuya valoraci\u00f3n debe ser, al menos, de \u2018Sobresaliente\u2019. La Comisi\u00f3n de Evaluaci\u00f3n se rige para la valoraci\u00f3n de los trabajos por criterios como la incorporaci\u00f3n del g\u00e9nero como categor\u00eda de an\u00e1lisis; el inter\u00e9s cient\u00edfico, social y cultural del tema; el reconocimiento efectivo y visibilizaci\u00f3n de las mujeres; la contribuci\u00f3n a la igualdad real entre mujeres y hombres; las masculinidades positivas; la libertad del colectivo LGTBI+; y la originalidad en la tem\u00e1tica y los m\u00e9todos de an\u00e1lisis.<\/p>\n<p><a data-flickr-embed=\"true\" data-header=\"true\" href=\"https:\/\/www.flickr.com\/photos\/pablodeolavide\/albums\/72177720320804323\" title=\"VI edici\u00f3n de los Premios a Mejor TFG y Mejor TFM en Estudios de G\u00e9nero e Igualdad\"><img loading=\"lazy\" decoding=\"async\" src=\"https:\/\/live.staticflickr.com\/65535\/54037668900_81634e0ab8_z.jpg\" width=\"640\" height=\"480\" alt=\"VI edici\u00f3n de los Premios a Mejor TFG y Mejor TFM en Estudios de G\u00e9nero e Igualdad\"\/><\/a><script async src=\"\/\/embedr.flickr.com\/assets\/client-code.js\" charset=\"utf-8\"><\/script><\/p>\n","protected":false},"excerpt":{"rendered":"<p>Un trabajo que analiza las vidas de Juana I de Castilla y Catalina de Arag\u00f3n y un estudio sobre g\u00e9nero, clase y desigualdades en salud, ganadores de la VI edici\u00f3n de unos Premios creados con el objetivo de impulsar la perspectiva de g\u00e9nero y la cultura de la igualdad en la docencia y la investigaci\u00f3n universitarias.<\/p>\n","protected":false},"author":2,"featured_media":30883594,"comment_status":"closed","ping_status":"open","sticky":false,"template":"","format":"standard","meta":{"_monsterinsights_skip_tracking":false,"_monsterinsights_sitenote_active":false,"_monsterinsights_sitenote_note":"","_monsterinsights_sitenote_category":0,"footnotes":""},"categories":[5842],"tags":[7412,517,5883,56,6244,3650,5873],"class_list":["post-30883592","post","type-post","status-publish","format-standard","has-post-thumbnail","hentry","category-comunidad","tag-delegacion-del-rector-para-la-igualdad-de-genero","tag-igualdad","tag-igualdad-de-genero","tag-investigacion","tag-perspectiva-de-genero","tag-tfg","tag-tfm"],"_links":{"self":[{"href":"https:\/\/www.upo.es\/diario\/wp-json\/wp\/v2\/posts\/30883592","targetHints":{"allow":["GET"]}}],"collection":[{"href":"https:\/\/www.upo.es\/diario\/wp-json\/wp\/v2\/posts"}],"about":[{"href":"https:\/\/www.upo.es\/diario\/wp-json\/wp\/v2\/types\/post"}],"author":[{"embeddable":true,"href":"https:\/\/www.upo.es\/diario\/wp-json\/wp\/v2\/users\/2"}],"replies":[{"embeddable":true,"href":"https:\/\/www.upo.es\/diario\/wp-json\/wp\/v2\/comments?post=30883592"}],"version-history":[{"count":4,"href":"https:\/\/www.upo.es\/diario\/wp-json\/wp\/v2\/posts\/30883592\/revisions"}],"predecessor-version":[{"id":30883598,"href":"https:\/\/www.upo.es\/diario\/wp-json\/wp\/v2\/posts\/30883592\/revisions\/30883598"}],"wp:featuredmedia":[{"embeddable":true,"href":"https:\/\/www.upo.es\/diario\/wp-json\/wp\/v2\/media\/30883594"}],"wp:attachment":[{"href":"https:\/\/www.upo.es\/diario\/wp-json\/wp\/v2\/media?parent=30883592"}],"wp:term":[{"taxonomy":"category","embeddable":true,"href":"https:\/\/www.upo.es\/diario\/wp-json\/wp\/v2\/categories?post=30883592"},{"taxonomy":"post_tag","embeddable":true,"href":"https:\/\/www.upo.es\/diario\/wp-json\/wp\/v2\/tags?post=30883592"}],"curies":[{"name":"wp","href":"https:\/\/api.w.org\/{rel}","templated":true}]}}