{"id":30883605,"date":"2024-10-02T23:45:08","date_gmt":"2024-10-02T21:45:08","guid":{"rendered":"https:\/\/www.upo.es\/diario\/?p=30883605"},"modified":"2024-10-03T09:48:28","modified_gmt":"2024-10-03T07:48:28","slug":"reflexiones-sobre-el-ejercicio-simultaneo-en-la-sanidad-publica-y-privada-de-los-medicos-espanoles","status":"publish","type":"post","link":"https:\/\/www.upo.es\/diario\/theconversation\/2024\/10\/reflexiones-sobre-el-ejercicio-simultaneo-en-la-sanidad-publica-y-privada-de-los-medicos-espanoles\/","title":{"rendered":"Reflexiones sobre el ejercicio simult\u00e1neo en la sanidad p\u00fablica y privada de los m\u00e9dicos\u00a0espa\u00f1oles"},"content":{"rendered":"<figure id=\"attachment_30883606\" aria-describedby=\"caption-attachment-30883606\" style=\"width: 750px\" class=\"wp-caption aligncenter\"><a href=\"https:\/\/theconversation.com\/profiles\/ariadna-garcia-prado-1378598\"><img loading=\"lazy\" decoding=\"async\" class=\"wp-image-30883606 size-large\" src=\"https:\/\/www.upo.es\/diario\/wp-content\/uploads\/2024\/10\/TC_20241002-750x422.jpg\" alt=\"Una paciente es atendida por un m\u00e9dico en su consulta de atenci\u00f3n primaria\" width=\"750\" height=\"422\" srcset=\"https:\/\/www.upo.es\/diario\/wp-content\/uploads\/2024\/10\/TC_20241002-750x422.jpg 750w, https:\/\/www.upo.es\/diario\/wp-content\/uploads\/2024\/10\/TC_20241002-420x236.jpg 420w, https:\/\/www.upo.es\/diario\/wp-content\/uploads\/2024\/10\/TC_20241002-768x432.jpg 768w, https:\/\/www.upo.es\/diario\/wp-content\/uploads\/2024\/10\/TC_20241002-1536x864.jpg 1536w, https:\/\/www.upo.es\/diario\/wp-content\/uploads\/2024\/10\/TC_20241002-1320x743.jpg 1320w, https:\/\/www.upo.es\/diario\/wp-content\/uploads\/2024\/10\/TC_20241002.jpg 1920w\" sizes=\"auto, (max-width: 750px) 100vw, 750px\" \/><\/a><figcaption id=\"caption-attachment-30883606\" class=\"wp-caption-text\">Imagen: DC Studio\/Shutterstock<\/figcaption><\/figure>\n<p><a href=\"https:\/\/theconversation.com\/profiles\/ariadna-garcia-prado-1378598\">Ariadna Garcia-Prado<\/a>, <em><a href=\"https:\/\/theconversation.com\/institutions\/universidad-publica-de-navarra-3486\">Universidad P\u00fablica de Navarra<\/a><\/em> y <a href=\"https:\/\/theconversation.com\/profiles\/paula-gonzalez-1387248\">Paula Gonz\u00e1lez<\/a>, <em><a href=\"https:\/\/theconversation.com\/institutions\/universidad-pablo-de-olavide-1362\">Universidad Pablo de Olavide<\/a><\/em><\/p>\n<p>El sistema sanitario espa\u00f1ol, considerado s\u00f3lido y confiable en el pasado, se ha convertido en <a href=\"https:\/\/gacetasanitaria.org\/es-la-practica-dual-publico-privada-sanidad-articulo-S0213911124000268\">una fuente de preocupaci\u00f3n para los ciudadanos<\/a>.<\/p>\n<figure class=\"align-center zoomable\">\n<p><figure style=\"width: 600px\" class=\"wp-caption aligncenter\"><a href=\"https:\/\/images.theconversation.com\/files\/620852\/original\/file-20240922-18-91l0dr.png?ixlib=rb-4.1.0&amp;q=45&amp;auto=format&amp;w=1000&amp;fit=clip\"><img loading=\"lazy\" decoding=\"async\" src=\"https:\/\/images.theconversation.com\/files\/620852\/original\/file-20240922-18-91l0dr.png?ixlib=rb-4.1.0&amp;q=45&amp;auto=format&amp;w=754&amp;fit=clip\" sizes=\"auto, (min-width: 1466px) 754px, (max-width: 599px) 100vw, (min-width: 600px) 600px, 237px\" srcset=\"https:\/\/images.theconversation.com\/files\/620852\/original\/file-20240922-18-91l0dr.png?ixlib=rb-4.1.0&amp;q=45&amp;auto=format&amp;w=600&amp;h=243&amp;fit=crop&amp;dpr=1 600w, https:\/\/images.theconversation.com\/files\/620852\/original\/file-20240922-18-91l0dr.png?ixlib=rb-4.1.0&amp;q=30&amp;auto=format&amp;w=600&amp;h=243&amp;fit=crop&amp;dpr=2 1200w, https:\/\/images.theconversation.com\/files\/620852\/original\/file-20240922-18-91l0dr.png?ixlib=rb-4.1.0&amp;q=15&amp;auto=format&amp;w=600&amp;h=243&amp;fit=crop&amp;dpr=3 1800w, https:\/\/images.theconversation.com\/files\/620852\/original\/file-20240922-18-91l0dr.png?ixlib=rb-4.1.0&amp;q=45&amp;auto=format&amp;w=754&amp;h=305&amp;fit=crop&amp;dpr=1 754w, https:\/\/images.theconversation.com\/files\/620852\/original\/file-20240922-18-91l0dr.png?ixlib=rb-4.1.0&amp;q=30&amp;auto=format&amp;w=754&amp;h=305&amp;fit=crop&amp;dpr=2 1508w, https:\/\/images.theconversation.com\/files\/620852\/original\/file-20240922-18-91l0dr.png?ixlib=rb-4.1.0&amp;q=15&amp;auto=format&amp;w=754&amp;h=305&amp;fit=crop&amp;dpr=3 2262w\" alt=\"Evoluci\u00f3n de la valoraci\u00f3n del funcionamiento del sistema sanitario espa\u00f1ol entre 2012 y 2023 (sin datos durante la pandemia)\" width=\"600\" height=\"243\" \/><\/a><figcaption class=\"wp-caption-text\">Evoluci\u00f3n de la valoraci\u00f3n del funcionamiento del sistema sanitario espa\u00f1ol entre 2012 y 2023 (sin datos durante la pandemia). Fuente: Informe anual del Sistema Nacional de Salud 2023, Ministerio de Sanidad<\/figcaption><\/figure><\/figure>\n<p>Uno de los principales problemas actuales es la accesibilidad, <a href=\"https:\/\/efe.com\/salud\/2024-04-16\/bsanidad-listas-espera-operacion\/\">con largas listas de espera<\/a> que preocupan a la poblaci\u00f3n. Esto ha provocado el crecimiento de la sanidad privada, que atrae a quienes pueden pagarla, lo que genera una divisi\u00f3n preocupante entre los usuarios de la sanidad p\u00fablica y los de la privada.<\/p>\n<p>Pero la saturaci\u00f3n del sistema sanitario espa\u00f1ol tambi\u00e9n afecta a los profesionales sanitarios, que muestran s\u00edntomas de agotamiento o desgaste profesional (<em>burnout<\/em>). En huelgas y manifestaciones piden m\u00e1s tiempo para atender bien a sus pacientes y mejoras en sus condiciones laborales.<\/p>\n<h3>Un sistema sanitario en crisis<\/h3>\n<p>Aunque algunos atribuyen a la pandemia de COVID-19 el deterioro del sistema sanitario espa\u00f1ol, lo cierto es que esta crisis ya se ven\u00eda fraguando. Tras la crisis financiera de 2008 <a href=\"https:\/\/www.jstor.org\/stable\/45286975\">el gasto p\u00fablico en salud en Espa\u00f1a sufri\u00f3 recortes<\/a>, debilitando la oferta de servicios m\u00e9dicos. Pese a que a partir de 2014 la inversi\u00f3n comenz\u00f3 a recuperarse, para cuando lleg\u00f3 la pandemia todav\u00eda no se hab\u00eda alcanzado el nivel de inversi\u00f3n previo a la crisis.<\/p>\n<p>Adem\u00e1s, el sistema ha venido afrontando problemas de gesti\u00f3n, eficiencia, falta de flexibilidad y deterioro de la calidad, que debieron ser atendidos en su momento pero que, sin embargo, se fueron posponiendo.<\/p>\n<p>Si a los recortes se suman la escalada de costes <a href=\"https:\/\/envejecimientoenred.csic.es\/wp-content\/uploads\/2023\/10\/enred-indicadoresbasicos2023.pdf\">debido al envejecimiento de la poblaci\u00f3n<\/a> y el aumento de las enfermedades cr\u00f3nicas, el problema se agrava.<\/p>\n<h3>Pr\u00e1ctica m\u00e9dica dual<\/h3>\n<p>Uno de los temas que lleva a\u00f1os en el punto de mira es la pr\u00e1ctica dual de los m\u00e9dicos, que trabajan tanto en el sistema sanitario p\u00fablico como en el privado.<\/p>\n<p>En 2017, amparados por la norma que regula las incompatibilidades del personal al servicio de las administraciones p\u00fablicas (<a href=\"https:\/\/www.boe.es\/buscar\/act.php?id=BOE-A-1985-151\">Ley 53\/1984<\/a>), m\u00e1s de 100\u00a0000 trabajadores sanitarios ten\u00edan m\u00e1s de un empleo en Espa\u00f1a.<\/p>\n<p>En un intento por frenar esta dualidad, las comunidades aut\u00f3nomas ofrecieron durante a\u00f1os un complemento salarial a los m\u00e9dicos que se comprometiesen a trabajar exclusivamente en el sector p\u00fablico. Sin embargo, esta medida no tuvo el impacto deseado y las cifras parecen indicar que uno de cada tres m\u00e9dicos sigue pluriempleado en Espa\u00f1a, porcentaje que var\u00eda seg\u00fan la especialidad o la regi\u00f3n.<\/p>\n<p>No obstante, en septiembre de 2024 sigue sin conocerse la cifra exacta de profesionales acreditados en la red p\u00fablica y privada, ya que el <a href=\"https:\/\/www.lamoncloa.gob.es\/serviciosdeprensa\/notasprensa\/sanidad14\/Paginas\/2022\/261022-registro-estatal-profesionales-sanitarios.aspx\">Registro Estatal de Profesionales Sanitarios<\/a>, aprobado por el <a href=\"https:\/\/www.boe.es\/eli\/es\/rdl\/2012\/04\/20\/16\/con\">Real Decreto Ley 16\/2012 de 20 de abril<\/a> sigue sin estar operativo.<\/p>\n<p>Lo que s\u00ed sabemos es que la red privada est\u00e1 demandando un n\u00famero creciente de profesionales sanitarios, m\u00e9dicos en particular, compitiendo con la retenci\u00f3n de talento en la red p\u00fablica. <a href=\"https:\/\/gacetasanitaria.org\/es-que-sabemos-que-deberiamos-saber-articulo-S021391112400013X\">El empleo privado de m\u00e9dicos especialistas<\/a> estaba en 2021 en torno al 30\u00a0% del total, con un incremento desde 2018 del 7\u00a0%, frente a la ca\u00edda del empleo p\u00fablico del 1,7\u00a0%.<\/p>\n<h3>\u00bfEs el dinero el principal motivo?<\/h3>\n<p>Aunque el argumento m\u00e1s com\u00fan para justificar la pr\u00e1ctica dual de los m\u00e9dicos es la necesidad de complementar los bajos ingresos p\u00fablicos, <a href=\"https:\/\/www.sciencedirect.com\/science\/article\/abs\/pii\/S0167629612001865?via%3Dihub\">los estudios acad\u00e9micos existentes<\/a> no muestran que las subidas salariales <a href=\"https:\/\/www.jstor.org\/stable\/45173039\">tengan un impacto directo<\/a> en la reducci\u00f3n de la oferta de trabajo en el sector privado.<\/p>\n<p>Si bien es cierto que los m\u00e9dicos en Espa\u00f1a consideran insuficiente su remuneraci\u00f3n, los salarios m\u00e9dicos en el sector p\u00fablico no son tan bajos en t\u00e9rminos absolutos. En 2022, los m\u00e9dicos especialistas en Espa\u00f1a ganaban, en promedio, <a href=\"https:\/\/stats.oecd.org\/index.aspx?queryid=30025\">80\u00a0000 euros brutos anuales<\/a>, una cifra casi tres veces mayor que el salario medio del pa\u00eds.<\/p>\n<p>Adem\u00e1s, si se ajustan los salarios por paridad de poder adquisitivo, las diferencias salariales con otros pa\u00edses de la OCDE no son tan grandes. Incluso los salarios en Espa\u00f1a <a href=\"https:\/\/stats.oecd.org\/index.aspx?queryid=30025\">son superiores<\/a> a los de pa\u00edses de su entorno como Francia o Portugal.<\/p>\n<p>As\u00ed pues, el atractivo del sector privado no se basa solo en la remuneraci\u00f3n econ\u00f3mica. Muchos m\u00e9dicos encuentran en el sector privado una mayor flexibilidad, mejores oportunidades de desarrollo profesional y una menor carga administrativa.<\/p>\n<p>Por otra parte, el sistema sanitario p\u00fablico <a href=\"https:\/\/www.amazon.com\/-\/es\/Jes%C3%BAs-Mar%C3%ADa-Fern%C3%A1ndez-D%C3%ADaz-ebook\/dp\/B0C9SHBK5K\">carece de modelos flexibles<\/a> de contrataci\u00f3n y movilidad del personal, y de ajuste de las jornadas laborales a las necesidades de su personal. Adem\u00e1s, no incentiva el desarrollo profesional ni fomenta la formaci\u00f3n continua y la innovaci\u00f3n, lo que desanima a los profesionales m\u00e1s cualificados.<\/p>\n<h3>\u00bfEs cuestionable simultanear empleos?<\/h3>\n<p>La simultaneidad de trabajos en el sector p\u00fablico y privado <a href=\"http:\/\/dx.doi.org\/10.1136\/bmj.h2299\">genera controversia<\/a>. Es evidente que permitir la pr\u00e1ctica dual puede contribuir a la retenci\u00f3n de los profesionales sanitarios en el sector p\u00fablico. Sin embargo, esa simultaneidad da lugar a largas jornadas laborales que pueden aumentar el riesgo de cometer errores m\u00e9dicos, lo que pone en peligro la seguridad de los pacientes.<\/p>\n<p>Esta pr\u00e1ctica tambi\u00e9n puede <a href=\"https:\/\/doi.org\/10.1215\/03616878-1222721\">afectar a la calidad de la atenci\u00f3n<\/a> en el sector p\u00fablico. Los m\u00e9dicos que trabajan en ambos sectores pueden verse tentados a eludir sus responsabilidades en el sistema p\u00fablico, lo que podr\u00eda resultar en tiempos de espera m\u00e1s largos y una menor calidad de atenci\u00f3n. Adem\u00e1s, existe el riesgo de que los m\u00e9dicos utilicen el sector p\u00fablico para derivar pacientes al privado, o viceversa, generando un conflicto de intereses.<\/p>\n<p>Si bien es cierto que no todos los m\u00e9dicos act\u00faan de esta manera ni son susceptibles de desarrollar pr\u00e1cticas inapropiadas que puedan perjudicar al paciente, <a href=\"https:\/\/psycnet.apa.org\/doi\/10.1007\/978-1-4613-4446-9\">es un riesgo a tener en cuenta<\/a> y que tiene que ver con la \u00e9tica profesional.<\/p>\n<h3>Una reforma integral<\/h3>\n<p>Detr\u00e1s de la controversia en torno a la pr\u00e1ctica dual en el sistema sanitario espa\u00f1ol se encuentra <a href=\"https:\/\/health.ec.europa.eu\/system\/files\/2021-12\/2021_chp_es_spanish.pdf\">un problema organizativo m\u00e1s profundo<\/a> que es necesario abordar.<\/p>\n<p>Aunque la eliminaci\u00f3n de la cl\u00e1usula de exclusividad puede mejorar la motivaci\u00f3n de los m\u00e9dicos, el <em>burnout<\/em> no tiene su ra\u00edz \u00fanicamente en factores econ\u00f3micos. Tampoco esa medida garantiza por s\u00ed sola una mejora en la eficiencia ni en la calidad del servicio.<\/p>\n<p>Lo que realmente se necesita es una reforma integral de la administraci\u00f3n p\u00fablica, que ofrezca una mayor flexibilidad en la gesti\u00f3n del personal y fomente la innovaci\u00f3n y el desarrollo profesional. Estos cambios no solo ayudar\u00edan a mejorar la calidad y la eficiencia, sino tambi\u00e9n a retener el talento.<\/p>\n<p>Tal reforma no debe excluir al sector privado. Al contrario, es importante mantener una colaboraci\u00f3n p\u00fablico-privada, siempre bajo la premisa de salvaguardar la calidad de la atenci\u00f3n m\u00e9dica y la equidad en la atenci\u00f3n sanitaria.<\/p>\n<hr \/>\n<p><em>Este art\u00edculo est\u00e1 basado en la contribuci\u00f3n de las autoras al informe SESPAS 2024, publicado en Gaceta Sanitaria y disponible <a href=\"https:\/\/gacetasanitaria.org\/es-la-practica-dual-publico-privada-sanidad-articulo-S0213911124000268\">aqu\u00ed<\/a>.<\/em><\/p>\n<p><a href=\"https:\/\/theconversation.com\/profiles\/ariadna-garcia-prado-1378598\">Ariadna Garcia-Prado<\/a>, Profesora Titular del Departamento de Econom\u00eda (UPNA): Econom\u00eda de la Salud; Econom\u00eda de la Pobreza; Econom\u00eda del Comportamiento, <em><a href=\"https:\/\/theconversation.com\/institutions\/universidad-publica-de-navarra-3486\">Universidad P\u00fablica de Navarra<\/a><\/em> y <a href=\"https:\/\/theconversation.com\/profiles\/paula-gonzalez-1387248\">Paula Gonz\u00e1lez<\/a>, Catedr\u00e1tica de Econom\u00eda, <em><a href=\"https:\/\/theconversation.com\/institutions\/universidad-pablo-de-olavide-1362\">Universidad Pablo de Olavide<\/a><\/em><\/p>\n<p>Este art\u00edculo fue publicado originalmente en <a href=\"https:\/\/theconversation.com\">The Conversation<\/a>. Lea el <a href=\"https:\/\/theconversation.com\/reflexiones-sobre-el-ejercicio-simultaneo-en-la-sanidad-publica-y-privada-de-los-medicos-espanoles-233067\">original<\/a>.<\/p>\n<p><img loading=\"lazy\" decoding=\"async\" style=\"border: none !important; box-shadow: none !important; margin: 0 !important; max-height: 1px !important; max-width: 1px !important; min-height: 1px !important; min-width: 1px !important; opacity: 0 !important; outline: none !important; padding: 0 !important;\" src=\"https:\/\/counter.theconversation.com\/content\/233067\/count.gif?distributor=republish-lightbox-advanced\" alt=\"The Conversation\" width=\"1\" height=\"1\" \/><\/p>\n","protected":false},"excerpt":{"rendered":"<p>Ariadna Garcia-Prado, Universidad P\u00fablica de Navarra y Paula Gonz\u00e1lez, Universidad Pablo de Olavide El sistema sanitario espa\u00f1ol, considerado s\u00f3lido y confiable en el pasado, se ha convertido en una fuente de preocupaci\u00f3n para los ciudadanos. Uno de los principales problemas actuales es la accesibilidad, con largas listas de espera que preocupan a la poblaci\u00f3n. Esto ha provocado el crecimiento de<a class=\"read-more\" href=\"https:\/\/www.upo.es\/diario\/theconversation\/2024\/10\/reflexiones-sobre-el-ejercicio-simultaneo-en-la-sanidad-publica-y-privada-de-los-medicos-espanoles\/\">[Read More&#8230;]<\/a><\/p>\n","protected":false},"author":6,"featured_media":30883606,"comment_status":"closed","ping_status":"open","sticky":false,"template":"","format":"standard","meta":{"_monsterinsights_skip_tracking":false,"_monsterinsights_sitenote_active":false,"_monsterinsights_sitenote_note":"","_monsterinsights_sitenote_category":0,"footnotes":""},"categories":[5390],"tags":[874,245,218,1271,1046],"class_list":["post-30883605","post","type-post","status-publish","format-standard","has-post-thumbnail","hentry","category-theconversation","tag-financiacion","tag-medicina","tag-salud","tag-salud-publica","tag-servicios-sociales"],"_links":{"self":[{"href":"https:\/\/www.upo.es\/diario\/wp-json\/wp\/v2\/posts\/30883605","targetHints":{"allow":["GET"]}}],"collection":[{"href":"https:\/\/www.upo.es\/diario\/wp-json\/wp\/v2\/posts"}],"about":[{"href":"https:\/\/www.upo.es\/diario\/wp-json\/wp\/v2\/types\/post"}],"author":[{"embeddable":true,"href":"https:\/\/www.upo.es\/diario\/wp-json\/wp\/v2\/users\/6"}],"replies":[{"embeddable":true,"href":"https:\/\/www.upo.es\/diario\/wp-json\/wp\/v2\/comments?post=30883605"}],"version-history":[{"count":1,"href":"https:\/\/www.upo.es\/diario\/wp-json\/wp\/v2\/posts\/30883605\/revisions"}],"predecessor-version":[{"id":30883607,"href":"https:\/\/www.upo.es\/diario\/wp-json\/wp\/v2\/posts\/30883605\/revisions\/30883607"}],"wp:featuredmedia":[{"embeddable":true,"href":"https:\/\/www.upo.es\/diario\/wp-json\/wp\/v2\/media\/30883606"}],"wp:attachment":[{"href":"https:\/\/www.upo.es\/diario\/wp-json\/wp\/v2\/media?parent=30883605"}],"wp:term":[{"taxonomy":"category","embeddable":true,"href":"https:\/\/www.upo.es\/diario\/wp-json\/wp\/v2\/categories?post=30883605"},{"taxonomy":"post_tag","embeddable":true,"href":"https:\/\/www.upo.es\/diario\/wp-json\/wp\/v2\/tags?post=30883605"}],"curies":[{"name":"wp","href":"https:\/\/api.w.org\/{rel}","templated":true}]}}