{"id":30883611,"date":"2024-10-03T11:50:57","date_gmt":"2024-10-03T09:50:57","guid":{"rendered":"https:\/\/www.upo.es\/diario\/?p=30883611"},"modified":"2024-10-03T16:43:45","modified_gmt":"2024-10-03T14:43:45","slug":"desigualdad-social-y-segregacion-residencial-en-ciudades-del-sur-de-europa-tema-central-de-un-workshop-en-la-upo","status":"publish","type":"post","link":"https:\/\/www.upo.es\/diario\/docencia-formacion\/2024\/10\/desigualdad-social-y-segregacion-residencial-en-ciudades-del-sur-de-europa-tema-central-de-un-workshop-en-la-upo\/","title":{"rendered":"Desigualdad social y segregaci\u00f3n residencial en ciudades del sur de Europa, tema central de un workshop en la UPO"},"content":{"rendered":"<figure id=\"attachment_30883612\" aria-describedby=\"caption-attachment-30883612\" style=\"width: 750px\" class=\"wp-caption aligncenter\"><a href=\"https:\/\/www.upo.es\/diario\/wp-content\/uploads\/2024\/10\/workshop_desigualdades_02-scaled.jpg\"><img loading=\"lazy\" decoding=\"async\" class=\"size-large wp-image-30883612\" src=\"https:\/\/www.upo.es\/diario\/wp-content\/uploads\/2024\/10\/workshop_desigualdades_02-750x500.jpg\" alt=\"Foto de grupo de los y las participantes del workshop. \" width=\"750\" height=\"500\" srcset=\"https:\/\/www.upo.es\/diario\/wp-content\/uploads\/2024\/10\/workshop_desigualdades_02-750x500.jpg 750w, https:\/\/www.upo.es\/diario\/wp-content\/uploads\/2024\/10\/workshop_desigualdades_02-420x280.jpg 420w, https:\/\/www.upo.es\/diario\/wp-content\/uploads\/2024\/10\/workshop_desigualdades_02-768x512.jpg 768w, https:\/\/www.upo.es\/diario\/wp-content\/uploads\/2024\/10\/workshop_desigualdades_02-1536x1024.jpg 1536w, https:\/\/www.upo.es\/diario\/wp-content\/uploads\/2024\/10\/workshop_desigualdades_02-2048x1365.jpg 2048w, https:\/\/www.upo.es\/diario\/wp-content\/uploads\/2024\/10\/workshop_desigualdades_02-165x109.jpg 165w, https:\/\/www.upo.es\/diario\/wp-content\/uploads\/2024\/10\/workshop_desigualdades_02-1320x880.jpg 1320w\" sizes=\"auto, (max-width: 750px) 100vw, 750px\" \/><\/a><figcaption id=\"caption-attachment-30883612\" class=\"wp-caption-text\">Foto de grupo de los y las participantes del workshop.<\/figcaption><\/figure>\n<p>Con el objetivo de analizar las principales din\u00e1micas de vulnerabilidad social y su dimensi\u00f3n espacial en las ciudades del sur de Europa, la Universidad Pablo de Olavide celebra hoy jueves 3 y ma\u00f1ana viernes 4 de octubre el <strong>workshop internacional \u2018<em>Social inequalities and residential segregation in the South European Urban Areas. Current trends, challenges, and public policy options<\/em>\u2019, <\/strong>un evento organizado por<strong> Marian Huete <\/strong>profesora del Departamento de Sociolog\u00eda de la UPO;<strong>\u00a0Ricardo Iglesias-Pascual, <\/strong>profesor del Departamento de Geograf\u00eda, Historia y Filosof\u00eda de esta universidad, junto a<strong> Federico Benassi, <\/strong>profesor de la Universidad Federico II de N\u00e1poles.<\/p>\n<figure id=\"attachment_30883613\" aria-describedby=\"caption-attachment-30883613\" style=\"width: 420px\" class=\"wp-caption alignright\"><a href=\"https:\/\/www.upo.es\/diario\/wp-content\/uploads\/2024\/10\/workshop_desigualdades_01-scaled.jpg\"><img loading=\"lazy\" decoding=\"async\" class=\"size-medium wp-image-30883613\" src=\"https:\/\/www.upo.es\/diario\/wp-content\/uploads\/2024\/10\/workshop_desigualdades_01-420x280.jpg\" alt=\"Investigadores e investigadoras se dan cita en la UPO los d\u00edas 3 y 4 de octubre.\" width=\"420\" height=\"280\" srcset=\"https:\/\/www.upo.es\/diario\/wp-content\/uploads\/2024\/10\/workshop_desigualdades_01-420x280.jpg 420w, https:\/\/www.upo.es\/diario\/wp-content\/uploads\/2024\/10\/workshop_desigualdades_01-750x500.jpg 750w, https:\/\/www.upo.es\/diario\/wp-content\/uploads\/2024\/10\/workshop_desigualdades_01-768x512.jpg 768w, https:\/\/www.upo.es\/diario\/wp-content\/uploads\/2024\/10\/workshop_desigualdades_01-1536x1024.jpg 1536w, https:\/\/www.upo.es\/diario\/wp-content\/uploads\/2024\/10\/workshop_desigualdades_01-2048x1365.jpg 2048w, https:\/\/www.upo.es\/diario\/wp-content\/uploads\/2024\/10\/workshop_desigualdades_01-165x109.jpg 165w, https:\/\/www.upo.es\/diario\/wp-content\/uploads\/2024\/10\/workshop_desigualdades_01-1320x880.jpg 1320w\" sizes=\"auto, (max-width: 420px) 100vw, 420px\" \/><\/a><figcaption id=\"caption-attachment-30883613\" class=\"wp-caption-text\">Investigadores e investigadoras se dan cita en la UPO los d\u00edas 3 y 4 de octubre.<\/figcaption><\/figure>\n<p>El encuentro, en el que participan m\u00e1s de 20 investigadores e investigadoras procedentes de Portugal, Polonia, Grecia, Italia y Espa\u00f1a, pertenecientes a 6 universidades espa\u00f1olas y 11 europeas, estudiar\u00e1 adem\u00e1s las diferentes pol\u00edticas que se est\u00e1n llevando a cabo para abordar estos retos sociales y territoriales en la ciudad.<\/p>\n<p>Din\u00e1micas de segregaci\u00f3n social y residencial, ciudad dual, espacios disruptivos en la ciudad, migraciones, el papel de la agenda urbana y las pol\u00edticas p\u00fablicas, son algunos de los temas que ser\u00e1n tratados en las distintas conferencias y mesas redondas estructuradas en torno a tres l\u00edneas principales: desigualdad, segregaci\u00f3n social y mercado residencial; espacios disruptivos e invisibilidad social en la ciudad dual; y la respuesta p\u00fablica e instrumentos pol\u00edticos.<\/p>\n<p>Enmarcado dentro del <strong>proyecto I+D+I DINAMET II <\/strong>(PID2022-139429OB-I00) y en el <strong>proyecto &#8216;<em>Foreign population and territory: integration processes, demographic imbalances, challenges and opportunities for the social and economic sustainability of the different local contexts<\/em><\/strong>&#8216; (For. Pop. Ter) (P2022WNLM7), este encuentro se plantea como un foro de colaboraci\u00f3n permanente para futuras colaboraciones y proyectos centrados en el sur de Europa.<\/p>\n<p>Cuenta con el patrocinio de la revista <a href=\"https:\/\/journals.sagepub.com\/page\/eur\/socialinequalities\">European Urban and Regional Studies<\/a> (JCR Q1), publicaci\u00f3n del primer cuartil del <em>Jornal Citation Report<\/em>, que posteriormente publicar\u00e1 un n\u00famero monogr\u00e1fico con las aportaciones m\u00e1s interesantes que superen el proceso de revisi\u00f3n por pares.<\/p>\n<h3><strong>M\u00e1s informaci\u00f3n:<\/strong><\/h3>\n<p><a href=\"https:\/\/www.age-geografia.es\/site\/wp-content\/uploads\/2024\/09\/EURS-WORKSHOP.final-programme-1.pdf\">Enlace al programa completo<\/a><\/p>\n","protected":false},"excerpt":{"rendered":"<p>Con el objetivo de analizar las principales din\u00e1micas de vulnerabilidad social y su dimensi\u00f3n espacial en las ciudades del sur de Europa, la Universidad Pablo de Olavide celebra hoy jueves 3 y ma\u00f1ana viernes 4 de octubre el workshop internacional \u2018Social inequalities and residential segregation in the South European Urban Areas. Current trends, challenges, and public policy options\u2019, un evento organizado por Marian Huete y Ricardo Iglesias-Pascual, profesores del Departamento de Sociolog\u00eda de la UPO, junto a Federico Benassi, profesor de la Universidad Federico II de N\u00e1poles.<\/p>\n","protected":false},"author":2,"featured_media":30883612,"comment_status":"closed","ping_status":"open","sticky":false,"template":"","format":"standard","meta":{"_monsterinsights_skip_tracking":false,"_monsterinsights_sitenote_active":false,"_monsterinsights_sitenote_note":"","_monsterinsights_sitenote_category":0,"footnotes":""},"categories":[2779],"tags":[4955,1450,454,8947,1170,8948,8946,8945,5837],"class_list":["post-30883611","post","type-post","status-publish","format-standard","has-post-thumbnail","hentry","category-docencia-formacion","tag-agenda-urbana","tag-departamento-de-sociologia","tag-europa","tag-marian-huete","tag-politicas-publicas","tag-ricardo-iglesias-pascual","tag-segregacion-social","tag-vulnerabilidad-social","tag-workshop"],"_links":{"self":[{"href":"https:\/\/www.upo.es\/diario\/wp-json\/wp\/v2\/posts\/30883611","targetHints":{"allow":["GET"]}}],"collection":[{"href":"https:\/\/www.upo.es\/diario\/wp-json\/wp\/v2\/posts"}],"about":[{"href":"https:\/\/www.upo.es\/diario\/wp-json\/wp\/v2\/types\/post"}],"author":[{"embeddable":true,"href":"https:\/\/www.upo.es\/diario\/wp-json\/wp\/v2\/users\/2"}],"replies":[{"embeddable":true,"href":"https:\/\/www.upo.es\/diario\/wp-json\/wp\/v2\/comments?post=30883611"}],"version-history":[{"count":6,"href":"https:\/\/www.upo.es\/diario\/wp-json\/wp\/v2\/posts\/30883611\/revisions"}],"predecessor-version":[{"id":30883659,"href":"https:\/\/www.upo.es\/diario\/wp-json\/wp\/v2\/posts\/30883611\/revisions\/30883659"}],"wp:featuredmedia":[{"embeddable":true,"href":"https:\/\/www.upo.es\/diario\/wp-json\/wp\/v2\/media\/30883612"}],"wp:attachment":[{"href":"https:\/\/www.upo.es\/diario\/wp-json\/wp\/v2\/media?parent=30883611"}],"wp:term":[{"taxonomy":"category","embeddable":true,"href":"https:\/\/www.upo.es\/diario\/wp-json\/wp\/v2\/categories?post=30883611"},{"taxonomy":"post_tag","embeddable":true,"href":"https:\/\/www.upo.es\/diario\/wp-json\/wp\/v2\/tags?post=30883611"}],"curies":[{"name":"wp","href":"https:\/\/api.w.org\/{rel}","templated":true}]}}